{"id":54775,"date":"2021-03-13T21:14:10","date_gmt":"2021-03-14T00:14:10","guid":{"rendered":"http:\/\/blogdoeloiltoncajuhy.com.br\/site\/?p=54775"},"modified":"2021-03-13T21:40:03","modified_gmt":"2021-03-14T00:40:03","slug":"jovem-de-22-anos-e-assassinado-na-grande-gamboa-em-senhor-do-bonfim","status":"publish","type":"post","link":"https:\/\/blogdoeloiltoncajuhy.com.br\/site\/jovem-de-22-anos-e-assassinado-na-grande-gamboa-em-senhor-do-bonfim\/","title":{"rendered":"Jovem de 22 anos \u00e9 assassinado na Grande Gamboa em Senhor do Bonfim"},"content":{"rendered":"\n<div class=\"wp-block-image\"><figure class=\"aligncenter size-large\"><a href=\"https:\/\/i0.wp.com\/blogdoeloiltoncajuhy.com.br\/site\/wp-content\/uploads\/2021\/03\/Policia-RamonOliveira.png\"><img data-recalc-dims=\"1\" fetchpriority=\"high\" decoding=\"async\" width=\"540\" height=\"749\" src=\"https:\/\/i0.wp.com\/blogdoeloiltoncajuhy.com.br\/site\/wp-content\/uploads\/2021\/03\/Policia-RamonOliveira.png?resize=540%2C749\" alt=\"\" class=\"wp-image-54777\" srcset=\"https:\/\/i0.wp.com\/blogdoeloiltoncajuhy.com.br\/site\/wp-content\/uploads\/2021\/03\/Policia-RamonOliveira.png?w=540&amp;ssl=1 540w, https:\/\/i0.wp.com\/blogdoeloiltoncajuhy.com.br\/site\/wp-content\/uploads\/2021\/03\/Policia-RamonOliveira.png?resize=216%2C300&amp;ssl=1 216w\" sizes=\"(max-width: 540px) 100vw, 540px\" \/><\/a><figcaption><em>Foto: Redes Sociais<\/em><\/figcaption><\/figure><\/div>\n\n\n\n<p>Um homic\u00eddio foi registrado na tarde deste s\u00e1bado (13) em Senhor do Bonfim. Segundo informa\u00e7\u00f5es da pol\u00edcia, <strong>Ramon Oliveira da Silva<\/strong>, de 22 anos, residente no Residencial \u00c1guas Claras, foi executado com v\u00e1rios tiros quando estava em uma barbearia na Rua Engenheiro Silva Lima, na Grande Gamboa.<\/p>\n\n\n\n<p>Ramon, que iria completar 23 anos no pr\u00f3ximo dia 15 de abril, morreu na hora. O profissional que cortava o cabelo da v\u00edtima foi atingido na m\u00e3o com um dos tiros e precisou ser socorrido. O crime foi cometido por um homem que chegou ao local e saiu sem ser identificado.<\/p>\n\n\n\n<p>A Pol\u00edcia Militar esteve no local para registrar a ocorr\u00eancia e o Departamento de Pol\u00edcia T\u00e9cnica (DPT) de Senhor do Bonfim removeu o corpo para ser necropsiado e depois liberado para sepultamento.<\/p>\n\n\n\n<p>Segundo informa\u00e7\u00f5es chegadas \u00e0 nossa produ\u00e7\u00e3o, Ramon Oliveira j\u00e1 havia sofrido tr\u00eas tentativas de homic\u00eddio. O caso ser\u00e1 apurado na Delegacia de Pol\u00edcia de Senhor do Bonfim.<\/p>\n","protected":false},"excerpt":{"rendered":"<p>Um homic\u00eddio foi registrado na tarde deste s\u00e1bado (13) em Senhor do Bonfim. Segundo informa\u00e7\u00f5es da pol\u00edcia, Ramon Oliveira da Silva, de 22 anos, residente no Residencial \u00c1guas Claras, foi executado com v\u00e1rios tiros quando estava em uma barbearia na Rua Engenheiro Silva Lima, na Grande Gamboa. Ramon, que iria completar 23 anos no pr\u00f3ximo [&hellip;]<\/p>\n","protected":false},"author":2,"featured_media":54777,"comment_status":"open","ping_status":"open","sticky":false,"template":"","format":"standard","meta":{"_acf_changed":false,"_monsterinsights_skip_tracking":false,"_monsterinsights_sitenote_active":false,"_monsterinsights_sitenote_note":"","_monsterinsights_sitenote_category":0,"_jetpack_memberships_contains_paid_content":false,"footnotes":"","jetpack_publicize_message":"","jetpack_publicize_feature_enabled":true,"jetpack_social_post_already_shared":true,"jetpack_social_options":{"image_generator_settings":{"template":"highway","default_image_id":0,"font":"","enabled":false},"version":2}},"categories":[15],"tags":[],"class_list":["post-54775","post","type-post","status-publish","format-standard","has-post-thumbnail","hentry","category-policia"],"acf":[],"jetpack_publicize_connections":[],"jetpack_featured_media_url":"https:\/\/i0.wp.com\/blogdoeloiltoncajuhy.com.br\/site\/wp-content\/uploads\/2021\/03\/Policia-RamonOliveira.png?fit=540%2C749&ssl=1","jetpack_sharing_enabled":true,"publishpress_future_workflow_manual_trigger":{"enabledWorkflows":[]},"_links":{"self":[{"href":"https:\/\/blogdoeloiltoncajuhy.com.br\/site\/wp-json\/wp\/v2\/posts\/54775","targetHints":{"allow":["GET"]}}],"collection":[{"href":"https:\/\/blogdoeloiltoncajuhy.com.br\/site\/wp-json\/wp\/v2\/posts"}],"about":[{"href":"https:\/\/blogdoeloiltoncajuhy.com.br\/site\/wp-json\/wp\/v2\/types\/post"}],"author":[{"embeddable":true,"href":"https:\/\/blogdoeloiltoncajuhy.com.br\/site\/wp-json\/wp\/v2\/users\/2"}],"replies":[{"embeddable":true,"href":"https:\/\/blogdoeloiltoncajuhy.com.br\/site\/wp-json\/wp\/v2\/comments?post=54775"}],"version-history":[{"count":3,"href":"https:\/\/blogdoeloiltoncajuhy.com.br\/site\/wp-json\/wp\/v2\/posts\/54775\/revisions"}],"predecessor-version":[{"id":54781,"href":"https:\/\/blogdoeloiltoncajuhy.com.br\/site\/wp-json\/wp\/v2\/posts\/54775\/revisions\/54781"}],"wp:featuredmedia":[{"embeddable":true,"href":"https:\/\/blogdoeloiltoncajuhy.com.br\/site\/wp-json\/wp\/v2\/media\/54777"}],"wp:attachment":[{"href":"https:\/\/blogdoeloiltoncajuhy.com.br\/site\/wp-json\/wp\/v2\/media?parent=54775"}],"wp:term":[{"taxonomy":"category","embeddable":true,"href":"https:\/\/blogdoeloiltoncajuhy.com.br\/site\/wp-json\/wp\/v2\/categories?post=54775"},{"taxonomy":"post_tag","embeddable":true,"href":"https:\/\/blogdoeloiltoncajuhy.com.br\/site\/wp-json\/wp\/v2\/tags?post=54775"}],"curies":[{"name":"wp","href":"https:\/\/api.w.org\/{rel}","templated":true}]}}