{"id":54761,"date":"2021-03-13T09:50:08","date_gmt":"2021-03-13T12:50:08","guid":{"rendered":"http:\/\/blogdoeloiltoncajuhy.com.br\/site\/?p=54761"},"modified":"2021-03-13T09:50:09","modified_gmt":"2021-03-13T12:50:09","slug":"o-aeroporto-e-mais-uma-grande-conquista-dos-bonfinenses-atraves-do-nosso-governo-diz-ex-prefeito-carlos-brasileiro","status":"publish","type":"post","link":"https:\/\/blogdoeloiltoncajuhy.com.br\/site\/o-aeroporto-e-mais-uma-grande-conquista-dos-bonfinenses-atraves-do-nosso-governo-diz-ex-prefeito-carlos-brasileiro\/","title":{"rendered":"&#8220;O aeroporto \u00e9 mais uma grande conquista dos bonfinenses atrav\u00e9s do nosso governo&#8221;, diz ex-prefeito Carlos Brasileiro"},"content":{"rendered":"\n<div class=\"wp-block-image\"><figure class=\"aligncenter size-large\"><a href=\"https:\/\/i0.wp.com\/blogdoeloiltoncajuhy.com.br\/site\/wp-content\/uploads\/2021\/03\/Brasileiro-Aeroporto-2021-03-13.jpeg\"><img data-recalc-dims=\"1\" fetchpriority=\"high\" decoding=\"async\" width=\"720\" height=\"480\" src=\"https:\/\/i0.wp.com\/blogdoeloiltoncajuhy.com.br\/site\/wp-content\/uploads\/2021\/03\/Brasileiro-Aeroporto-2021-03-13.jpeg?resize=720%2C480\" alt=\"\" class=\"wp-image-54762\" srcset=\"https:\/\/i0.wp.com\/blogdoeloiltoncajuhy.com.br\/site\/wp-content\/uploads\/2021\/03\/Brasileiro-Aeroporto-2021-03-13.jpeg?w=720&amp;ssl=1 720w, https:\/\/i0.wp.com\/blogdoeloiltoncajuhy.com.br\/site\/wp-content\/uploads\/2021\/03\/Brasileiro-Aeroporto-2021-03-13.jpeg?resize=300%2C200&amp;ssl=1 300w\" sizes=\"(max-width: 720px) 100vw, 720px\" \/><\/a><\/figure><\/div>\n\n\n\n<p>Foi com grande alegria e sentimento de vit\u00f3ria que o ex-prefeito Carlos Brasileiro recebeu, nesta sexta-feira (12) o telefonema do governador Rui Costa informando da constru\u00e7\u00e3o da segunda parte do aeroporto de Bonfim. Brasileiro afirmou que quer dividir mais esta importante conquista com o seu ex-vice prefeito Z\u00e9 Antonio, toda equipe do seu governo e com todos os bonfinenses.<\/p>\n\n\n\n<p><em>&#8220;O aeroporto \u00e9 mais uma grande conquista dos bonfinenses obtida atrav\u00e9s do nosso governo. Portanto, divido essa alegria com todos&#8221;<\/em>, disse Carlos Brasileiro.<\/p>\n\n\n\n<p>O acesso ao novo aer\u00f3dromo de Senhor do Bonfim vai ser implantado. A Secretaria de Infraestrutura da Bahia (Seinfra) realizar\u00e1 os servi\u00e7os em um trecho de 3 quil\u00f4metros que liga a BA-373, conhecida como Estrada do Quic\u00e9, ao equipamento aerovi\u00e1rio, que est\u00e1 em constru\u00e7\u00e3o. O aviso de licita\u00e7\u00e3o da obra foi publicado no Di\u00e1rio Oficial do Estado (DOE) desta sexta-feira (12). A abertura dos envelopes com as propostas das empresas interessadas acontecer\u00e1 em 31 de mar\u00e7o.<\/p>\n\n\n\n<p>A implanta\u00e7\u00e3o da primeira etapa do aer\u00f3dromo de Senhor do Bonfim j\u00e1 se encontra em fase final. A pista de pouso e decolagem, o taxiway e o p\u00e1tio de estacionamento de aeronaves devem ser conclu\u00eddos em abril. A pr\u00f3xima fase ser\u00e1 a constru\u00e7\u00e3o do terminal de passageiros, a aquisi\u00e7\u00e3o dos equipamentos de aux\u00edlio a navega\u00e7\u00e3o a\u00e9rea e dos servi\u00e7os complementares. O processo licitat\u00f3rio est\u00e1 previsto para ser iniciado neste m\u00eas de mar\u00e7o.<\/p>\n\n\n\n<p>O secret\u00e1rio estadual de Infraestrutura, Marcus Cavalcanti, analisa a import\u00e2ncia do equipamento para a regi\u00e3o. <em>\u201cO munic\u00edpio de Senhor do Bonfim \u00e9 considerado um polo regional devido a extra\u00e7\u00e3o de min\u00e9rio e a agropecu\u00e1ria. O novo aer\u00f3dromo vai ajudar no desenvolvimento econ\u00f4mico local. Inicialmente, a opera\u00e7\u00e3o ser\u00e1 feita com aeronaves de m\u00e9dio e pequeno porte. Por\u00e9m, o projeto possibilita transform\u00e1-lo em um aeroporto que recebe voos regulares\u201d<\/em>, destaca Marcus.<\/p>\n","protected":false},"excerpt":{"rendered":"<p>Foi com grande alegria e sentimento de vit\u00f3ria que o ex-prefeito Carlos Brasileiro recebeu, nesta sexta-feira (12) o telefonema do governador Rui Costa informando da constru\u00e7\u00e3o da segunda parte do aeroporto de Bonfim. Brasileiro afirmou que quer dividir mais esta importante conquista com o seu ex-vice prefeito Z\u00e9 Antonio, toda equipe do seu governo e [&hellip;]<\/p>\n","protected":false},"author":2,"featured_media":54762,"comment_status":"open","ping_status":"open","sticky":false,"template":"","format":"standard","meta":{"_acf_changed":false,"_monsterinsights_skip_tracking":false,"_monsterinsights_sitenote_active":false,"_monsterinsights_sitenote_note":"","_monsterinsights_sitenote_category":0,"_jetpack_memberships_contains_paid_content":false,"footnotes":"","jetpack_publicize_message":"","jetpack_publicize_feature_enabled":true,"jetpack_social_post_already_shared":true,"jetpack_social_options":{"image_generator_settings":{"template":"highway","default_image_id":0,"font":"","enabled":false},"version":2}},"categories":[4],"tags":[],"class_list":["post-54761","post","type-post","status-publish","format-standard","has-post-thumbnail","hentry","category-local"],"acf":[],"jetpack_publicize_connections":[],"jetpack_featured_media_url":"https:\/\/i0.wp.com\/blogdoeloiltoncajuhy.com.br\/site\/wp-content\/uploads\/2021\/03\/Brasileiro-Aeroporto-2021-03-13.jpeg?fit=720%2C480&ssl=1","jetpack_sharing_enabled":true,"publishpress_future_workflow_manual_trigger":{"enabledWorkflows":[]},"_links":{"self":[{"href":"https:\/\/blogdoeloiltoncajuhy.com.br\/site\/wp-json\/wp\/v2\/posts\/54761","targetHints":{"allow":["GET"]}}],"collection":[{"href":"https:\/\/blogdoeloiltoncajuhy.com.br\/site\/wp-json\/wp\/v2\/posts"}],"about":[{"href":"https:\/\/blogdoeloiltoncajuhy.com.br\/site\/wp-json\/wp\/v2\/types\/post"}],"author":[{"embeddable":true,"href":"https:\/\/blogdoeloiltoncajuhy.com.br\/site\/wp-json\/wp\/v2\/users\/2"}],"replies":[{"embeddable":true,"href":"https:\/\/blogdoeloiltoncajuhy.com.br\/site\/wp-json\/wp\/v2\/comments?post=54761"}],"version-history":[{"count":2,"href":"https:\/\/blogdoeloiltoncajuhy.com.br\/site\/wp-json\/wp\/v2\/posts\/54761\/revisions"}],"predecessor-version":[{"id":54764,"href":"https:\/\/blogdoeloiltoncajuhy.com.br\/site\/wp-json\/wp\/v2\/posts\/54761\/revisions\/54764"}],"wp:featuredmedia":[{"embeddable":true,"href":"https:\/\/blogdoeloiltoncajuhy.com.br\/site\/wp-json\/wp\/v2\/media\/54762"}],"wp:attachment":[{"href":"https:\/\/blogdoeloiltoncajuhy.com.br\/site\/wp-json\/wp\/v2\/media?parent=54761"}],"wp:term":[{"taxonomy":"category","embeddable":true,"href":"https:\/\/blogdoeloiltoncajuhy.com.br\/site\/wp-json\/wp\/v2\/categories?post=54761"},{"taxonomy":"post_tag","embeddable":true,"href":"https:\/\/blogdoeloiltoncajuhy.com.br\/site\/wp-json\/wp\/v2\/tags?post=54761"}],"curies":[{"name":"wp","href":"https:\/\/api.w.org\/{rel}","templated":true}]}}