{"id":54753,"date":"2021-03-13T09:05:29","date_gmt":"2021-03-13T12:05:29","guid":{"rendered":"http:\/\/blogdoeloiltoncajuhy.com.br\/site\/?p=54753"},"modified":"2021-03-13T09:05:30","modified_gmt":"2021-03-13T12:05:30","slug":"dois-pacientes-morrem-de-covid-19-na-uti-do-hdam-em-senhor-do-bonfim","status":"publish","type":"post","link":"https:\/\/blogdoeloiltoncajuhy.com.br\/site\/dois-pacientes-morrem-de-covid-19-na-uti-do-hdam-em-senhor-do-bonfim\/","title":{"rendered":"Dois pacientes morrem de Covid-19 na UTI do HDAM em Senhor do Bonfim"},"content":{"rendered":"\n<div class=\"wp-block-image\"><figure class=\"aligncenter size-large\"><a href=\"https:\/\/i0.wp.com\/blogdoeloiltoncajuhy.com.br\/site\/wp-content\/uploads\/2021\/01\/corona-9.jpg\"><img data-recalc-dims=\"1\" fetchpriority=\"high\" decoding=\"async\" width=\"800\" height=\"450\" src=\"https:\/\/i0.wp.com\/blogdoeloiltoncajuhy.com.br\/site\/wp-content\/uploads\/2021\/01\/corona-9.jpg?resize=800%2C450\" alt=\"\" class=\"wp-image-52916\" srcset=\"https:\/\/i0.wp.com\/blogdoeloiltoncajuhy.com.br\/site\/wp-content\/uploads\/2021\/01\/corona-9.jpg?w=984&amp;ssl=1 984w, https:\/\/i0.wp.com\/blogdoeloiltoncajuhy.com.br\/site\/wp-content\/uploads\/2021\/01\/corona-9.jpg?resize=300%2C169&amp;ssl=1 300w, https:\/\/i0.wp.com\/blogdoeloiltoncajuhy.com.br\/site\/wp-content\/uploads\/2021\/01\/corona-9.jpg?resize=768%2C432&amp;ssl=1 768w\" sizes=\"(max-width: 800px) 100vw, 800px\" \/><\/a><\/figure><\/div>\n\n\n\n<p>Nas \u00faltimas horas, dois pacientes que estavam internados na UTI do Hospital Dom Antonio Monteiro (HDAM) de Senhor do Bonfim, morreram por complica\u00e7\u00f5es causadas pela Covid-19. A informa\u00e7\u00e3o \u00e9 do Blog do Walterley Kuhim.<\/p>\n\n\n\n<p>Os pacientes eram um de Juazeiro e outro de Filad\u00e9lfia. Seguindo uma tend\u00eancia nacional, os leitos de UTI do HDAM acompanham o crescimento de ocupa\u00e7\u00e3o. A taxa em Senhor do Bonfim subiu para 81%. S\u00e3o 14 pacientes internados na UTI do nosso hospital, sendo 13 de cidades da regi\u00e3o e um de Bonfim.<\/p>\n\n\n\n<p>O Boletim Epidemiol\u00f3gico divulgado nesta sexta-feira (11) pela Secretaria Municipal de Sa\u00fade mostra que mais 16 casos da Covid-19 foram registrados em Senhor do Bonfim nas \u00faltimas 24 horas.<\/p>\n\n\n\n<p>Agora, s\u00e3o 3.170 os bonfinenses que tiveram ou t\u00eam o v\u00edrus em nosso munic\u00edpio. O n\u00famero de pacientes em monitoramento \u00e9 de 108, enquanto 50 exames aguardam resultado no Lacen do estado. Os casos ativos est\u00e3o em 58. Os pacientes curados somam 3.068, de acordo com o boletim. O munic\u00edpio de Senhor do Bonfim contabiliza 44 mortes por coronav\u00edrus, desde o in\u00edcio da pandemia.<\/p>\n","protected":false},"excerpt":{"rendered":"<p>Nas \u00faltimas horas, dois pacientes que estavam internados na UTI do Hospital Dom Antonio Monteiro (HDAM) de Senhor do Bonfim, morreram por complica\u00e7\u00f5es causadas pela Covid-19. A informa\u00e7\u00e3o \u00e9 do Blog do Walterley Kuhim. Os pacientes eram um de Juazeiro e outro de Filad\u00e9lfia. Seguindo uma tend\u00eancia nacional, os leitos de UTI do HDAM acompanham [&hellip;]<\/p>\n","protected":false},"author":2,"featured_media":52691,"comment_status":"open","ping_status":"open","sticky":false,"template":"","format":"standard","meta":{"_acf_changed":false,"_monsterinsights_skip_tracking":false,"_monsterinsights_sitenote_active":false,"_monsterinsights_sitenote_note":"","_monsterinsights_sitenote_category":0,"_jetpack_memberships_contains_paid_content":false,"footnotes":"","jetpack_publicize_message":"","jetpack_publicize_feature_enabled":true,"jetpack_social_post_already_shared":true,"jetpack_social_options":{"image_generator_settings":{"template":"highway","default_image_id":0,"font":"","enabled":false},"version":2}},"categories":[4],"tags":[],"class_list":["post-54753","post","type-post","status-publish","format-standard","has-post-thumbnail","hentry","category-local"],"acf":[],"jetpack_publicize_connections":[],"jetpack_featured_media_url":"https:\/\/i0.wp.com\/blogdoeloiltoncajuhy.com.br\/site\/wp-content\/uploads\/2021\/01\/coronavirus-06012021.jpg?fit=600%2C375&ssl=1","jetpack_sharing_enabled":true,"publishpress_future_workflow_manual_trigger":{"enabledWorkflows":[]},"_links":{"self":[{"href":"https:\/\/blogdoeloiltoncajuhy.com.br\/site\/wp-json\/wp\/v2\/posts\/54753","targetHints":{"allow":["GET"]}}],"collection":[{"href":"https:\/\/blogdoeloiltoncajuhy.com.br\/site\/wp-json\/wp\/v2\/posts"}],"about":[{"href":"https:\/\/blogdoeloiltoncajuhy.com.br\/site\/wp-json\/wp\/v2\/types\/post"}],"author":[{"embeddable":true,"href":"https:\/\/blogdoeloiltoncajuhy.com.br\/site\/wp-json\/wp\/v2\/users\/2"}],"replies":[{"embeddable":true,"href":"https:\/\/blogdoeloiltoncajuhy.com.br\/site\/wp-json\/wp\/v2\/comments?post=54753"}],"version-history":[{"count":2,"href":"https:\/\/blogdoeloiltoncajuhy.com.br\/site\/wp-json\/wp\/v2\/posts\/54753\/revisions"}],"predecessor-version":[{"id":54755,"href":"https:\/\/blogdoeloiltoncajuhy.com.br\/site\/wp-json\/wp\/v2\/posts\/54753\/revisions\/54755"}],"wp:featuredmedia":[{"embeddable":true,"href":"https:\/\/blogdoeloiltoncajuhy.com.br\/site\/wp-json\/wp\/v2\/media\/52691"}],"wp:attachment":[{"href":"https:\/\/blogdoeloiltoncajuhy.com.br\/site\/wp-json\/wp\/v2\/media?parent=54753"}],"wp:term":[{"taxonomy":"category","embeddable":true,"href":"https:\/\/blogdoeloiltoncajuhy.com.br\/site\/wp-json\/wp\/v2\/categories?post=54753"},{"taxonomy":"post_tag","embeddable":true,"href":"https:\/\/blogdoeloiltoncajuhy.com.br\/site\/wp-json\/wp\/v2\/tags?post=54753"}],"curies":[{"name":"wp","href":"https:\/\/api.w.org\/{rel}","templated":true}]}}