{"id":54695,"date":"2021-03-11T20:29:06","date_gmt":"2021-03-11T23:29:06","guid":{"rendered":"http:\/\/blogdoeloiltoncajuhy.com.br\/site\/?p=54695"},"modified":"2021-03-11T20:29:07","modified_gmt":"2021-03-11T23:29:07","slug":"pm-de-bonfim-recupera-veiculo-roubado-no-alto-da-maravilha-na-manha-desta-quinta-feira-11","status":"publish","type":"post","link":"https:\/\/blogdoeloiltoncajuhy.com.br\/site\/pm-de-bonfim-recupera-veiculo-roubado-no-alto-da-maravilha-na-manha-desta-quinta-feira-11\/","title":{"rendered":"PM de Bonfim recupera ve\u00edculo roubado no Alto da Maravilha na manh\u00e3 desta quinta-feira (11)"},"content":{"rendered":"\n<div class=\"wp-block-image\"><figure class=\"aligncenter size-large\"><a href=\"https:\/\/i0.wp.com\/blogdoeloiltoncajuhy.com.br\/site\/wp-content\/uploads\/2021\/03\/PM_Veiculo-Recuperado-11.03.2021.jpeg\"><img data-recalc-dims=\"1\" fetchpriority=\"high\" decoding=\"async\" width=\"720\" height=\"620\" src=\"https:\/\/i0.wp.com\/blogdoeloiltoncajuhy.com.br\/site\/wp-content\/uploads\/2021\/03\/PM_Veiculo-Recuperado-11.03.2021.jpeg?resize=720%2C620\" alt=\"\" class=\"wp-image-54696\" srcset=\"https:\/\/i0.wp.com\/blogdoeloiltoncajuhy.com.br\/site\/wp-content\/uploads\/2021\/03\/PM_Veiculo-Recuperado-11.03.2021.jpeg?w=720&amp;ssl=1 720w, https:\/\/i0.wp.com\/blogdoeloiltoncajuhy.com.br\/site\/wp-content\/uploads\/2021\/03\/PM_Veiculo-Recuperado-11.03.2021.jpeg?resize=300%2C258&amp;ssl=1 300w\" sizes=\"(max-width: 720px) 100vw, 720px\" \/><\/a><\/figure><\/div>\n\n\n\n<p>Uma Guarni\u00e7\u00e3o da Pol\u00edcia Militar de Senhor do Bonfim foi acionada ap\u00f3s o roubo de um ve\u00edculo UNO, fato ocorrido em frente a resid\u00eancia de sua propriet\u00e1ria no Alto da Maravilha, entre zero hora e 05h da manh\u00e3 desta quinta-feira (11).<\/p>\n\n\n\n<p>Os policiais realizaram v\u00e1rias rondas por bairros da cidade e, por volta das 11h3, a guarni\u00e7\u00e3o conseguiu localizar o ve\u00edculo nas proximidades do Terminal Rodovi\u00e1rio. Em seguida, os PMs fizeram contato com a propriet\u00e1ria que foi ao local com os documentos do ve\u00edculo e a chave de igni\u00e7\u00e3o, e recebeu seu carro de volta.<\/p>\n\n\n\n<p class=\"has-black-color has-text-color\"><strong><em>Com informa\u00e7\u00f5es do 6\u00ba BPM\/Senhor do Bonfim-BA<\/em><\/strong><\/p>\n","protected":false},"excerpt":{"rendered":"<p>Uma Guarni\u00e7\u00e3o da Pol\u00edcia Militar de Senhor do Bonfim foi acionada ap\u00f3s o roubo de um ve\u00edculo UNO, fato ocorrido em frente a resid\u00eancia de sua propriet\u00e1ria no Alto da Maravilha, entre zero hora e 05h da manh\u00e3 desta quinta-feira (11). Os policiais realizaram v\u00e1rias rondas por bairros da cidade e, por volta das 11h3, [&hellip;]<\/p>\n","protected":false},"author":2,"featured_media":54696,"comment_status":"open","ping_status":"open","sticky":false,"template":"","format":"standard","meta":{"_acf_changed":false,"_monsterinsights_skip_tracking":false,"_monsterinsights_sitenote_active":false,"_monsterinsights_sitenote_note":"","_monsterinsights_sitenote_category":0,"_jetpack_memberships_contains_paid_content":false,"footnotes":"","jetpack_publicize_message":"","jetpack_publicize_feature_enabled":true,"jetpack_social_post_already_shared":true,"jetpack_social_options":{"image_generator_settings":{"template":"highway","default_image_id":0,"font":"","enabled":false},"version":2}},"categories":[15],"tags":[],"class_list":["post-54695","post","type-post","status-publish","format-standard","has-post-thumbnail","hentry","category-policia"],"acf":[],"jetpack_publicize_connections":[],"jetpack_featured_media_url":"https:\/\/i0.wp.com\/blogdoeloiltoncajuhy.com.br\/site\/wp-content\/uploads\/2021\/03\/PM_Veiculo-Recuperado-11.03.2021.jpeg?fit=720%2C620&ssl=1","jetpack_sharing_enabled":true,"publishpress_future_workflow_manual_trigger":{"enabledWorkflows":[]},"_links":{"self":[{"href":"https:\/\/blogdoeloiltoncajuhy.com.br\/site\/wp-json\/wp\/v2\/posts\/54695","targetHints":{"allow":["GET"]}}],"collection":[{"href":"https:\/\/blogdoeloiltoncajuhy.com.br\/site\/wp-json\/wp\/v2\/posts"}],"about":[{"href":"https:\/\/blogdoeloiltoncajuhy.com.br\/site\/wp-json\/wp\/v2\/types\/post"}],"author":[{"embeddable":true,"href":"https:\/\/blogdoeloiltoncajuhy.com.br\/site\/wp-json\/wp\/v2\/users\/2"}],"replies":[{"embeddable":true,"href":"https:\/\/blogdoeloiltoncajuhy.com.br\/site\/wp-json\/wp\/v2\/comments?post=54695"}],"version-history":[{"count":2,"href":"https:\/\/blogdoeloiltoncajuhy.com.br\/site\/wp-json\/wp\/v2\/posts\/54695\/revisions"}],"predecessor-version":[{"id":54698,"href":"https:\/\/blogdoeloiltoncajuhy.com.br\/site\/wp-json\/wp\/v2\/posts\/54695\/revisions\/54698"}],"wp:featuredmedia":[{"embeddable":true,"href":"https:\/\/blogdoeloiltoncajuhy.com.br\/site\/wp-json\/wp\/v2\/media\/54696"}],"wp:attachment":[{"href":"https:\/\/blogdoeloiltoncajuhy.com.br\/site\/wp-json\/wp\/v2\/media?parent=54695"}],"wp:term":[{"taxonomy":"category","embeddable":true,"href":"https:\/\/blogdoeloiltoncajuhy.com.br\/site\/wp-json\/wp\/v2\/categories?post=54695"},{"taxonomy":"post_tag","embeddable":true,"href":"https:\/\/blogdoeloiltoncajuhy.com.br\/site\/wp-json\/wp\/v2\/tags?post=54695"}],"curies":[{"name":"wp","href":"https:\/\/api.w.org\/{rel}","templated":true}]}}