{"id":54691,"date":"2021-03-11T20:18:00","date_gmt":"2021-03-11T23:18:00","guid":{"rendered":"http:\/\/blogdoeloiltoncajuhy.com.br\/site\/?p=54691"},"modified":"2021-03-11T20:18:01","modified_gmt":"2021-03-11T23:18:01","slug":"um-ano-depois-industria-ainda-sofre-com-os-impactos-da-pandemia","status":"publish","type":"post","link":"https:\/\/blogdoeloiltoncajuhy.com.br\/site\/um-ano-depois-industria-ainda-sofre-com-os-impactos-da-pandemia\/","title":{"rendered":"Um ano depois, ind\u00fastria ainda sofre com os impactos da pandemia"},"content":{"rendered":"\n<h5 class=\"has-text-align-center wp-block-heading\"><em>Empres\u00e1rios perderam faturamento, precisaram diminuir o quadro de funcion\u00e1rios e se mostram preocupados com as medidas dos governos e a possibilidade de lockdown<\/em><\/h5>\n\n\n\n<div class=\"wp-block-image\"><figure class=\"aligncenter size-large is-resized\"><a href=\"https:\/\/i0.wp.com\/blogdoeloiltoncajuhy.com.br\/site\/wp-content\/uploads\/2021\/03\/Fiepe_PesquisaIndustria.jpeg\"><img data-recalc-dims=\"1\" fetchpriority=\"high\" decoding=\"async\" src=\"https:\/\/i0.wp.com\/blogdoeloiltoncajuhy.com.br\/site\/wp-content\/uploads\/2021\/03\/Fiepe_PesquisaIndustria.jpeg?resize=768%2C512\" alt=\"\" class=\"wp-image-54692\" width=\"768\" height=\"512\" srcset=\"https:\/\/i0.wp.com\/blogdoeloiltoncajuhy.com.br\/site\/wp-content\/uploads\/2021\/03\/Fiepe_PesquisaIndustria.jpeg?resize=1024%2C683&amp;ssl=1 1024w, https:\/\/i0.wp.com\/blogdoeloiltoncajuhy.com.br\/site\/wp-content\/uploads\/2021\/03\/Fiepe_PesquisaIndustria.jpeg?resize=300%2C200&amp;ssl=1 300w, https:\/\/i0.wp.com\/blogdoeloiltoncajuhy.com.br\/site\/wp-content\/uploads\/2021\/03\/Fiepe_PesquisaIndustria.jpeg?resize=768%2C512&amp;ssl=1 768w, https:\/\/i0.wp.com\/blogdoeloiltoncajuhy.com.br\/site\/wp-content\/uploads\/2021\/03\/Fiepe_PesquisaIndustria.jpeg?w=1280&amp;ssl=1 1280w\" sizes=\"(max-width: 768px) 100vw, 768px\" \/><\/a><\/figure><\/div>\n\n\n\n<p>Diferentemente do que se imaginava h\u00e1 um ano, quando a pandemia chegou a Pernambuco, 2021 n\u00e3o come\u00e7a nas condi\u00e7\u00f5es em que se esperava, sobretudo porque, ainda existem inc\u00f3gnitas em rela\u00e7\u00e3o ao controle da Covid-19 e, consequentemente, ao impacto disso no mercado ao longo deste ano. Para entender como est\u00e1 essa conjuntura, a Federa\u00e7\u00e3o das Ind\u00fastrias do Estado de Pernambuco (FIEPE) repete pesquisa com empres\u00e1rios e detecta cen\u00e1rio de muita fragilidade.<\/p>\n\n\n\n<p>Dados do levantamento revelam que 37,3% deles ainda v\u00e3o sofrer com queda de faturamento e outros 48,5% v\u00e3o se manter estagnados, enquanto apenas 14,2% acreditam numa recupera\u00e7\u00e3o em curto prazo. Para os industriais, a recupera\u00e7\u00e3o s\u00f3 vir\u00e1 com ado\u00e7\u00e3o de medidas como a vacina\u00e7\u00e3o em massa, a aprova\u00e7\u00e3o da reforma tribut\u00e1ria, os programas de recupera\u00e7\u00e3o fiscal em n\u00edveis federal e estadual e as pol\u00edticas de fortalecimento do setor industrial, por ordem de prioridade.<\/p>\n\n\n\n<p>Todas essas prioridades recaem na manuten\u00e7\u00e3o dos postos de trabalho. Dos empres\u00e1rios entrevistados, quase a metade (46,27%) precisou fazer demiss\u00f5es para manter seus neg\u00f3cios funcionando e 67,2% deles ainda n\u00e3o conseguiram recontratar novos funcion\u00e1rios. <em>\u201cPara estancar essa desocupa\u00e7\u00e3o e voltar a gerar empregos \u00e9 muito importante a retomada do programa de suspens\u00e3o ou redu\u00e7\u00e3o de carga hor\u00e1ria e de sal\u00e1rios com aux\u00edlio complementar do governo federal\u201d<\/em>, disse o gerente de Rela\u00e7\u00f5es Industriais da FIEPE, Maur\u00edcio Laranjeira.<\/p>\n\n\n\n<p>Entre os t\u00f3picos questionados pela Federa\u00e7\u00e3o, est\u00e1 a satisfa\u00e7\u00e3o dos empres\u00e1rios quanto \u00e0s gest\u00f5es p\u00fablicas federal e estadual no enfrentamento dos impactos causados pela Covid-19 no Brasil e em Pernambuco. Segundo a pesquisa, 61,6% consideram a atua\u00e7\u00e3o do governo estadual p\u00e9ssimo ou ruim, outros 31,6% julgaram como regular e pouco menos de 7% avaliaram como boa ou \u00f3tima.<\/p>\n\n\n\n<p>Com rela\u00e7\u00e3o ao governo federal, avaliaram como ruim ou p\u00e9ssima 24,5% dos entrevistados, como regular 36% e como boa ou \u00f3tima outros 39,3%. Os n\u00fameros mais positivos do governo federal est\u00e3o diretamente ligados a medidas como redu\u00e7\u00e3o da jornada de trabalho e sal\u00e1rios, o aux\u00edlio emergencial para a popula\u00e7\u00e3o e a suspens\u00e3o dos contratos de trabalho, apontados na pesquisa como as medidas mais eficazes para as empresas.<\/p>\n\n\n\n<p>O cr\u00e9dito, que foi um dos principais obst\u00e1culos enfrentados pelos empres\u00e1rios nas primeiras pesquisas, deixa de figurar como principal problema para 63,4% dos empres\u00e1rios que conseguiram algum tipo de financiamento, em sua maioria (57,3%), com os bancos p\u00fablicos. <em>\u201cA maioria das empresas que buscou cr\u00e9dito conseguiu ter acesso ao valor solicitado ou \u00e0 parte dele. No entanto, ainda existem muitas empresas que n\u00e3o conseguiram por esbarrarem em algumas burocracias, que talvez possam ser solucionadas com programas de recupera\u00e7\u00e3o fiscal \u2013 REFIS estadual e federal. Esses programas podem deixar as empresas aptas a buscarem cr\u00e9dito mais barato e com taxas de juros menores\u201d<\/em>, destacou o economista da FIEPE, C\u00e9zar Andrade.<\/p>\n\n\n\n<p>A maior afli\u00e7\u00e3o dos empres\u00e1rios hoje est\u00e1 relacionada \u00e0 dificuldade de encontrar os insumos para a produ\u00e7\u00e3o. <em>\u201cEsse fato fica evidente, por exemplo, no caso do pl\u00e1stico e da celulose, que integram embalagens de diversos produtos da ind\u00fastria de transforma\u00e7\u00e3o, e dos insumos para a constru\u00e7\u00e3o civil. Tanto que 70% deles ainda est\u00e3o sofrendo com a escassez de mat\u00e9ria-prima e alta nos pre\u00e7os, que, para 24,4%, dos empres\u00e1rios j\u00e1 ultrapassa 60% de aumento\u201d<\/em>, explica Laranjeira.<\/p>\n\n\n\n<p><strong>Lockdown<\/strong> &#8211; J\u00e1 sobre a possibilidade de um novo fechamento geral, a grande maioria dos empres\u00e1rios se mostrou ainda extremamente preocupada com os impactos econ\u00f4micos. <em>\u201cMais de 65% dos empres\u00e1rios tiveram queda no seu faturamento e 47% deles precisaram demitir funcion\u00e1rios nesse per\u00edodo. Um cen\u00e1rio cr\u00edtico que n\u00e3o pode ficar pior. O setor privado n\u00e3o tem lastro para suportar essa queda no consumo com uma nova paralisa\u00e7\u00e3o total\u201d<\/em>, alerta o presidente da FIEPE, Ricardo Essinger.<\/p>\n","protected":false},"excerpt":{"rendered":"<p>Empres\u00e1rios perderam faturamento, precisaram diminuir o quadro de funcion\u00e1rios e se mostram preocupados com as medidas dos governos e a possibilidade de lockdown Diferentemente do que se imaginava h\u00e1 um ano, quando a pandemia chegou a Pernambuco, 2021 n\u00e3o come\u00e7a nas condi\u00e7\u00f5es em que se esperava, sobretudo porque, ainda existem inc\u00f3gnitas em rela\u00e7\u00e3o ao controle [&hellip;]<\/p>\n","protected":false},"author":2,"featured_media":54692,"comment_status":"open","ping_status":"open","sticky":false,"template":"","format":"standard","meta":{"_acf_changed":false,"_monsterinsights_skip_tracking":false,"_monsterinsights_sitenote_active":false,"_monsterinsights_sitenote_note":"","_monsterinsights_sitenote_category":0,"_jetpack_memberships_contains_paid_content":false,"footnotes":"","jetpack_publicize_message":"","jetpack_publicize_feature_enabled":true,"jetpack_social_post_already_shared":true,"jetpack_social_options":{"image_generator_settings":{"template":"highway","default_image_id":0,"font":"","enabled":false},"version":2}},"categories":[1],"tags":[],"class_list":["post-54691","post","type-post","status-publish","format-standard","has-post-thumbnail","hentry","category-noticias"],"acf":[],"jetpack_publicize_connections":[],"jetpack_featured_media_url":"https:\/\/i0.wp.com\/blogdoeloiltoncajuhy.com.br\/site\/wp-content\/uploads\/2021\/03\/Fiepe_PesquisaIndustria.jpeg?fit=1280%2C854&ssl=1","jetpack_sharing_enabled":true,"publishpress_future_workflow_manual_trigger":{"enabledWorkflows":[]},"_links":{"self":[{"href":"https:\/\/blogdoeloiltoncajuhy.com.br\/site\/wp-json\/wp\/v2\/posts\/54691","targetHints":{"allow":["GET"]}}],"collection":[{"href":"https:\/\/blogdoeloiltoncajuhy.com.br\/site\/wp-json\/wp\/v2\/posts"}],"about":[{"href":"https:\/\/blogdoeloiltoncajuhy.com.br\/site\/wp-json\/wp\/v2\/types\/post"}],"author":[{"embeddable":true,"href":"https:\/\/blogdoeloiltoncajuhy.com.br\/site\/wp-json\/wp\/v2\/users\/2"}],"replies":[{"embeddable":true,"href":"https:\/\/blogdoeloiltoncajuhy.com.br\/site\/wp-json\/wp\/v2\/comments?post=54691"}],"version-history":[{"count":2,"href":"https:\/\/blogdoeloiltoncajuhy.com.br\/site\/wp-json\/wp\/v2\/posts\/54691\/revisions"}],"predecessor-version":[{"id":54694,"href":"https:\/\/blogdoeloiltoncajuhy.com.br\/site\/wp-json\/wp\/v2\/posts\/54691\/revisions\/54694"}],"wp:featuredmedia":[{"embeddable":true,"href":"https:\/\/blogdoeloiltoncajuhy.com.br\/site\/wp-json\/wp\/v2\/media\/54692"}],"wp:attachment":[{"href":"https:\/\/blogdoeloiltoncajuhy.com.br\/site\/wp-json\/wp\/v2\/media?parent=54691"}],"wp:term":[{"taxonomy":"category","embeddable":true,"href":"https:\/\/blogdoeloiltoncajuhy.com.br\/site\/wp-json\/wp\/v2\/categories?post=54691"},{"taxonomy":"post_tag","embeddable":true,"href":"https:\/\/blogdoeloiltoncajuhy.com.br\/site\/wp-json\/wp\/v2\/tags?post=54691"}],"curies":[{"name":"wp","href":"https:\/\/api.w.org\/{rel}","templated":true}]}}