{"id":54680,"date":"2021-03-11T08:50:25","date_gmt":"2021-03-11T11:50:25","guid":{"rendered":"http:\/\/blogdoeloiltoncajuhy.com.br\/site\/?p=54680"},"modified":"2021-03-11T08:50:26","modified_gmt":"2021-03-11T11:50:26","slug":"estado-divulga-calendario-de-matricula-na-rede-estadual-de-ensino-que-sera-pelo-sac-digital","status":"publish","type":"post","link":"https:\/\/blogdoeloiltoncajuhy.com.br\/site\/estado-divulga-calendario-de-matricula-na-rede-estadual-de-ensino-que-sera-pelo-sac-digital\/","title":{"rendered":"Estado divulga calend\u00e1rio de matr\u00edcula na rede estadual de ensino que ser\u00e1 pelo SAC Digital"},"content":{"rendered":"\n<div class=\"wp-block-image\"><figure class=\"aligncenter size-full is-resized\"><img data-recalc-dims=\"1\" fetchpriority=\"high\" decoding=\"async\" src=\"https:\/\/i0.wp.com\/blogdoeloiltoncajuhy.com.br\/site\/wp-content\/uploads\/2021\/03\/SEC_Matriculas-2021.jpeg?resize=644%2C322\" alt=\"\" class=\"wp-image-54681\" width=\"644\" height=\"322\" srcset=\"https:\/\/i0.wp.com\/blogdoeloiltoncajuhy.com.br\/site\/wp-content\/uploads\/2021\/03\/SEC_Matriculas-2021.jpeg?w=644&amp;ssl=1 644w, https:\/\/i0.wp.com\/blogdoeloiltoncajuhy.com.br\/site\/wp-content\/uploads\/2021\/03\/SEC_Matriculas-2021.jpeg?resize=300%2C150&amp;ssl=1 300w\" sizes=\"(max-width: 644px) 100vw, 644px\" \/><\/figure><\/div>\n\n\n\n<p>A Secretaria da Educa\u00e7\u00e3o do Estado divulgou, nesta quarta-feira (10), o cronograma de matr\u00edcula para a rede estadual de ensino, conforme Portaria n\u00ba 711\/2021, publicada no Di\u00e1rio Oficial do Estado (DOE). A renova\u00e7\u00e3o da matr\u00edcula ser\u00e1 autom\u00e1tica para os estudantes que estavam matriculados na rede estadual de ensino, em 2020, sem a necessidade dos estudantes, pais ou respons\u00e1veis irem at\u00e9 \u00e0 unidade escolar. A matr\u00edcula para os estudantes novos dever\u00e1 ser realizada pelo SAC Digital, no endere\u00e7o eletr\u00f4nico <a href=\"http:\/\/www.sacdigital.ba.gov.br\/\" data-type=\"URL\" data-id=\"www.sacdigital.ba.gov.br\/\" target=\"_blank\" rel=\"noreferrer noopener\">www.sacdigital.ba.gov.br\/<\/a>, ou aplicativo SAC DIGITAL (dispon\u00edvel gratuitamente nos sistemas ANDROID e IOS). A matr\u00edcula vai de 22 de mar\u00e7o a 14 de abril, de acordo com um cronograma dividido em blocos de munic\u00edpios por N\u00facleo Territorial de Educa\u00e7\u00e3o (NTE), conforme calend\u00e1rio da SEC (<em>veja abaixo<\/em>).<\/p>\n\n\n\n<blockquote class=\"wp-block-quote is-layout-flow wp-block-quote-is-layout-flow\"><p><a href=\"http:\/\/www.educacao.ba.gov.br\/midias\/documentos\/matricula-da-rede-estadual-de-ensino-20202021\" data-type=\"URL\" data-id=\"http:\/\/www.educacao.ba.gov.br\/midias\/documentos\/matricula-da-rede-estadual-de-ensino-20202021\" target=\"_blank\" rel=\"noreferrer noopener\">Confira aqui cronograma de matr\u00edcula 2020\/2021&lt;&lt;&lt;<\/a><\/p><\/blockquote>\n\n\n\n<p>A Transfer\u00eancia dos estudantes j\u00e1 matriculados na rede estadual, que pretendem mudar de escola, dever\u00e1 ser feita em qualquer unidade escolar da rede, mediante, agendamento pr\u00e9vio. O superintendente de Planejamento Operacional da Rede Escolar, Manoel Vicente Calazans, explicou que tamb\u00e9m h\u00e1 a op\u00e7\u00e3o da matr\u00edcula na escola para os alunos novos, mas isto s\u00f3 pode ocorrer mediante marca\u00e7\u00e3o pr\u00e9via com a unidade escolar.<\/p>\n\n\n\n<p><em>\u201cToda a log\u00edstica da matr\u00edcula de novos alunos foi planejada para acontecer virtualmente pelo SAC Digital, devido aos riscos de contamina\u00e7\u00e3o pelo novo Coronav\u00edrus. Portanto, para os estudantes que est\u00e3o vindo das redes municipais ou particular, a orienta\u00e7\u00e3o \u00e9 para que fa\u00e7am a matr\u00edcula usando computador, tablete ou celular. Se o \u00fanico jeito for ir at\u00e9 a escola, \u00e9 importante dizer que a matr\u00edcula poder\u00e1 ser feita em qualquer unidade da rede estadual, mesmo n\u00e3o sendo aquela em que o estudante v\u00e1 fazer o ano letivo, desde que ligue para a escola e fa\u00e7a o agendamento do hor\u00e1rio previamente, conforme o calend\u00e1rio\u201d<\/em>, afirmou Manoel Vicente, ao salientar que os telefones de contatos das escolas est\u00e3o dispon\u00edveis no Portal da Educa\u00e7\u00e3o.<\/p>\n\n\n\n<p>Manoel Vicente passou uma mensagem de tranquilidade para os estudantes, as m\u00e3es, pa\u00eds e respons\u00e1veis. <em>\u201cA SEC garante vaga para todos que procurarem e para qualquer modalidade de ensino, como por exemplo o Ensino Fundamental, a Educa\u00e7\u00e3o Especial, a EJA e a Educa\u00e7\u00e3o Profissional. Pedimos que n\u00e3o fa\u00e7am filas, que n\u00e3o aglomerem. At\u00e9 mesmo a documenta\u00e7\u00e3o poder\u00e1 ser entregue em outro momento, em data previamente agendada com a unidade escolar. Por agora, vai ser necess\u00e1rio seguir as orienta\u00e7\u00f5es para que a matr\u00edcula ocorra com toda a tranquilidade e seguran\u00e7a\u201d<\/em>, afirmou.<\/p>\n\n\n\n<p>O superintendente acrescenta que, a partir do dia 15 de mar\u00e7o, os estudantes que j\u00e1 conclu\u00edram seus estudos na rede privada ou nas redes municipais poder\u00e3o se cadastrar, por meio de um formul\u00e1rio no site da SEC (<a href=\"http:\/\/www.educacao.ba.gov.br\" data-type=\"URL\" data-id=\"www.educacao.ba.gov.br\" target=\"_blank\" rel=\"noreferrer noopener\">www.educacao.ba.gov.br<\/a>), e ter acesso a todos os conte\u00fados e aulas, enquanto aguardam o per\u00edodo oficial da matr\u00edcula.<\/p>\n\n\n\n<p>Para a comprova\u00e7\u00e3o da matr\u00edcula, os alunos novos precisar\u00e3o apresentar, em data a ser agendada com a escola: original do Hist\u00f3rico Escolar; original e c\u00f3pia da c\u00e9dula de identidade ou certid\u00e3o de Registro Civil; original e c\u00f3pia do CPF; original e c\u00f3pia leg\u00edvel com data recente do comprovante de resid\u00eancia (\u00e1gua, luz, telefone fixo ou m\u00f3vel, g\u00e1s encanado, Internet, contrato de aluguel, IPTU, cart\u00e3o de cr\u00e9dito ou TV por assinatura); original e c\u00f3pia da carteira de vacina\u00e7\u00e3o; c\u00f3pia da c\u00e9dula de identidade da m\u00e3e do aluno; c\u00f3pia do CPF da m\u00e3e do aluno.<\/p>\n","protected":false},"excerpt":{"rendered":"<p>A Secretaria da Educa\u00e7\u00e3o do Estado divulgou, nesta quarta-feira (10), o cronograma de matr\u00edcula para a rede estadual de ensino, conforme Portaria n\u00ba 711\/2021, publicada no Di\u00e1rio Oficial do Estado (DOE). A renova\u00e7\u00e3o da matr\u00edcula ser\u00e1 autom\u00e1tica para os estudantes que estavam matriculados na rede estadual de ensino, em 2020, sem a necessidade dos estudantes, [&hellip;]<\/p>\n","protected":false},"author":2,"featured_media":54681,"comment_status":"open","ping_status":"open","sticky":false,"template":"","format":"standard","meta":{"_acf_changed":false,"_monsterinsights_skip_tracking":false,"_monsterinsights_sitenote_active":false,"_monsterinsights_sitenote_note":"","_monsterinsights_sitenote_category":0,"_jetpack_memberships_contains_paid_content":false,"footnotes":"","jetpack_publicize_message":"","jetpack_publicize_feature_enabled":true,"jetpack_social_post_already_shared":true,"jetpack_social_options":{"image_generator_settings":{"template":"highway","default_image_id":0,"font":"","enabled":false},"version":2}},"categories":[14],"tags":[],"class_list":["post-54680","post","type-post","status-publish","format-standard","has-post-thumbnail","hentry","category-educacao"],"acf":[],"jetpack_publicize_connections":[],"jetpack_featured_media_url":"https:\/\/i0.wp.com\/blogdoeloiltoncajuhy.com.br\/site\/wp-content\/uploads\/2021\/03\/SEC_Matriculas-2021.jpeg?fit=644%2C322&ssl=1","jetpack_sharing_enabled":true,"publishpress_future_workflow_manual_trigger":{"enabledWorkflows":[]},"_links":{"self":[{"href":"https:\/\/blogdoeloiltoncajuhy.com.br\/site\/wp-json\/wp\/v2\/posts\/54680","targetHints":{"allow":["GET"]}}],"collection":[{"href":"https:\/\/blogdoeloiltoncajuhy.com.br\/site\/wp-json\/wp\/v2\/posts"}],"about":[{"href":"https:\/\/blogdoeloiltoncajuhy.com.br\/site\/wp-json\/wp\/v2\/types\/post"}],"author":[{"embeddable":true,"href":"https:\/\/blogdoeloiltoncajuhy.com.br\/site\/wp-json\/wp\/v2\/users\/2"}],"replies":[{"embeddable":true,"href":"https:\/\/blogdoeloiltoncajuhy.com.br\/site\/wp-json\/wp\/v2\/comments?post=54680"}],"version-history":[{"count":2,"href":"https:\/\/blogdoeloiltoncajuhy.com.br\/site\/wp-json\/wp\/v2\/posts\/54680\/revisions"}],"predecessor-version":[{"id":54683,"href":"https:\/\/blogdoeloiltoncajuhy.com.br\/site\/wp-json\/wp\/v2\/posts\/54680\/revisions\/54683"}],"wp:featuredmedia":[{"embeddable":true,"href":"https:\/\/blogdoeloiltoncajuhy.com.br\/site\/wp-json\/wp\/v2\/media\/54681"}],"wp:attachment":[{"href":"https:\/\/blogdoeloiltoncajuhy.com.br\/site\/wp-json\/wp\/v2\/media?parent=54680"}],"wp:term":[{"taxonomy":"category","embeddable":true,"href":"https:\/\/blogdoeloiltoncajuhy.com.br\/site\/wp-json\/wp\/v2\/categories?post=54680"},{"taxonomy":"post_tag","embeddable":true,"href":"https:\/\/blogdoeloiltoncajuhy.com.br\/site\/wp-json\/wp\/v2\/tags?post=54680"}],"curies":[{"name":"wp","href":"https:\/\/api.w.org\/{rel}","templated":true}]}}