{"id":54675,"date":"2021-03-11T08:41:01","date_gmt":"2021-03-11T11:41:01","guid":{"rendered":"http:\/\/blogdoeloiltoncajuhy.com.br\/site\/?p=54675"},"modified":"2021-03-11T08:41:02","modified_gmt":"2021-03-11T11:41:02","slug":"energia-solar-gera-economia-de-r-45-milhoes-por-ano-em-petrolina-e-juazeiro","status":"publish","type":"post","link":"https:\/\/blogdoeloiltoncajuhy.com.br\/site\/energia-solar-gera-economia-de-r-45-milhoes-por-ano-em-petrolina-e-juazeiro\/","title":{"rendered":"Energia solar gera economia de R$ 45 milh\u00f5es por ano em Petrolina e Juazeiro"},"content":{"rendered":"\n<div class=\"wp-block-image\"><figure class=\"aligncenter size-large\"><img data-recalc-dims=\"1\" fetchpriority=\"high\" decoding=\"async\" width=\"800\" height=\"599\" src=\"https:\/\/i0.wp.com\/blogdoeloiltoncajuhy.com.br\/site\/wp-content\/uploads\/2021\/03\/EnergiaSolar-01.jpeg?resize=800%2C599\" alt=\"\" class=\"wp-image-54676\" srcset=\"https:\/\/i0.wp.com\/blogdoeloiltoncajuhy.com.br\/site\/wp-content\/uploads\/2021\/03\/EnergiaSolar-01.jpeg?resize=1024%2C767&amp;ssl=1 1024w, https:\/\/i0.wp.com\/blogdoeloiltoncajuhy.com.br\/site\/wp-content\/uploads\/2021\/03\/EnergiaSolar-01.jpeg?resize=300%2C225&amp;ssl=1 300w, https:\/\/i0.wp.com\/blogdoeloiltoncajuhy.com.br\/site\/wp-content\/uploads\/2021\/03\/EnergiaSolar-01.jpeg?resize=768%2C575&amp;ssl=1 768w, https:\/\/i0.wp.com\/blogdoeloiltoncajuhy.com.br\/site\/wp-content\/uploads\/2021\/03\/EnergiaSolar-01.jpeg?w=1280&amp;ssl=1 1280w\" sizes=\"(max-width: 800px) 100vw, 800px\" \/><\/figure><\/div>\n\n\n\n<p>Em 2021, o Brasil pode se tornar o terceiro maior mercado de gera\u00e7\u00e3o distribu\u00edda de energia solar do mundo. Ocupando um lugar de destaque no ranking nacional de munic\u00edpios com maior pot\u00eancia instalada, Petrolina &#8211; PE e Juazeiro &#8211; BA, j\u00e1 contam com 2.454 sistemas de energia fotovoltaica. Isso equivale a gera\u00e7\u00e3o de 33.97 megawatts-hora e uma economia de R$ 45 milh\u00f5es por ano, segundo relat\u00f3rios das concession\u00e1rias, liberados pela Aneel \u2013 Ag\u00eancia Nacional de Energia El\u00e9trica.<\/p>\n\n\n\n<p>Solu\u00e7\u00e3o limpa, renov\u00e1vel e sustent\u00e1vel que garante economia na conta de luz para resid\u00eancias e empresas, al\u00e9m de diminuir os poluentes lan\u00e7ados no meio ambiente, a energia solar est\u00e1 cada dia mais acess\u00edvel e presente na vida da popula\u00e7\u00e3o. A cooperativa de cr\u00e9dito Sicredi Vale do S\u00e3o Francisco, por exemplo, criou uma linha de financiamento que vem facilitando o acesso aos sistemas fotovoltaicos para os associados pessoa f\u00edsica e jur\u00eddica.<\/p>\n\n\n\n<p>Com taxas a partir de 1,04% ao m\u00eas, e prazo de at\u00e9 60 vezes para pagar, o primeiro passo do associado \u00e9 apresentar o or\u00e7amento do empreendimento. Depois da aprova\u00e7\u00e3o, o cr\u00e9dito ser\u00e1 concedido diretamente na conta-corrente da empresa que ir\u00e1 executar o projeto.<\/p>\n\n\n\n<div class=\"wp-block-image\"><figure class=\"aligncenter size-large\"><img data-recalc-dims=\"1\" decoding=\"async\" width=\"640\" height=\"480\" src=\"https:\/\/i0.wp.com\/blogdoeloiltoncajuhy.com.br\/site\/wp-content\/uploads\/2021\/03\/EnergiaSolar-02.jpeg?resize=640%2C480\" alt=\"\" class=\"wp-image-54677\" srcset=\"https:\/\/i0.wp.com\/blogdoeloiltoncajuhy.com.br\/site\/wp-content\/uploads\/2021\/03\/EnergiaSolar-02.jpeg?w=640&amp;ssl=1 640w, https:\/\/i0.wp.com\/blogdoeloiltoncajuhy.com.br\/site\/wp-content\/uploads\/2021\/03\/EnergiaSolar-02.jpeg?resize=300%2C225&amp;ssl=1 300w\" sizes=\"(max-width: 640px) 100vw, 640px\" \/><\/figure><\/div>\n\n\n\n<p>De acordo com o diretor Executivo do Sicredi Vale do S\u00e3o Francisco, Alb\u00e9rico Pena, os principais benef\u00edcios do financiamento para energia solar, al\u00e9m da economia, s\u00e3o a flexibilidade e a comodidade. <em>&#8220;O associado tem acesso ao cr\u00e9dito de forma r\u00e1pida e sem burocracia, podendo financiar os recursos necess\u00e1rios \u00e0 instala\u00e7\u00e3o da tecnologia, a exemplo dos sistemas de montagem, inversores e placas de capta\u00e7\u00e3o. Depois de escolher a forma de pagamento, que pode ser parcelada ou \u00fanica, o valor \u00e9 debitado na conta corrente, obedecendo a capacidade de pagamento em cada caso&#8221;<\/em>, ressaltou.<\/p>\n\n\n\n<p>Alb\u00e9rico Pena tamb\u00e9m citou o EcoMoney, o programa da Prefeitura de Petrolina que concede descontos no IPTU aos microgeradores de energia fotovoltaica. O abatimento \u00e9 de 0,20 do coeficiente na al\u00edquota do Imposto sobre Propriedade Territorial Urbana, v\u00e1lido por at\u00e9 cinco anos.<\/p>\n\n\n\n<div class=\"wp-block-image\"><figure class=\"aligncenter size-large\"><img data-recalc-dims=\"1\" decoding=\"async\" width=\"800\" height=\"599\" src=\"https:\/\/i0.wp.com\/blogdoeloiltoncajuhy.com.br\/site\/wp-content\/uploads\/2021\/03\/EnergiaSolar-03.jpeg?resize=800%2C599\" alt=\"\" class=\"wp-image-54678\" srcset=\"https:\/\/i0.wp.com\/blogdoeloiltoncajuhy.com.br\/site\/wp-content\/uploads\/2021\/03\/EnergiaSolar-03.jpeg?resize=1024%2C767&amp;ssl=1 1024w, https:\/\/i0.wp.com\/blogdoeloiltoncajuhy.com.br\/site\/wp-content\/uploads\/2021\/03\/EnergiaSolar-03.jpeg?resize=300%2C225&amp;ssl=1 300w, https:\/\/i0.wp.com\/blogdoeloiltoncajuhy.com.br\/site\/wp-content\/uploads\/2021\/03\/EnergiaSolar-03.jpeg?resize=768%2C575&amp;ssl=1 768w, https:\/\/i0.wp.com\/blogdoeloiltoncajuhy.com.br\/site\/wp-content\/uploads\/2021\/03\/EnergiaSolar-03.jpeg?w=1280&amp;ssl=1 1280w\" sizes=\"(max-width: 800px) 100vw, 800px\" \/><\/figure><\/div>\n\n\n\n<p>Segundo Alysson Farias, diretor de uma das empresas regionais do segmento de instala\u00e7\u00e3o de sistemas, Petrolina e Juazeiro possuem as principais caracter\u00edsticas para o crescimento do mercado de energia solar. <em>&#8220;Em primeiro lugar, a abund\u00e2ncia de raios solares, que garante uma excelente gera\u00e7\u00e3o fotovoltaica com mais efici\u00eancia at\u00e9 em pequenos sistemas\u201d<\/em>, enfatizou.<\/p>\n\n\n\n<p>Farias destacou ainda que os sistemas possuem tecnologia de ponta, anulam a emiss\u00e3o de poluentes (em rela\u00e7\u00e3o a energia termoeletrica), ocupam pouco espa\u00e7o, baixo custo em manuten\u00e7\u00e3o, tem garantia de at\u00e9 25 anos (o painel) e o investimento \u00e9 pago com a pr\u00f3pria economia na fatura de energia.<\/p>\n","protected":false},"excerpt":{"rendered":"<p>Em 2021, o Brasil pode se tornar o terceiro maior mercado de gera\u00e7\u00e3o distribu\u00edda de energia solar do mundo. Ocupando um lugar de destaque no ranking nacional de munic\u00edpios com maior pot\u00eancia instalada, Petrolina &#8211; PE e Juazeiro &#8211; BA, j\u00e1 contam com 2.454 sistemas de energia fotovoltaica. Isso equivale a gera\u00e7\u00e3o de 33.97 megawatts-hora [&hellip;]<\/p>\n","protected":false},"author":2,"featured_media":54678,"comment_status":"open","ping_status":"open","sticky":false,"template":"","format":"standard","meta":{"_acf_changed":false,"_monsterinsights_skip_tracking":false,"_monsterinsights_sitenote_active":false,"_monsterinsights_sitenote_note":"","_monsterinsights_sitenote_category":0,"_jetpack_memberships_contains_paid_content":false,"footnotes":"","jetpack_publicize_message":"","jetpack_publicize_feature_enabled":true,"jetpack_social_post_already_shared":true,"jetpack_social_options":{"image_generator_settings":{"template":"highway","default_image_id":0,"font":"","enabled":false},"version":2}},"categories":[11],"tags":[],"class_list":["post-54675","post","type-post","status-publish","format-standard","has-post-thumbnail","hentry","category-regional"],"acf":[],"jetpack_publicize_connections":[],"jetpack_featured_media_url":"https:\/\/i0.wp.com\/blogdoeloiltoncajuhy.com.br\/site\/wp-content\/uploads\/2021\/03\/EnergiaSolar-03.jpeg?fit=1280%2C959&ssl=1","jetpack_sharing_enabled":true,"publishpress_future_workflow_manual_trigger":{"enabledWorkflows":[]},"_links":{"self":[{"href":"https:\/\/blogdoeloiltoncajuhy.com.br\/site\/wp-json\/wp\/v2\/posts\/54675","targetHints":{"allow":["GET"]}}],"collection":[{"href":"https:\/\/blogdoeloiltoncajuhy.com.br\/site\/wp-json\/wp\/v2\/posts"}],"about":[{"href":"https:\/\/blogdoeloiltoncajuhy.com.br\/site\/wp-json\/wp\/v2\/types\/post"}],"author":[{"embeddable":true,"href":"https:\/\/blogdoeloiltoncajuhy.com.br\/site\/wp-json\/wp\/v2\/users\/2"}],"replies":[{"embeddable":true,"href":"https:\/\/blogdoeloiltoncajuhy.com.br\/site\/wp-json\/wp\/v2\/comments?post=54675"}],"version-history":[{"count":1,"href":"https:\/\/blogdoeloiltoncajuhy.com.br\/site\/wp-json\/wp\/v2\/posts\/54675\/revisions"}],"predecessor-version":[{"id":54679,"href":"https:\/\/blogdoeloiltoncajuhy.com.br\/site\/wp-json\/wp\/v2\/posts\/54675\/revisions\/54679"}],"wp:featuredmedia":[{"embeddable":true,"href":"https:\/\/blogdoeloiltoncajuhy.com.br\/site\/wp-json\/wp\/v2\/media\/54678"}],"wp:attachment":[{"href":"https:\/\/blogdoeloiltoncajuhy.com.br\/site\/wp-json\/wp\/v2\/media?parent=54675"}],"wp:term":[{"taxonomy":"category","embeddable":true,"href":"https:\/\/blogdoeloiltoncajuhy.com.br\/site\/wp-json\/wp\/v2\/categories?post=54675"},{"taxonomy":"post_tag","embeddable":true,"href":"https:\/\/blogdoeloiltoncajuhy.com.br\/site\/wp-json\/wp\/v2\/tags?post=54675"}],"curies":[{"name":"wp","href":"https:\/\/api.w.org\/{rel}","templated":true}]}}