{"id":54671,"date":"2021-03-11T08:31:38","date_gmt":"2021-03-11T11:31:38","guid":{"rendered":"http:\/\/blogdoeloiltoncajuhy.com.br\/site\/?p=54671"},"modified":"2021-03-11T08:31:40","modified_gmt":"2021-03-11T11:31:40","slug":"rui-costa-e-outros-20-governadores-se-juntam-em-pacto-nacional-pela-vida-e-saude","status":"publish","type":"post","link":"https:\/\/blogdoeloiltoncajuhy.com.br\/site\/rui-costa-e-outros-20-governadores-se-juntam-em-pacto-nacional-pela-vida-e-saude\/","title":{"rendered":"Rui Costa e outros 20 governadores se juntam em pacto nacional pela vida e sa\u00fade"},"content":{"rendered":"\n<div class=\"wp-block-image\"><figure class=\"aligncenter size-large\"><img data-recalc-dims=\"1\" fetchpriority=\"high\" decoding=\"async\" width=\"800\" height=\"508\" src=\"https:\/\/i0.wp.com\/blogdoeloiltoncajuhy.com.br\/site\/wp-content\/uploads\/2020\/03\/coronavirusimagem-6.jpg?resize=800%2C508\" alt=\"\" class=\"wp-image-42402\" srcset=\"https:\/\/i0.wp.com\/blogdoeloiltoncajuhy.com.br\/site\/wp-content\/uploads\/2020\/03\/coronavirusimagem-6.jpg?resize=1024%2C650&amp;ssl=1 1024w, https:\/\/i0.wp.com\/blogdoeloiltoncajuhy.com.br\/site\/wp-content\/uploads\/2020\/03\/coronavirusimagem-6.jpg?resize=300%2C191&amp;ssl=1 300w, https:\/\/i0.wp.com\/blogdoeloiltoncajuhy.com.br\/site\/wp-content\/uploads\/2020\/03\/coronavirusimagem-6.jpg?resize=768%2C488&amp;ssl=1 768w, https:\/\/i0.wp.com\/blogdoeloiltoncajuhy.com.br\/site\/wp-content\/uploads\/2020\/03\/coronavirusimagem-6.jpg?resize=250%2C159&amp;ssl=1 250w, https:\/\/i0.wp.com\/blogdoeloiltoncajuhy.com.br\/site\/wp-content\/uploads\/2020\/03\/coronavirusimagem-6.jpg?w=1200&amp;ssl=1 1200w\" sizes=\"(max-width: 800px) 100vw, 800px\" \/><\/figure><\/div>\n\n\n\n<p>O governador Rui Costa \u00e9 um dos signat\u00e1rios do <strong>&#8220;Pacto Nacional em defesa da Vida e da Sa\u00fade&#8221;<\/strong>, lan\u00e7ado nesta quarta-feira (10), pelo F\u00f3rum Nacional dos Governadores. O documento dirigido a toda na\u00e7\u00e3o pede, entre outras coisas, medidas coordenadas no combate \u00e0 pandemia que incluem maior celeridade na vacina\u00e7\u00e3o e a\u00e7\u00f5es para evitar o agravamento da situa\u00e7\u00e3o sanit\u00e1ria no pa\u00eds.<\/p>\n\n\n\n<p>Assinam o pacto 21 dos 27 governadores brasileiros. O texto ressalta ainda que o pacto \u00e9 resultado de articula\u00e7\u00e3o dos governadores com os l\u00edderes do Congresso Nacional e articulado entre os tr\u00eas poderes da Rep\u00fablica. O primeiro dos pontos pede <em>&#8220;expans\u00e3o da vacina\u00e7\u00e3o, com pluralidade de fornecedores, mais compras e busca de solidariedade internacional, em face da gravidade da crise brasileira&#8221;<\/em>.<\/p>\n\n\n\n<p>O apoio aos Estados, tanto na ado\u00e7\u00e3o de medidas preventivas como na manuten\u00e7\u00e3o e amplia\u00e7\u00e3o da oferta de leitos, segue tamb\u00e9m entre os itens pleiteados no manifesto.<\/p>\n\n\n\n<p class=\"has-black-color has-text-color has-medium-font-size\"><strong>Veja o documento assinado pelos 21 governadores:<\/strong><\/p>\n\n\n\n<div class=\"wp-block-file alignleft\"><a href=\"http:\/\/blogdoeloiltoncajuhy.com.br\/site\/wp-content\/uploads\/2021\/03\/Pacto-Nacional-em-Defesa-da-Vida-e-da-Sau\u0301de.vf2_.pdf\" target=\"_blank\" rel=\"noreferrer noopener\">Pacto-Nacional-em-Defesa-da-Vida-e-da-Sau\u0301de.vf2_<\/a><a href=\"http:\/\/blogdoeloiltoncajuhy.com.br\/site\/wp-content\/uploads\/2021\/03\/Pacto-Nacional-em-Defesa-da-Vida-e-da-Sau\u0301de.vf2_.pdf\" class=\"wp-block-file__button\" download>Baixar<\/a><\/div>\n","protected":false},"excerpt":{"rendered":"<p>O governador Rui Costa \u00e9 um dos signat\u00e1rios do &#8220;Pacto Nacional em defesa da Vida e da Sa\u00fade&#8221;, lan\u00e7ado nesta quarta-feira (10), pelo F\u00f3rum Nacional dos Governadores. O documento dirigido a toda na\u00e7\u00e3o pede, entre outras coisas, medidas coordenadas no combate \u00e0 pandemia que incluem maior celeridade na vacina\u00e7\u00e3o e a\u00e7\u00f5es para evitar o agravamento [&hellip;]<\/p>\n","protected":false},"author":2,"featured_media":42402,"comment_status":"open","ping_status":"open","sticky":false,"template":"","format":"standard","meta":{"_acf_changed":false,"_monsterinsights_skip_tracking":false,"_monsterinsights_sitenote_active":false,"_monsterinsights_sitenote_note":"","_monsterinsights_sitenote_category":0,"_jetpack_memberships_contains_paid_content":false,"footnotes":"","jetpack_publicize_message":"","jetpack_publicize_feature_enabled":true,"jetpack_social_post_already_shared":true,"jetpack_social_options":{"image_generator_settings":{"template":"highway","default_image_id":0,"font":"","enabled":false},"version":2}},"categories":[7],"tags":[],"class_list":["post-54671","post","type-post","status-publish","format-standard","has-post-thumbnail","hentry","category-saude"],"acf":[],"jetpack_publicize_connections":[],"jetpack_featured_media_url":"https:\/\/i0.wp.com\/blogdoeloiltoncajuhy.com.br\/site\/wp-content\/uploads\/2020\/03\/coronavirusimagem-6.jpg?fit=1200%2C762&ssl=1","jetpack_sharing_enabled":true,"publishpress_future_workflow_manual_trigger":{"enabledWorkflows":[]},"_links":{"self":[{"href":"https:\/\/blogdoeloiltoncajuhy.com.br\/site\/wp-json\/wp\/v2\/posts\/54671","targetHints":{"allow":["GET"]}}],"collection":[{"href":"https:\/\/blogdoeloiltoncajuhy.com.br\/site\/wp-json\/wp\/v2\/posts"}],"about":[{"href":"https:\/\/blogdoeloiltoncajuhy.com.br\/site\/wp-json\/wp\/v2\/types\/post"}],"author":[{"embeddable":true,"href":"https:\/\/blogdoeloiltoncajuhy.com.br\/site\/wp-json\/wp\/v2\/users\/2"}],"replies":[{"embeddable":true,"href":"https:\/\/blogdoeloiltoncajuhy.com.br\/site\/wp-json\/wp\/v2\/comments?post=54671"}],"version-history":[{"count":2,"href":"https:\/\/blogdoeloiltoncajuhy.com.br\/site\/wp-json\/wp\/v2\/posts\/54671\/revisions"}],"predecessor-version":[{"id":54674,"href":"https:\/\/blogdoeloiltoncajuhy.com.br\/site\/wp-json\/wp\/v2\/posts\/54671\/revisions\/54674"}],"wp:featuredmedia":[{"embeddable":true,"href":"https:\/\/blogdoeloiltoncajuhy.com.br\/site\/wp-json\/wp\/v2\/media\/42402"}],"wp:attachment":[{"href":"https:\/\/blogdoeloiltoncajuhy.com.br\/site\/wp-json\/wp\/v2\/media?parent=54671"}],"wp:term":[{"taxonomy":"category","embeddable":true,"href":"https:\/\/blogdoeloiltoncajuhy.com.br\/site\/wp-json\/wp\/v2\/categories?post=54671"},{"taxonomy":"post_tag","embeddable":true,"href":"https:\/\/blogdoeloiltoncajuhy.com.br\/site\/wp-json\/wp\/v2\/tags?post=54671"}],"curies":[{"name":"wp","href":"https:\/\/api.w.org\/{rel}","templated":true}]}}