{"id":54666,"date":"2021-03-11T08:02:12","date_gmt":"2021-03-11T11:02:12","guid":{"rendered":"http:\/\/blogdoeloiltoncajuhy.com.br\/site\/?p=54666"},"modified":"2021-03-11T08:02:13","modified_gmt":"2021-03-11T11:02:13","slug":"brasil-registra-2-349-mortes-em-24-horas-novo-recorde-desde-inicio-da-pandemia","status":"publish","type":"post","link":"https:\/\/blogdoeloiltoncajuhy.com.br\/site\/brasil-registra-2-349-mortes-em-24-horas-novo-recorde-desde-inicio-da-pandemia\/","title":{"rendered":"Brasil registra 2.349 mortes em 24 horas, novo recorde desde in\u00edcio da pandemia"},"content":{"rendered":"\n<h5 class=\"has-text-align-center wp-block-heading\"><em>Pa\u00eds contabilizou 11.205.972 casos e 270.917 \u00f3bitos por Covid-19 desde o in\u00edcio da pandemia, segundo balan\u00e7o do cons\u00f3rcio de ve\u00edculos de imprensa. Casos e mortes apresentam tend\u00eancia de alta<\/em><\/h5>\n\n\n\n<div class=\"wp-block-image\"><figure class=\"aligncenter size-large\"><img data-recalc-dims=\"1\" fetchpriority=\"high\" decoding=\"async\" width=\"800\" height=\"446\" src=\"https:\/\/i0.wp.com\/blogdoeloiltoncajuhy.com.br\/site\/wp-content\/uploads\/2020\/06\/Coronav%C3%ADrus-20.06.2020.jpg?resize=800%2C446\" alt=\"\" class=\"wp-image-45417\" srcset=\"https:\/\/i0.wp.com\/blogdoeloiltoncajuhy.com.br\/site\/wp-content\/uploads\/2020\/06\/Coronav%C3%ADrus-20.06.2020.jpg?resize=1024%2C571&amp;ssl=1 1024w, https:\/\/i0.wp.com\/blogdoeloiltoncajuhy.com.br\/site\/wp-content\/uploads\/2020\/06\/Coronav%C3%ADrus-20.06.2020.jpg?resize=300%2C167&amp;ssl=1 300w, https:\/\/i0.wp.com\/blogdoeloiltoncajuhy.com.br\/site\/wp-content\/uploads\/2020\/06\/Coronav%C3%ADrus-20.06.2020.jpg?resize=768%2C429&amp;ssl=1 768w, https:\/\/i0.wp.com\/blogdoeloiltoncajuhy.com.br\/site\/wp-content\/uploads\/2020\/06\/Coronav%C3%ADrus-20.06.2020.jpg?w=1292&amp;ssl=1 1292w\" sizes=\"(max-width: 800px) 100vw, 800px\" \/><\/figure><\/div>\n\n\n\n<p>O pa\u00eds registrou 2.349 mortes pela Covid-19 nas \u00faltimas 24 horas &#8212; o maior n\u00famero desde o come\u00e7o da pandemia &#8212; e totalizou nesta quarta-feira (10) 270.917 \u00f3bitos. Com isso, a m\u00e9dia m\u00f3vel de mortes no Brasil nos \u00faltimos 7 dias chegou a 1.645, tamb\u00e9m um recorde. Em compara\u00e7\u00e3o \u00e0 m\u00e9dia de 14 dias atr\u00e1s, a varia\u00e7\u00e3o foi de 43%, indicando tend\u00eancia de alta nos \u00f3bitos pela doen\u00e7a.<\/p>\n\n\n\n<p>\u00c9 o que mostra novo levantamento do cons\u00f3rcio de ve\u00edculos de imprensa sobre a situa\u00e7\u00e3o da pandemia de coronav\u00edrus no Brasil a partir de dados das secretarias estaduais de Sa\u00fade, consolidados \u00e0s 20h desta quarta-feira.<\/p>\n\n\n\n<div class=\"wp-block-image\"><figure class=\"aligncenter size-large\"><img data-recalc-dims=\"1\" decoding=\"async\" width=\"800\" height=\"757\" src=\"https:\/\/i0.wp.com\/blogdoeloiltoncajuhy.com.br\/site\/wp-content\/uploads\/2021\/03\/G1-graficos-mortes.jpeg?resize=800%2C757\" alt=\"\" class=\"wp-image-54667\" srcset=\"https:\/\/i0.wp.com\/blogdoeloiltoncajuhy.com.br\/site\/wp-content\/uploads\/2021\/03\/G1-graficos-mortes.jpeg?w=984&amp;ssl=1 984w, https:\/\/i0.wp.com\/blogdoeloiltoncajuhy.com.br\/site\/wp-content\/uploads\/2021\/03\/G1-graficos-mortes.jpeg?resize=300%2C284&amp;ssl=1 300w, https:\/\/i0.wp.com\/blogdoeloiltoncajuhy.com.br\/site\/wp-content\/uploads\/2021\/03\/G1-graficos-mortes.jpeg?resize=768%2C727&amp;ssl=1 768w\" sizes=\"(max-width: 800px) 100vw, 800px\" \/><figcaption><em>Como o Brasil chegou a 2.349 mortes em 24h \u2014 Foto: Arte G1<\/em><\/figcaption><\/figure><\/div>\n\n\n\n<p>Tamb\u00e9m j\u00e1 s\u00e3o 49 dias seguidos com a m\u00e9dia m\u00f3vel de mortes acima da marca de 1 mil, 13 dias acima de 1,1 mil, e pelo d\u00e9cimo primeiro dia a marca aparece acima de 1,2 mil. Foram 12 recordes seguidos de 27 de fevereiro at\u00e9 aqui.<\/p>\n\n\n\n<div class=\"wp-block-image\"><figure class=\"aligncenter size-large\"><img data-recalc-dims=\"1\" decoding=\"async\" width=\"800\" height=\"702\" src=\"https:\/\/i0.wp.com\/blogdoeloiltoncajuhy.com.br\/site\/wp-content\/uploads\/2021\/03\/G1-graficos-mortes-media.jpeg?resize=800%2C702\" alt=\"\" class=\"wp-image-54668\" srcset=\"https:\/\/i0.wp.com\/blogdoeloiltoncajuhy.com.br\/site\/wp-content\/uploads\/2021\/03\/G1-graficos-mortes-media.jpeg?w=984&amp;ssl=1 984w, https:\/\/i0.wp.com\/blogdoeloiltoncajuhy.com.br\/site\/wp-content\/uploads\/2021\/03\/G1-graficos-mortes-media.jpeg?resize=300%2C263&amp;ssl=1 300w, https:\/\/i0.wp.com\/blogdoeloiltoncajuhy.com.br\/site\/wp-content\/uploads\/2021\/03\/G1-graficos-mortes-media.jpeg?resize=768%2C674&amp;ssl=1 768w\" sizes=\"(max-width: 800px) 100vw, 800px\" \/><figcaption><em>M\u00e9dia m\u00f3vel bate recorde de alta h\u00e1 12 dias \u2014 Foto: Arte G1<\/em><\/figcaption><\/figure><\/div>\n\n\n\n<p>Em casos confirmados, desde o come\u00e7o da pandemia 11.205.972 brasileiros j\u00e1 tiveram ou t\u00eam o novo coronav\u00edrus, com 80.955 desses confirmados no \u00faltimo dia. A m\u00e9dia m\u00f3vel nos \u00faltimos 7 dias foi de 69.107 novos diagn\u00f3sticos por dia &#8212; a maior m\u00e9dia de casos desde o come\u00e7o da pandemia. Isso representa uma varia\u00e7\u00e3o de 32% em rela\u00e7\u00e3o aos casos registrados em duas semanas, o que indica tend\u00eancia de alta tamb\u00e9m nos diagn\u00f3sticos.<\/p>\n\n\n\n<p class=\"has-black-color has-text-color has-medium-font-size\"><strong>Brasil, 10 de mar\u00e7o<\/strong><br><\/p>\n\n\n\n<ul class=\"wp-block-list\"><li><strong>Total de mortes:<\/strong> 270.917<br><\/li><\/ul>\n\n\n\n<ul class=\"wp-block-list\"><li><strong>Registro de mortes em 24 horas:<\/strong> 2.349<br><\/li><\/ul>\n\n\n\n<ul class=\"wp-block-list\"><li><strong>M\u00e9dia de novas mortes nos \u00faltimos 7 dias:<\/strong> 1.645 (varia\u00e7\u00e3o em 14 dias: +43%)<br><\/li><\/ul>\n\n\n\n<ul class=\"wp-block-list\"><li><strong>Total de casos confirmados:<\/strong> 11.205.972<br><\/li><\/ul>\n\n\n\n<ul class=\"wp-block-list\"><li><strong>Registro de casos confirmados em 24 horas:<\/strong> 80.955<br><\/li><\/ul>\n\n\n\n<ul class=\"wp-block-list\"><li><strong>M\u00e9dia de novos casos nos \u00faltimos 7 dias:<\/strong> 69.107 por dia (varia\u00e7\u00e3o em 14 dias: +32%)<\/li><\/ul>\n","protected":false},"excerpt":{"rendered":"<p>Pa\u00eds contabilizou 11.205.972 casos e 270.917 \u00f3bitos por Covid-19 desde o in\u00edcio da pandemia, segundo balan\u00e7o do cons\u00f3rcio de ve\u00edculos de imprensa. Casos e mortes apresentam tend\u00eancia de alta O pa\u00eds registrou 2.349 mortes pela Covid-19 nas \u00faltimas 24 horas &#8212; o maior n\u00famero desde o come\u00e7o da pandemia &#8212; e totalizou nesta quarta-feira (10) [&hellip;]<\/p>\n","protected":false},"author":2,"featured_media":45417,"comment_status":"open","ping_status":"open","sticky":false,"template":"","format":"standard","meta":{"_acf_changed":false,"_monsterinsights_skip_tracking":false,"_monsterinsights_sitenote_active":false,"_monsterinsights_sitenote_note":"","_monsterinsights_sitenote_category":0,"_jetpack_memberships_contains_paid_content":false,"footnotes":"","jetpack_publicize_message":"","jetpack_publicize_feature_enabled":true,"jetpack_social_post_already_shared":true,"jetpack_social_options":{"image_generator_settings":{"template":"highway","default_image_id":0,"font":"","enabled":false},"version":2}},"categories":[7],"tags":[],"class_list":["post-54666","post","type-post","status-publish","format-standard","has-post-thumbnail","hentry","category-saude"],"acf":[],"jetpack_publicize_connections":[],"jetpack_featured_media_url":"https:\/\/i0.wp.com\/blogdoeloiltoncajuhy.com.br\/site\/wp-content\/uploads\/2020\/06\/Coronav%C3%ADrus-20.06.2020.jpg?fit=1292%2C721&ssl=1","jetpack_sharing_enabled":true,"publishpress_future_workflow_manual_trigger":{"enabledWorkflows":[]},"_links":{"self":[{"href":"https:\/\/blogdoeloiltoncajuhy.com.br\/site\/wp-json\/wp\/v2\/posts\/54666","targetHints":{"allow":["GET"]}}],"collection":[{"href":"https:\/\/blogdoeloiltoncajuhy.com.br\/site\/wp-json\/wp\/v2\/posts"}],"about":[{"href":"https:\/\/blogdoeloiltoncajuhy.com.br\/site\/wp-json\/wp\/v2\/types\/post"}],"author":[{"embeddable":true,"href":"https:\/\/blogdoeloiltoncajuhy.com.br\/site\/wp-json\/wp\/v2\/users\/2"}],"replies":[{"embeddable":true,"href":"https:\/\/blogdoeloiltoncajuhy.com.br\/site\/wp-json\/wp\/v2\/comments?post=54666"}],"version-history":[{"count":2,"href":"https:\/\/blogdoeloiltoncajuhy.com.br\/site\/wp-json\/wp\/v2\/posts\/54666\/revisions"}],"predecessor-version":[{"id":54670,"href":"https:\/\/blogdoeloiltoncajuhy.com.br\/site\/wp-json\/wp\/v2\/posts\/54666\/revisions\/54670"}],"wp:featuredmedia":[{"embeddable":true,"href":"https:\/\/blogdoeloiltoncajuhy.com.br\/site\/wp-json\/wp\/v2\/media\/45417"}],"wp:attachment":[{"href":"https:\/\/blogdoeloiltoncajuhy.com.br\/site\/wp-json\/wp\/v2\/media?parent=54666"}],"wp:term":[{"taxonomy":"category","embeddable":true,"href":"https:\/\/blogdoeloiltoncajuhy.com.br\/site\/wp-json\/wp\/v2\/categories?post=54666"},{"taxonomy":"post_tag","embeddable":true,"href":"https:\/\/blogdoeloiltoncajuhy.com.br\/site\/wp-json\/wp\/v2\/tags?post=54666"}],"curies":[{"name":"wp","href":"https:\/\/api.w.org\/{rel}","templated":true}]}}