{"id":54656,"date":"2021-03-10T10:14:14","date_gmt":"2021-03-10T13:14:14","guid":{"rendered":"http:\/\/blogdoeloiltoncajuhy.com.br\/site\/?p=54656"},"modified":"2021-03-10T10:14:16","modified_gmt":"2021-03-10T13:14:16","slug":"brasileiro-comemora-inicio-das-obras-de-esgotamento-sanitario-em-bonfim","status":"publish","type":"post","link":"https:\/\/blogdoeloiltoncajuhy.com.br\/site\/brasileiro-comemora-inicio-das-obras-de-esgotamento-sanitario-em-bonfim\/","title":{"rendered":"Brasileiro comemora in\u00edcio das obras de esgotamento sanit\u00e1rio em Bonfim"},"content":{"rendered":"\n<div class=\"wp-block-image\"><figure class=\"aligncenter size-full is-resized\"><img data-recalc-dims=\"1\" fetchpriority=\"high\" decoding=\"async\" src=\"https:\/\/i0.wp.com\/blogdoeloiltoncajuhy.com.br\/site\/wp-content\/uploads\/2015\/07\/esgotamento_Manu_Dias_Secom.jpg?resize=520%2C287\" alt=\"\" class=\"wp-image-2345\" width=\"520\" height=\"287\" srcset=\"https:\/\/i0.wp.com\/blogdoeloiltoncajuhy.com.br\/site\/wp-content\/uploads\/2015\/07\/esgotamento_Manu_Dias_Secom.jpg?w=520&amp;ssl=1 520w, https:\/\/i0.wp.com\/blogdoeloiltoncajuhy.com.br\/site\/wp-content\/uploads\/2015\/07\/esgotamento_Manu_Dias_Secom.jpg?resize=300%2C166&amp;ssl=1 300w, https:\/\/i0.wp.com\/blogdoeloiltoncajuhy.com.br\/site\/wp-content\/uploads\/2015\/07\/esgotamento_Manu_Dias_Secom.jpg?resize=250%2C138&amp;ssl=1 250w\" sizes=\"(max-width: 520px) 100vw, 520px\" \/><figcaption><em>Foto: Manu Dias\/GOVBA<\/em><\/figcaption><\/figure><\/div>\n\n\n\n<p>Uma luta iniciada h\u00e1 cerca de 10 anos pelo ex-prefeito Carlos Brasileiro (PT), em um compromisso assumido com a popula\u00e7\u00e3o de Senhor do Bonfim desde quando era deputado estadual, est\u00e1 se concretizando. Com investimento da ordem de R$ 57 milh\u00f5es, as obras de esgotamento sanit\u00e1rio da sede do munic\u00edpio finalmente come\u00e7am nas pr\u00f3ximas semanas.<\/p>\n\n\n\n<p>Os servi\u00e7os da primeira etapa incluem 70,9 quil\u00f4metros de rede coletora, beneficiando 6,8 mil resid\u00eancias e pontos comerciais. A obra do Governo do Estado, atrav\u00e9s da Embasa, ser\u00e1 executada pela empresa PJ Constru\u00e7\u00f5es, que venceu a licita\u00e7\u00e3o.<\/p>\n\n\n\n<p>Brasileiro solicitou a obra ao governo estadual e acompanhou desde os primeiros passos da proposta. Ele destacou o impacto social que o projeto proporcionar\u00e1 a Bonfim. <em>\u201cJ\u00e1 na Prefeitura, acompanhamos durante a gest\u00e3o os \u00faltimos passos antes da execu\u00e7\u00e3o do projeto. \u00c9 mais um compromisso assumido que est\u00e1 sendo realizado. Uma conquista do nosso povo e mais uma grande obra do Governador Rui Costa em Bonfim\u201d<\/em>, destacou o ex-prefeito.<\/p>\n\n\n\n<p>O sistema de esgotamento sanit\u00e1rio vai garantir n\u00e3o apenas melhorias para a infraestrutura do munic\u00edpio, como tamb\u00e9m proporcionar mais sa\u00fade para a popula\u00e7\u00e3o. A obra, em todas as etapas, totalizar\u00e1 148 quil\u00f4metros de rede coletora e beneficiar\u00e1 15,3 mil unidades domiciliares de Bonfim. O projeto da Embasa inclui uma esta\u00e7\u00e3o de tratamento e uma esta\u00e7\u00e3o elevat\u00f3ria, al\u00e9m de um coletor tronco, tr\u00eas intercessores e uma linha de recalque de 6,5 quil\u00f4metros.<\/p>\n\n\n\n<p>A empresa PJ Constru\u00e7\u00f5es deve iniciar nas pr\u00f3ximas semanas a implanta\u00e7\u00e3o do canteiro de obras no munic\u00edpio, gerando v\u00e1rias oportunidades. A estimativa \u00e9 que as obras da primeira etapa sejam conclu\u00eddas at\u00e9 o final de 2022.<\/p>\n\n\n\n<div class=\"wp-block-image\"><figure class=\"aligncenter size-large\"><img data-recalc-dims=\"1\" decoding=\"async\" width=\"800\" height=\"534\" src=\"https:\/\/i0.wp.com\/blogdoeloiltoncajuhy.com.br\/site\/wp-content\/uploads\/2015\/05\/Brasileiro-05_Mateus-Pereira-_-SECOM-2.jpg?resize=800%2C534\" alt=\"\" class=\"wp-image-804\" srcset=\"https:\/\/i0.wp.com\/blogdoeloiltoncajuhy.com.br\/site\/wp-content\/uploads\/2015\/05\/Brasileiro-05_Mateus-Pereira-_-SECOM-2.jpg?resize=1024%2C683&amp;ssl=1 1024w, https:\/\/i0.wp.com\/blogdoeloiltoncajuhy.com.br\/site\/wp-content\/uploads\/2015\/05\/Brasileiro-05_Mateus-Pereira-_-SECOM-2.jpg?resize=300%2C200&amp;ssl=1 300w, https:\/\/i0.wp.com\/blogdoeloiltoncajuhy.com.br\/site\/wp-content\/uploads\/2015\/05\/Brasileiro-05_Mateus-Pereira-_-SECOM-2.jpg?resize=250%2C167&amp;ssl=1 250w, https:\/\/i0.wp.com\/blogdoeloiltoncajuhy.com.br\/site\/wp-content\/uploads\/2015\/05\/Brasileiro-05_Mateus-Pereira-_-SECOM-2.jpg?w=1600 1600w\" sizes=\"(max-width: 800px) 100vw, 800px\" \/><figcaption><em>Foto: Mateus Pereira\/SECOM<\/em><\/figcaption><\/figure><\/div>\n","protected":false},"excerpt":{"rendered":"<p>Uma luta iniciada h\u00e1 cerca de 10 anos pelo ex-prefeito Carlos Brasileiro (PT), em um compromisso assumido com a popula\u00e7\u00e3o de Senhor do Bonfim desde quando era deputado estadual, est\u00e1 se concretizando. Com investimento da ordem de R$ 57 milh\u00f5es, as obras de esgotamento sanit\u00e1rio da sede do munic\u00edpio finalmente come\u00e7am nas pr\u00f3ximas semanas. Os [&hellip;]<\/p>\n","protected":false},"author":2,"featured_media":2345,"comment_status":"open","ping_status":"open","sticky":false,"template":"","format":"standard","meta":{"_acf_changed":false,"_monsterinsights_skip_tracking":false,"_monsterinsights_sitenote_active":false,"_monsterinsights_sitenote_note":"","_monsterinsights_sitenote_category":0,"_jetpack_memberships_contains_paid_content":false,"footnotes":"","jetpack_publicize_message":"","jetpack_publicize_feature_enabled":true,"jetpack_social_post_already_shared":true,"jetpack_social_options":{"image_generator_settings":{"template":"highway","default_image_id":0,"font":"","enabled":false},"version":2}},"categories":[4],"tags":[],"class_list":["post-54656","post","type-post","status-publish","format-standard","has-post-thumbnail","hentry","category-local"],"acf":[],"jetpack_publicize_connections":[],"jetpack_featured_media_url":"https:\/\/i0.wp.com\/blogdoeloiltoncajuhy.com.br\/site\/wp-content\/uploads\/2015\/07\/esgotamento_Manu_Dias_Secom.jpg?fit=520%2C287&ssl=1","jetpack_sharing_enabled":true,"publishpress_future_workflow_manual_trigger":{"enabledWorkflows":[]},"_links":{"self":[{"href":"https:\/\/blogdoeloiltoncajuhy.com.br\/site\/wp-json\/wp\/v2\/posts\/54656","targetHints":{"allow":["GET"]}}],"collection":[{"href":"https:\/\/blogdoeloiltoncajuhy.com.br\/site\/wp-json\/wp\/v2\/posts"}],"about":[{"href":"https:\/\/blogdoeloiltoncajuhy.com.br\/site\/wp-json\/wp\/v2\/types\/post"}],"author":[{"embeddable":true,"href":"https:\/\/blogdoeloiltoncajuhy.com.br\/site\/wp-json\/wp\/v2\/users\/2"}],"replies":[{"embeddable":true,"href":"https:\/\/blogdoeloiltoncajuhy.com.br\/site\/wp-json\/wp\/v2\/comments?post=54656"}],"version-history":[{"count":2,"href":"https:\/\/blogdoeloiltoncajuhy.com.br\/site\/wp-json\/wp\/v2\/posts\/54656\/revisions"}],"predecessor-version":[{"id":54658,"href":"https:\/\/blogdoeloiltoncajuhy.com.br\/site\/wp-json\/wp\/v2\/posts\/54656\/revisions\/54658"}],"wp:featuredmedia":[{"embeddable":true,"href":"https:\/\/blogdoeloiltoncajuhy.com.br\/site\/wp-json\/wp\/v2\/media\/2345"}],"wp:attachment":[{"href":"https:\/\/blogdoeloiltoncajuhy.com.br\/site\/wp-json\/wp\/v2\/media?parent=54656"}],"wp:term":[{"taxonomy":"category","embeddable":true,"href":"https:\/\/blogdoeloiltoncajuhy.com.br\/site\/wp-json\/wp\/v2\/categories?post=54656"},{"taxonomy":"post_tag","embeddable":true,"href":"https:\/\/blogdoeloiltoncajuhy.com.br\/site\/wp-json\/wp\/v2\/tags?post=54656"}],"curies":[{"name":"wp","href":"https:\/\/api.w.org\/{rel}","templated":true}]}}