{"id":54647,"date":"2021-03-10T08:54:15","date_gmt":"2021-03-10T11:54:15","guid":{"rendered":"http:\/\/blogdoeloiltoncajuhy.com.br\/site\/?p=54647"},"modified":"2021-03-10T08:54:16","modified_gmt":"2021-03-10T11:54:16","slug":"prefeitura-de-andorinha-realiza-reuniao-para-debater-politica-de-residuos-solidos-no-municipio","status":"publish","type":"post","link":"https:\/\/blogdoeloiltoncajuhy.com.br\/site\/prefeitura-de-andorinha-realiza-reuniao-para-debater-politica-de-residuos-solidos-no-municipio\/","title":{"rendered":"Prefeitura de Andorinha realiza reuni\u00e3o para debater pol\u00edtica de res\u00edduos s\u00f3lidos no munic\u00edpio"},"content":{"rendered":"\n<div class=\"wp-block-image\"><figure class=\"aligncenter size-large\"><img data-recalc-dims=\"1\" fetchpriority=\"high\" decoding=\"async\" width=\"800\" height=\"600\" src=\"https:\/\/i0.wp.com\/blogdoeloiltoncajuhy.com.br\/site\/wp-content\/uploads\/2021\/03\/PMA_ReuniaoResiduos-01.jpeg?resize=800%2C600\" alt=\"\" class=\"wp-image-54648\" srcset=\"https:\/\/i0.wp.com\/blogdoeloiltoncajuhy.com.br\/site\/wp-content\/uploads\/2021\/03\/PMA_ReuniaoResiduos-01.jpeg?resize=1024%2C768&amp;ssl=1 1024w, https:\/\/i0.wp.com\/blogdoeloiltoncajuhy.com.br\/site\/wp-content\/uploads\/2021\/03\/PMA_ReuniaoResiduos-01.jpeg?resize=300%2C225&amp;ssl=1 300w, https:\/\/i0.wp.com\/blogdoeloiltoncajuhy.com.br\/site\/wp-content\/uploads\/2021\/03\/PMA_ReuniaoResiduos-01.jpeg?resize=768%2C576&amp;ssl=1 768w, https:\/\/i0.wp.com\/blogdoeloiltoncajuhy.com.br\/site\/wp-content\/uploads\/2021\/03\/PMA_ReuniaoResiduos-01.jpeg?w=1280&amp;ssl=1 1280w\" sizes=\"(max-width: 800px) 100vw, 800px\" \/><\/figure><\/div>\n\n\n\n<p>Esteve reunida na tarde de segunda-feira (08) no Col\u00e9gio Municipal Jonival Lucas, em Andorinha, a comiss\u00e3o formada por secret\u00e1rios, t\u00e9cnicos, procuradoria jur\u00eddica e representantes das secretarias municipais para discutir e avaliar as a\u00e7\u00f5es que v\u00eam sendo desenvolvidas pela gest\u00e3o quanto a disposi\u00e7\u00e3o final de res\u00edduos s\u00f3lidos no munic\u00edpio.<\/p>\n\n\n\n<p>O Prefeito Renato Brand\u00e3o assinou Termo de Ajustamento de Conduta (TAC) com o Minist\u00e9rio P\u00fablico da Bahia, por interm\u00e9dio da Promotoria de Justi\u00e7a de Euclides da Cunha, em 2019. Desde ent\u00e3o, a gest\u00e3o n\u00e3o tem medido esfor\u00e7os para desenvolver a\u00e7\u00f5es para minimizar os problemas causados pelo lix\u00e3o, que consiste desde a finaliza\u00e7\u00e3o da elabora\u00e7\u00e3o do Plano Municipal de Saneamento B\u00e1sico \u00e0 implanta\u00e7\u00e3o de aterro sanit\u00e1rio no munic\u00edpio ou a destina\u00e7\u00e3o final adequada desses res\u00edduos.<\/p>\n\n\n\n<p>Buscando enfrentar esse desafio, a Secretaria de Desenvolvimento Rural e Meio Ambiente e a Secretaria de A\u00e7\u00e3o Social t\u00eam dado total apoio ao funcionamento da Associa\u00e7\u00e3o de Catadores, como a regulariza\u00e7\u00e3o da entidade, o aluguel de um galp\u00e3o com mesa de triagem e 01 prensa (doa\u00e7\u00e3o da Empresa Ferbasa) para o manejo dos res\u00edduos recicl\u00e1veis, a disponibiliza\u00e7\u00e3o de carrinhos para a coleta de tais res\u00edduos, a implanta\u00e7\u00e3o de 12 pontos de entrega volunt\u00e1ria de materiais recicl\u00e1veis distribu\u00eddos na sede do munic\u00edpio, o fornecimento de EPIs e acompanhamento dos t\u00e9cnicos de assist\u00eancia social atrav\u00e9s dos servi\u00e7os sociais.<\/p>\n\n\n\n<div class=\"wp-block-image\"><figure class=\"aligncenter size-large\"><img data-recalc-dims=\"1\" decoding=\"async\" width=\"800\" height=\"600\" src=\"https:\/\/i0.wp.com\/blogdoeloiltoncajuhy.com.br\/site\/wp-content\/uploads\/2021\/03\/PMA_ReuniaoResiduos-02.jpeg?resize=800%2C600\" alt=\"\" class=\"wp-image-54649\" srcset=\"https:\/\/i0.wp.com\/blogdoeloiltoncajuhy.com.br\/site\/wp-content\/uploads\/2021\/03\/PMA_ReuniaoResiduos-02.jpeg?resize=1024%2C768&amp;ssl=1 1024w, https:\/\/i0.wp.com\/blogdoeloiltoncajuhy.com.br\/site\/wp-content\/uploads\/2021\/03\/PMA_ReuniaoResiduos-02.jpeg?resize=300%2C225&amp;ssl=1 300w, https:\/\/i0.wp.com\/blogdoeloiltoncajuhy.com.br\/site\/wp-content\/uploads\/2021\/03\/PMA_ReuniaoResiduos-02.jpeg?resize=768%2C576&amp;ssl=1 768w, https:\/\/i0.wp.com\/blogdoeloiltoncajuhy.com.br\/site\/wp-content\/uploads\/2021\/03\/PMA_ReuniaoResiduos-02.jpeg?w=1280&amp;ssl=1 1280w\" sizes=\"(max-width: 800px) 100vw, 800px\" \/><\/figure><\/div>\n\n\n\n<p>Uma parceria do Departamento de Meio Ambiente com as demais secretarias municipais vem desenvolvendo um projeto piloto para implanta\u00e7\u00e3o da coleta seletiva, inicialmente com a distribui\u00e7\u00e3o de kits de lixeiras nos pr\u00e9dios p\u00fablicos e a realiza\u00e7\u00e3o de palestras com servidores para sensibiliza\u00e7\u00e3o e divulga\u00e7\u00e3o como j\u00e1 aconteceu com as secretarias de Educa\u00e7\u00e3o e Sa\u00fade. De forma experimental est\u00e1 sendo iniciada a coleta seletiva em um bairro da cidade.<\/p>\n\n\n\n<p>Atrav\u00e9s da Secretaria de Infraestrutura e Meio Ambiente, a gest\u00e3o municipal tem investido na \u00e1rea onde est\u00e1 implantado o lix\u00e3o, com o cercamento para evitar a entrada de animais, implanta\u00e7\u00e3o de placas de advert\u00eancia para a proibi\u00e7\u00e3o da queima do lixo e defini\u00e7\u00e3o dos demais setores para disposi\u00e7\u00e3o organizada e a compacta\u00e7\u00e3o do lixo.<\/p>\n\n\n\n<p>A reuni\u00e3o que contou com a participa\u00e7\u00e3o do Prefeito Renato Brand\u00e3o, foi avaliada como proveitosa, ficando definido novo encontro para a pr\u00f3xima segunda-feira, dia 15, para tra\u00e7ar o plano de a\u00e7\u00e3o com novas metas, principalmente para a implementa\u00e7\u00e3o da coleta seletiva, que \u00e9 <em>\u201co maior desafio dos gestores municipais de todo o Brasil e n\u00e3o \u00e9 diferente em nosso munic\u00edpio, mas tenho certeza que o povo de Andorinha \u00e9 consciente e educado e vai apoiar e aprovar o nosso projeto da coleta seletiva. Vamos unir for\u00e7as e transformar nossa cidade e, quem sabe, ser refer\u00eancia em nossa regi\u00e3o\u201d<\/em>, disse Renato Brand\u00e3o.<\/p>\n","protected":false},"excerpt":{"rendered":"<p>Esteve reunida na tarde de segunda-feira (08) no Col\u00e9gio Municipal Jonival Lucas, em Andorinha, a comiss\u00e3o formada por secret\u00e1rios, t\u00e9cnicos, procuradoria jur\u00eddica e representantes das secretarias municipais para discutir e avaliar as a\u00e7\u00f5es que v\u00eam sendo desenvolvidas pela gest\u00e3o quanto a disposi\u00e7\u00e3o final de res\u00edduos s\u00f3lidos no munic\u00edpio. O Prefeito Renato Brand\u00e3o assinou Termo de [&hellip;]<\/p>\n","protected":false},"author":2,"featured_media":54649,"comment_status":"open","ping_status":"open","sticky":false,"template":"","format":"standard","meta":{"_acf_changed":false,"_monsterinsights_skip_tracking":false,"_monsterinsights_sitenote_active":false,"_monsterinsights_sitenote_note":"","_monsterinsights_sitenote_category":0,"_jetpack_memberships_contains_paid_content":false,"footnotes":"","jetpack_publicize_message":"","jetpack_publicize_feature_enabled":true,"jetpack_social_post_already_shared":true,"jetpack_social_options":{"image_generator_settings":{"template":"highway","default_image_id":0,"font":"","enabled":false},"version":2}},"categories":[11],"tags":[],"class_list":["post-54647","post","type-post","status-publish","format-standard","has-post-thumbnail","hentry","category-regional"],"acf":[],"jetpack_publicize_connections":[],"jetpack_featured_media_url":"https:\/\/i0.wp.com\/blogdoeloiltoncajuhy.com.br\/site\/wp-content\/uploads\/2021\/03\/PMA_ReuniaoResiduos-02.jpeg?fit=1280%2C960&ssl=1","jetpack_sharing_enabled":true,"publishpress_future_workflow_manual_trigger":{"enabledWorkflows":[]},"_links":{"self":[{"href":"https:\/\/blogdoeloiltoncajuhy.com.br\/site\/wp-json\/wp\/v2\/posts\/54647","targetHints":{"allow":["GET"]}}],"collection":[{"href":"https:\/\/blogdoeloiltoncajuhy.com.br\/site\/wp-json\/wp\/v2\/posts"}],"about":[{"href":"https:\/\/blogdoeloiltoncajuhy.com.br\/site\/wp-json\/wp\/v2\/types\/post"}],"author":[{"embeddable":true,"href":"https:\/\/blogdoeloiltoncajuhy.com.br\/site\/wp-json\/wp\/v2\/users\/2"}],"replies":[{"embeddable":true,"href":"https:\/\/blogdoeloiltoncajuhy.com.br\/site\/wp-json\/wp\/v2\/comments?post=54647"}],"version-history":[{"count":2,"href":"https:\/\/blogdoeloiltoncajuhy.com.br\/site\/wp-json\/wp\/v2\/posts\/54647\/revisions"}],"predecessor-version":[{"id":54651,"href":"https:\/\/blogdoeloiltoncajuhy.com.br\/site\/wp-json\/wp\/v2\/posts\/54647\/revisions\/54651"}],"wp:featuredmedia":[{"embeddable":true,"href":"https:\/\/blogdoeloiltoncajuhy.com.br\/site\/wp-json\/wp\/v2\/media\/54649"}],"wp:attachment":[{"href":"https:\/\/blogdoeloiltoncajuhy.com.br\/site\/wp-json\/wp\/v2\/media?parent=54647"}],"wp:term":[{"taxonomy":"category","embeddable":true,"href":"https:\/\/blogdoeloiltoncajuhy.com.br\/site\/wp-json\/wp\/v2\/categories?post=54647"},{"taxonomy":"post_tag","embeddable":true,"href":"https:\/\/blogdoeloiltoncajuhy.com.br\/site\/wp-json\/wp\/v2\/tags?post=54647"}],"curies":[{"name":"wp","href":"https:\/\/api.w.org\/{rel}","templated":true}]}}