{"id":54641,"date":"2021-03-09T09:53:53","date_gmt":"2021-03-09T12:53:53","guid":{"rendered":"http:\/\/blogdoeloiltoncajuhy.com.br\/site\/?p=54641"},"modified":"2021-03-09T09:53:54","modified_gmt":"2021-03-09T12:53:54","slug":"queda-de-energia-eletrica-afeta-abastecimento-de-agua-em-itiuba-cansancao-monte-santo-nordestina-euclides-da-cunha-e-quijingue","status":"publish","type":"post","link":"https:\/\/blogdoeloiltoncajuhy.com.br\/site\/queda-de-energia-eletrica-afeta-abastecimento-de-agua-em-itiuba-cansancao-monte-santo-nordestina-euclides-da-cunha-e-quijingue\/","title":{"rendered":"Queda de energia el\u00e9trica afeta abastecimento de \u00e1gua em Iti\u00faba, Cansan\u00e7\u00e3o, Monte Santo, Nordestina, Euclides da Cunha e Quijingue"},"content":{"rendered":"\n<div class=\"wp-block-image\"><figure class=\"aligncenter size-large is-resized\"><img data-recalc-dims=\"1\" fetchpriority=\"high\" decoding=\"async\" src=\"https:\/\/i0.wp.com\/blogdoeloiltoncajuhy.com.br\/site\/wp-content\/uploads\/2021\/03\/Embasa_Informe-09.03.2021.jpeg?resize=512%2C507\" alt=\"\" class=\"wp-image-54642\" width=\"512\" height=\"507\" srcset=\"https:\/\/i0.wp.com\/blogdoeloiltoncajuhy.com.br\/site\/wp-content\/uploads\/2021\/03\/Embasa_Informe-09.03.2021.jpeg?resize=1024%2C1013&amp;ssl=1 1024w, https:\/\/i0.wp.com\/blogdoeloiltoncajuhy.com.br\/site\/wp-content\/uploads\/2021\/03\/Embasa_Informe-09.03.2021.jpeg?resize=300%2C297&amp;ssl=1 300w, https:\/\/i0.wp.com\/blogdoeloiltoncajuhy.com.br\/site\/wp-content\/uploads\/2021\/03\/Embasa_Informe-09.03.2021.jpeg?resize=150%2C150&amp;ssl=1 150w, https:\/\/i0.wp.com\/blogdoeloiltoncajuhy.com.br\/site\/wp-content\/uploads\/2021\/03\/Embasa_Informe-09.03.2021.jpeg?resize=768%2C760&amp;ssl=1 768w, https:\/\/i0.wp.com\/blogdoeloiltoncajuhy.com.br\/site\/wp-content\/uploads\/2021\/03\/Embasa_Informe-09.03.2021.jpeg?w=1125&amp;ssl=1 1125w\" sizes=\"(max-width: 512px) 100vw, 512px\" \/><\/figure><\/div>\n\n\n\n<p>A Embasa informa que uma queda de energia el\u00e9trica afetou os sistemas de abastecimento de \u00e1gua de R\u00f4mulo Campos e Tucano Sul desde a tarde de ontem (08), prejudicando o fornecimento de \u00e1gua nos munic\u00edpios de Iti\u00faba, Cansan\u00e7\u00e3o, Monte Santo, Nordestina, Euclides da Cunha e Quijingue.<\/p>\n\n\n\n<p>A Coelba j\u00e1 trabalha para restabelecer o fornecimento da energia e prev\u00ea concluir os servi\u00e7os na manh\u00e3 de hoje (09). A Embasa aguarda esta regulariza\u00e7\u00e3o para reiniciar os servi\u00e7os relacionados ao abastecimento de \u00e1gua nos munic\u00edpios afetados.<\/p>\n\n\n\n<p>Moradores cujos im\u00f3veis possuem reserva\u00e7\u00e3o adequada e suficiente poder\u00e3o sentir menores efeitos da interrup\u00e7\u00e3o, mas \u00e9 recomend\u00e1vel que todos economizem \u00e1gua neste per\u00edodo.<\/p>\n","protected":false},"excerpt":{"rendered":"<p>A Embasa informa que uma queda de energia el\u00e9trica afetou os sistemas de abastecimento de \u00e1gua de R\u00f4mulo Campos e Tucano Sul desde a tarde de ontem (08), prejudicando o fornecimento de \u00e1gua nos munic\u00edpios de Iti\u00faba, Cansan\u00e7\u00e3o, Monte Santo, Nordestina, Euclides da Cunha e Quijingue. A Coelba j\u00e1 trabalha para restabelecer o fornecimento da [&hellip;]<\/p>\n","protected":false},"author":2,"featured_media":54642,"comment_status":"open","ping_status":"open","sticky":false,"template":"","format":"standard","meta":{"_acf_changed":false,"_monsterinsights_skip_tracking":false,"_monsterinsights_sitenote_active":false,"_monsterinsights_sitenote_note":"","_monsterinsights_sitenote_category":0,"_jetpack_memberships_contains_paid_content":false,"footnotes":"","jetpack_publicize_message":"","jetpack_publicize_feature_enabled":true,"jetpack_social_post_already_shared":true,"jetpack_social_options":{"image_generator_settings":{"template":"highway","default_image_id":0,"font":"","enabled":false},"version":2}},"categories":[11],"tags":[],"class_list":["post-54641","post","type-post","status-publish","format-standard","has-post-thumbnail","hentry","category-regional"],"acf":[],"jetpack_publicize_connections":[],"jetpack_featured_media_url":"https:\/\/i0.wp.com\/blogdoeloiltoncajuhy.com.br\/site\/wp-content\/uploads\/2021\/03\/Embasa_Informe-09.03.2021.jpeg?fit=1125%2C1113&ssl=1","jetpack_sharing_enabled":true,"publishpress_future_workflow_manual_trigger":{"enabledWorkflows":[]},"_links":{"self":[{"href":"https:\/\/blogdoeloiltoncajuhy.com.br\/site\/wp-json\/wp\/v2\/posts\/54641","targetHints":{"allow":["GET"]}}],"collection":[{"href":"https:\/\/blogdoeloiltoncajuhy.com.br\/site\/wp-json\/wp\/v2\/posts"}],"about":[{"href":"https:\/\/blogdoeloiltoncajuhy.com.br\/site\/wp-json\/wp\/v2\/types\/post"}],"author":[{"embeddable":true,"href":"https:\/\/blogdoeloiltoncajuhy.com.br\/site\/wp-json\/wp\/v2\/users\/2"}],"replies":[{"embeddable":true,"href":"https:\/\/blogdoeloiltoncajuhy.com.br\/site\/wp-json\/wp\/v2\/comments?post=54641"}],"version-history":[{"count":1,"href":"https:\/\/blogdoeloiltoncajuhy.com.br\/site\/wp-json\/wp\/v2\/posts\/54641\/revisions"}],"predecessor-version":[{"id":54643,"href":"https:\/\/blogdoeloiltoncajuhy.com.br\/site\/wp-json\/wp\/v2\/posts\/54641\/revisions\/54643"}],"wp:featuredmedia":[{"embeddable":true,"href":"https:\/\/blogdoeloiltoncajuhy.com.br\/site\/wp-json\/wp\/v2\/media\/54642"}],"wp:attachment":[{"href":"https:\/\/blogdoeloiltoncajuhy.com.br\/site\/wp-json\/wp\/v2\/media?parent=54641"}],"wp:term":[{"taxonomy":"category","embeddable":true,"href":"https:\/\/blogdoeloiltoncajuhy.com.br\/site\/wp-json\/wp\/v2\/categories?post=54641"},{"taxonomy":"post_tag","embeddable":true,"href":"https:\/\/blogdoeloiltoncajuhy.com.br\/site\/wp-json\/wp\/v2\/tags?post=54641"}],"curies":[{"name":"wp","href":"https:\/\/api.w.org\/{rel}","templated":true}]}}