{"id":54637,"date":"2021-03-09T09:06:10","date_gmt":"2021-03-09T12:06:10","guid":{"rendered":"http:\/\/blogdoeloiltoncajuhy.com.br\/site\/?p=54637"},"modified":"2021-03-09T09:06:11","modified_gmt":"2021-03-09T12:06:11","slug":"covid-19-cinco-pessoas-da-mesma-familia-morrem-em-menos-de-um-mes-na-bahia","status":"publish","type":"post","link":"https:\/\/blogdoeloiltoncajuhy.com.br\/site\/covid-19-cinco-pessoas-da-mesma-familia-morrem-em-menos-de-um-mes-na-bahia\/","title":{"rendered":"Covid-19: Cinco pessoas da mesma fam\u00edlia morrem em menos de um m\u00eas na Bahia"},"content":{"rendered":"\n<h5 class=\"has-text-align-center wp-block-heading\"><em>\u00daltima v\u00edtima foi Cleiton, que morreu no domingo (7), mesmo dia em que completou 33 anos. Dias antes dele morreram a m\u00e3e, o pai, o cunhado e o irm\u00e3o<\/em><\/h5>\n\n\n\n<div class=\"wp-block-image\"><figure class=\"aligncenter size-large\"><img data-recalc-dims=\"1\" fetchpriority=\"high\" decoding=\"async\" width=\"800\" height=\"502\" src=\"https:\/\/i0.wp.com\/blogdoeloiltoncajuhy.com.br\/site\/wp-content\/uploads\/2021\/03\/jovem-morre-brumado.jpg?resize=800%2C502\" alt=\"\" class=\"wp-image-54638\" srcset=\"https:\/\/i0.wp.com\/blogdoeloiltoncajuhy.com.br\/site\/wp-content\/uploads\/2021\/03\/jovem-morre-brumado.jpg?w=984&amp;ssl=1 984w, https:\/\/i0.wp.com\/blogdoeloiltoncajuhy.com.br\/site\/wp-content\/uploads\/2021\/03\/jovem-morre-brumado.jpg?resize=300%2C188&amp;ssl=1 300w, https:\/\/i0.wp.com\/blogdoeloiltoncajuhy.com.br\/site\/wp-content\/uploads\/2021\/03\/jovem-morre-brumado.jpg?resize=768%2C482&amp;ssl=1 768w\" sizes=\"(max-width: 800px) 100vw, 800px\" \/><figcaption><em>A \u00faltima morte foi de um jovem identificado como Cleiton, aos 33 anos \u2014 Foto: Reprodu\u00e7\u00e3o\/TV Bahia<\/em><\/figcaption><\/figure><\/div>\n\n\n\n<p>Cinco pessoas de uma mesma fam\u00edlia morreram em decorr\u00eancia da Covid-19, em menos de um m\u00eas, em Vit\u00f3ria da Conquista, no sudoeste da Bahia. A \u00faltima morte foi registrada no domingo (7).<\/p>\n\n\n\n<p>A fam\u00edlia \u00e9 da cidade de Brumado, que fica a cerca de 140 km de Vit\u00f3ria da Conquista. Os cinco estavam internados em Unidades de Terapia Intensiva (UTIs), entre os hospitais S\u00e3o Vicente, das Cl\u00ednicas e o Hospital Geral de Vit\u00f3ria da Conquista.<\/p>\n\n\n\n<p>A \u00faltima v\u00edtima foi um jovem identificado como Cleiton, que morreu no dia em que completou 33 anos. Dias antes dele, morreram a m\u00e3e, Z\u00e9lia, e o pai, Jos\u00e9 Luiz. O casal estava na faixa dos 75 anos. O cunhado de Cleiton, Ant\u00f4nio, foi a terceira v\u00edtima da fam\u00edlia a perder a vida para o coronav\u00edrus.<\/p>\n\n\n\n<p>A quarta pessoa a morrer foi o irm\u00e3o de Cleiton, L\u00facio, que tamb\u00e9m era filho de Z\u00e9lia e Jos\u00e9 Luiz. De acordo com a fam\u00edlia, eles n\u00e3o souberam das mortes uns dos outros porque estavam na UTI.<\/p>\n\n\n\n<p>O casal Z\u00e9lia e Jos\u00e9 Luiz deixa outros cinco filhos. Cleiton deixa uma filha e L\u00facio deixa duas. Ant\u00f4nio, que tamb\u00e9m deixa um filho, se contaminou ao cuidar do sogro, Jos\u00e9 Luiz, quando ele adoeceu.<\/p>\n\n\n\n<p>O enterro de Cleiton foi na tarde de domingo. O carro da funer\u00e1ria passou pela casa da fam\u00edlia, todo fechado, para que vizinhos e familiares se despedissem do corpo. O enterro foi realizado em Brumado.<\/p>\n","protected":false},"excerpt":{"rendered":"<p>\u00daltima v\u00edtima foi Cleiton, que morreu no domingo (7), mesmo dia em que completou 33 anos. Dias antes dele morreram a m\u00e3e, o pai, o cunhado e o irm\u00e3o Cinco pessoas de uma mesma fam\u00edlia morreram em decorr\u00eancia da Covid-19, em menos de um m\u00eas, em Vit\u00f3ria da Conquista, no sudoeste da Bahia. A \u00faltima [&hellip;]<\/p>\n","protected":false},"author":2,"featured_media":42701,"comment_status":"open","ping_status":"open","sticky":false,"template":"","format":"standard","meta":{"_acf_changed":false,"_monsterinsights_skip_tracking":false,"_monsterinsights_sitenote_active":false,"_monsterinsights_sitenote_note":"","_monsterinsights_sitenote_category":0,"_jetpack_memberships_contains_paid_content":false,"footnotes":"","jetpack_publicize_message":"","jetpack_publicize_feature_enabled":true,"jetpack_social_post_already_shared":true,"jetpack_social_options":{"image_generator_settings":{"template":"highway","default_image_id":0,"font":"","enabled":false},"version":2}},"categories":[7],"tags":[],"class_list":["post-54637","post","type-post","status-publish","format-standard","has-post-thumbnail","hentry","category-saude"],"acf":[],"jetpack_publicize_connections":[],"jetpack_featured_media_url":"https:\/\/i0.wp.com\/blogdoeloiltoncajuhy.com.br\/site\/wp-content\/uploads\/2020\/04\/coronavirusimagem-8.jpg?fit=768%2C548&ssl=1","jetpack_sharing_enabled":true,"publishpress_future_workflow_manual_trigger":{"enabledWorkflows":[]},"_links":{"self":[{"href":"https:\/\/blogdoeloiltoncajuhy.com.br\/site\/wp-json\/wp\/v2\/posts\/54637","targetHints":{"allow":["GET"]}}],"collection":[{"href":"https:\/\/blogdoeloiltoncajuhy.com.br\/site\/wp-json\/wp\/v2\/posts"}],"about":[{"href":"https:\/\/blogdoeloiltoncajuhy.com.br\/site\/wp-json\/wp\/v2\/types\/post"}],"author":[{"embeddable":true,"href":"https:\/\/blogdoeloiltoncajuhy.com.br\/site\/wp-json\/wp\/v2\/users\/2"}],"replies":[{"embeddable":true,"href":"https:\/\/blogdoeloiltoncajuhy.com.br\/site\/wp-json\/wp\/v2\/comments?post=54637"}],"version-history":[{"count":2,"href":"https:\/\/blogdoeloiltoncajuhy.com.br\/site\/wp-json\/wp\/v2\/posts\/54637\/revisions"}],"predecessor-version":[{"id":54640,"href":"https:\/\/blogdoeloiltoncajuhy.com.br\/site\/wp-json\/wp\/v2\/posts\/54637\/revisions\/54640"}],"wp:featuredmedia":[{"embeddable":true,"href":"https:\/\/blogdoeloiltoncajuhy.com.br\/site\/wp-json\/wp\/v2\/media\/42701"}],"wp:attachment":[{"href":"https:\/\/blogdoeloiltoncajuhy.com.br\/site\/wp-json\/wp\/v2\/media?parent=54637"}],"wp:term":[{"taxonomy":"category","embeddable":true,"href":"https:\/\/blogdoeloiltoncajuhy.com.br\/site\/wp-json\/wp\/v2\/categories?post=54637"},{"taxonomy":"post_tag","embeddable":true,"href":"https:\/\/blogdoeloiltoncajuhy.com.br\/site\/wp-json\/wp\/v2\/tags?post=54637"}],"curies":[{"name":"wp","href":"https:\/\/api.w.org\/{rel}","templated":true}]}}