{"id":54633,"date":"2021-03-09T08:58:24","date_gmt":"2021-03-09T11:58:24","guid":{"rendered":"http:\/\/blogdoeloiltoncajuhy.com.br\/site\/?p=54633"},"modified":"2021-03-09T08:58:25","modified_gmt":"2021-03-09T11:58:25","slug":"governo-anuncia-pagamento-de-quinta-parcela-do-vale-alimentacao-estudantil","status":"publish","type":"post","link":"https:\/\/blogdoeloiltoncajuhy.com.br\/site\/governo-anuncia-pagamento-de-quinta-parcela-do-vale-alimentacao-estudantil\/","title":{"rendered":"Governo anuncia pagamento de quinta parcela do Vale-alimenta\u00e7\u00e3o Estudantil"},"content":{"rendered":"\n<div class=\"wp-block-image\"><figure class=\"aligncenter size-large\"><img data-recalc-dims=\"1\" fetchpriority=\"high\" decoding=\"async\" width=\"768\" height=\"514\" src=\"https:\/\/i0.wp.com\/blogdoeloiltoncajuhy.com.br\/site\/wp-content\/uploads\/2021\/03\/Vale-alimentacao-estudantil-768x514-1.jpg?resize=768%2C514\" alt=\"\" class=\"wp-image-54634\" srcset=\"https:\/\/i0.wp.com\/blogdoeloiltoncajuhy.com.br\/site\/wp-content\/uploads\/2021\/03\/Vale-alimentacao-estudantil-768x514-1.jpg?w=768&amp;ssl=1 768w, https:\/\/i0.wp.com\/blogdoeloiltoncajuhy.com.br\/site\/wp-content\/uploads\/2021\/03\/Vale-alimentacao-estudantil-768x514-1.jpg?resize=300%2C201&amp;ssl=1 300w\" sizes=\"(max-width: 768px) 100vw, 768px\" \/><figcaption><em>Foto: Claudionor Jr\/Secretaria da Educa\u00e7\u00e3o<\/em><\/figcaption><\/figure><\/div>\n\n\n\n<p>O Vale-alimenta\u00e7\u00e3o Estudantil do Governo do Estado vai retornar neste m\u00eas de mar\u00e7o. O an\u00fancio foi feito na manh\u00e3 desta segunda-feira (8), pelo governador Rui Costa, em suas redes sociais.<\/p>\n\n\n\n<p><em>\u201cDia 15 de mar\u00e7o, vamos iniciar o ensino remoto em toda a rede estadual. Estamos programando o aux\u00edlio-alimenta\u00e7\u00e3o de R$ 55 para cada aluno da rede\u201d<\/em>, afirmou o governador.<\/p>\n\n\n\n<p>O saque da quinta parcela do benef\u00edcio ser\u00e1 realizado com o mesmo cart\u00e3o que j\u00e1 vem sendo utilizado pelos estudantes.<\/p>\n\n\n\n<p>Cerca 800 mil estudantes que estavam regularmente matriculados e com frequ\u00eancia registrada nas escolas estaduais v\u00e3o receber o vale-alimenta\u00e7\u00e3o. Nesta quinta parcela ser\u00e3o destinados mais R$ 44 milh\u00f5es, totalizando um investimento de R$ 220 milh\u00f5es de recursos pr\u00f3prios do Governo do Estado.<\/p>\n","protected":false},"excerpt":{"rendered":"<p>O Vale-alimenta\u00e7\u00e3o Estudantil do Governo do Estado vai retornar neste m\u00eas de mar\u00e7o. O an\u00fancio foi feito na manh\u00e3 desta segunda-feira (8), pelo governador Rui Costa, em suas redes sociais. \u201cDia 15 de mar\u00e7o, vamos iniciar o ensino remoto em toda a rede estadual. Estamos programando o aux\u00edlio-alimenta\u00e7\u00e3o de R$ 55 para cada aluno da [&hellip;]<\/p>\n","protected":false},"author":2,"featured_media":54634,"comment_status":"open","ping_status":"open","sticky":false,"template":"","format":"standard","meta":{"_acf_changed":false,"_monsterinsights_skip_tracking":false,"_monsterinsights_sitenote_active":false,"_monsterinsights_sitenote_note":"","_monsterinsights_sitenote_category":0,"_jetpack_memberships_contains_paid_content":false,"footnotes":"","jetpack_publicize_message":"","jetpack_publicize_feature_enabled":true,"jetpack_social_post_already_shared":true,"jetpack_social_options":{"image_generator_settings":{"template":"highway","default_image_id":0,"font":"","enabled":false},"version":2}},"categories":[14],"tags":[],"class_list":["post-54633","post","type-post","status-publish","format-standard","has-post-thumbnail","hentry","category-educacao"],"acf":[],"jetpack_publicize_connections":[],"jetpack_featured_media_url":"https:\/\/i0.wp.com\/blogdoeloiltoncajuhy.com.br\/site\/wp-content\/uploads\/2021\/03\/Vale-alimentacao-estudantil-768x514-1.jpg?fit=768%2C514&ssl=1","jetpack_sharing_enabled":true,"publishpress_future_workflow_manual_trigger":{"enabledWorkflows":[]},"_links":{"self":[{"href":"https:\/\/blogdoeloiltoncajuhy.com.br\/site\/wp-json\/wp\/v2\/posts\/54633","targetHints":{"allow":["GET"]}}],"collection":[{"href":"https:\/\/blogdoeloiltoncajuhy.com.br\/site\/wp-json\/wp\/v2\/posts"}],"about":[{"href":"https:\/\/blogdoeloiltoncajuhy.com.br\/site\/wp-json\/wp\/v2\/types\/post"}],"author":[{"embeddable":true,"href":"https:\/\/blogdoeloiltoncajuhy.com.br\/site\/wp-json\/wp\/v2\/users\/2"}],"replies":[{"embeddable":true,"href":"https:\/\/blogdoeloiltoncajuhy.com.br\/site\/wp-json\/wp\/v2\/comments?post=54633"}],"version-history":[{"count":2,"href":"https:\/\/blogdoeloiltoncajuhy.com.br\/site\/wp-json\/wp\/v2\/posts\/54633\/revisions"}],"predecessor-version":[{"id":54636,"href":"https:\/\/blogdoeloiltoncajuhy.com.br\/site\/wp-json\/wp\/v2\/posts\/54633\/revisions\/54636"}],"wp:featuredmedia":[{"embeddable":true,"href":"https:\/\/blogdoeloiltoncajuhy.com.br\/site\/wp-json\/wp\/v2\/media\/54634"}],"wp:attachment":[{"href":"https:\/\/blogdoeloiltoncajuhy.com.br\/site\/wp-json\/wp\/v2\/media?parent=54633"}],"wp:term":[{"taxonomy":"category","embeddable":true,"href":"https:\/\/blogdoeloiltoncajuhy.com.br\/site\/wp-json\/wp\/v2\/categories?post=54633"},{"taxonomy":"post_tag","embeddable":true,"href":"https:\/\/blogdoeloiltoncajuhy.com.br\/site\/wp-json\/wp\/v2\/tags?post=54633"}],"curies":[{"name":"wp","href":"https:\/\/api.w.org\/{rel}","templated":true}]}}