{"id":54630,"date":"2021-03-09T08:47:47","date_gmt":"2021-03-09T11:47:47","guid":{"rendered":"http:\/\/blogdoeloiltoncajuhy.com.br\/site\/?p=54630"},"modified":"2021-03-09T08:47:48","modified_gmt":"2021-03-09T11:47:48","slug":"mestrado-da-uneb-realiza-palestra-sobre-diversidade-vegetal-em-florestas-tropicais","status":"publish","type":"post","link":"https:\/\/blogdoeloiltoncajuhy.com.br\/site\/mestrado-da-uneb-realiza-palestra-sobre-diversidade-vegetal-em-florestas-tropicais\/","title":{"rendered":"Mestrado da UNEB realiza palestra sobre diversidade vegetal em florestas tropicais"},"content":{"rendered":"\n<div class=\"wp-block-image\"><figure class=\"aligncenter size-large is-resized\"><img data-recalc-dims=\"1\" fetchpriority=\"high\" decoding=\"async\" src=\"https:\/\/i0.wp.com\/blogdoeloiltoncajuhy.com.br\/site\/wp-content\/uploads\/2021\/03\/Uneb_Palestra_Florestas.jpeg?resize=512%2C512\" alt=\"\" class=\"wp-image-54631\" width=\"512\" height=\"512\" srcset=\"https:\/\/i0.wp.com\/blogdoeloiltoncajuhy.com.br\/site\/wp-content\/uploads\/2021\/03\/Uneb_Palestra_Florestas.jpeg?resize=1024%2C1024&amp;ssl=1 1024w, https:\/\/i0.wp.com\/blogdoeloiltoncajuhy.com.br\/site\/wp-content\/uploads\/2021\/03\/Uneb_Palestra_Florestas.jpeg?resize=300%2C300&amp;ssl=1 300w, https:\/\/i0.wp.com\/blogdoeloiltoncajuhy.com.br\/site\/wp-content\/uploads\/2021\/03\/Uneb_Palestra_Florestas.jpeg?resize=150%2C150&amp;ssl=1 150w, https:\/\/i0.wp.com\/blogdoeloiltoncajuhy.com.br\/site\/wp-content\/uploads\/2021\/03\/Uneb_Palestra_Florestas.jpeg?resize=768%2C768&amp;ssl=1 768w, https:\/\/i0.wp.com\/blogdoeloiltoncajuhy.com.br\/site\/wp-content\/uploads\/2021\/03\/Uneb_Palestra_Florestas.jpeg?w=1080&amp;ssl=1 1080w\" sizes=\"(max-width: 512px) 100vw, 512px\" \/><\/figure><\/div>\n\n\n\n<p><strong>\u201cSubestimando e superestimando a diversidade vegetal em florestas tropicais \/ Underestimating and overestimating plant diversity in tropical forests\u201d<\/strong> \u00e9 tema de palestra que ser\u00e1 realizada no dia 18 de mar\u00e7o, \u00e0s 14h, com transmiss\u00e3o pelo canal PPGBVeg UNEB no YouTube.<\/p>\n\n\n\n<p>A palestra promovida pela disciplina Biogeografia, do Programa de P\u00f3s-Gradua\u00e7\u00e3o em Biodiversidade Vegetal (PPGBVeg), aborda a import\u00e2ncia das florestas tropicais para a regula\u00e7\u00e3o global do clima e para a conserva\u00e7\u00e3o da biodiversidade. Para discutir sobre o assunto, a palestra conta com a participa\u00e7\u00e3o do pesquisador doutor, Douglas Daly do New York Botanical Garden.<\/p>\n\n\n\n<p>A atividade tem como p\u00fablico alvo estudantes de gradua\u00e7\u00e3o e p\u00f3s-gradua\u00e7\u00e3o da \u00e1rea da biodiversidade, al\u00e9m de professores e profissionais com foco de atua\u00e7\u00e3o na bot\u00e2nica. Os interessados devem realizar inscri\u00e7\u00e3o at\u00e9 o dia 16 de mar\u00e7o, atrav\u00e9s de formul\u00e1rio on-line dispon\u00edvel no site do PPGBVeg. Link: <a href=\"http:\/\/www.ppgbveg.uneb.br\/\" target=\"_blank\" rel=\"noreferrer noopener\">http:\/\/www.ppgbveg.uneb.br\/<\/a>.<\/p>\n\n\n\n<p>O PPGVeg \u00e9 um cons\u00f3rcio entre tr\u00eas departamentos da UNEB onde h\u00e1 oferta de gradua\u00e7\u00e3o em Ci\u00eancias Biol\u00f3gicas: Departamento de Ci\u00eancias Exatas e da Terra \u2013 DCET II (Alagoinhas), Departamento de Educa\u00e7\u00e3o \u2013 DEDC VII (Senhor do Bonfim) e Departamento de Educa\u00e7\u00e3o \u2013 DEDC VIII (Paulo Afonso)<\/p>\n\n\n\n<p class=\"has-black-color has-text-color\"><strong>Link do canal PPGBVeg UNEB no YouTube:<\/strong><\/p>\n\n\n\n<p><a href=\"https:\/\/www.youtube.com\/results?search_query=PPGBVeg\" target=\"_blank\" rel=\"noreferrer noopener\">https:\/\/www.youtube.com\/results?search_query=PPGBVeg<\/a><\/p>\n","protected":false},"excerpt":{"rendered":"<p>\u201cSubestimando e superestimando a diversidade vegetal em florestas tropicais \/ Underestimating and overestimating plant diversity in tropical forests\u201d \u00e9 tema de palestra que ser\u00e1 realizada no dia 18 de mar\u00e7o, \u00e0s 14h, com transmiss\u00e3o pelo canal PPGBVeg UNEB no YouTube. A palestra promovida pela disciplina Biogeografia, do Programa de P\u00f3s-Gradua\u00e7\u00e3o em Biodiversidade Vegetal (PPGBVeg), aborda [&hellip;]<\/p>\n","protected":false},"author":2,"featured_media":54631,"comment_status":"open","ping_status":"open","sticky":false,"template":"","format":"standard","meta":{"_acf_changed":false,"_monsterinsights_skip_tracking":false,"_monsterinsights_sitenote_active":false,"_monsterinsights_sitenote_note":"","_monsterinsights_sitenote_category":0,"_jetpack_memberships_contains_paid_content":false,"footnotes":"","jetpack_publicize_message":"","jetpack_publicize_feature_enabled":true,"jetpack_social_post_already_shared":true,"jetpack_social_options":{"image_generator_settings":{"template":"highway","default_image_id":0,"font":"","enabled":false},"version":2}},"categories":[4],"tags":[],"class_list":["post-54630","post","type-post","status-publish","format-standard","has-post-thumbnail","hentry","category-local"],"acf":[],"jetpack_publicize_connections":[],"jetpack_featured_media_url":"https:\/\/i0.wp.com\/blogdoeloiltoncajuhy.com.br\/site\/wp-content\/uploads\/2021\/03\/Uneb_Palestra_Florestas.jpeg?fit=1080%2C1080&ssl=1","jetpack_sharing_enabled":true,"publishpress_future_workflow_manual_trigger":{"enabledWorkflows":[]},"_links":{"self":[{"href":"https:\/\/blogdoeloiltoncajuhy.com.br\/site\/wp-json\/wp\/v2\/posts\/54630","targetHints":{"allow":["GET"]}}],"collection":[{"href":"https:\/\/blogdoeloiltoncajuhy.com.br\/site\/wp-json\/wp\/v2\/posts"}],"about":[{"href":"https:\/\/blogdoeloiltoncajuhy.com.br\/site\/wp-json\/wp\/v2\/types\/post"}],"author":[{"embeddable":true,"href":"https:\/\/blogdoeloiltoncajuhy.com.br\/site\/wp-json\/wp\/v2\/users\/2"}],"replies":[{"embeddable":true,"href":"https:\/\/blogdoeloiltoncajuhy.com.br\/site\/wp-json\/wp\/v2\/comments?post=54630"}],"version-history":[{"count":1,"href":"https:\/\/blogdoeloiltoncajuhy.com.br\/site\/wp-json\/wp\/v2\/posts\/54630\/revisions"}],"predecessor-version":[{"id":54632,"href":"https:\/\/blogdoeloiltoncajuhy.com.br\/site\/wp-json\/wp\/v2\/posts\/54630\/revisions\/54632"}],"wp:featuredmedia":[{"embeddable":true,"href":"https:\/\/blogdoeloiltoncajuhy.com.br\/site\/wp-json\/wp\/v2\/media\/54631"}],"wp:attachment":[{"href":"https:\/\/blogdoeloiltoncajuhy.com.br\/site\/wp-json\/wp\/v2\/media?parent=54630"}],"wp:term":[{"taxonomy":"category","embeddable":true,"href":"https:\/\/blogdoeloiltoncajuhy.com.br\/site\/wp-json\/wp\/v2\/categories?post=54630"},{"taxonomy":"post_tag","embeddable":true,"href":"https:\/\/blogdoeloiltoncajuhy.com.br\/site\/wp-json\/wp\/v2\/tags?post=54630"}],"curies":[{"name":"wp","href":"https:\/\/api.w.org\/{rel}","templated":true}]}}