{"id":54618,"date":"2021-03-08T19:51:25","date_gmt":"2021-03-08T22:51:25","guid":{"rendered":"http:\/\/blogdoeloiltoncajuhy.com.br\/site\/?p=54618"},"modified":"2021-03-08T19:51:26","modified_gmt":"2021-03-08T22:51:26","slug":"rui-costa-anuncia-implantacao-de-mais-10-leitos-de-uti-em-bonfim","status":"publish","type":"post","link":"https:\/\/blogdoeloiltoncajuhy.com.br\/site\/rui-costa-anuncia-implantacao-de-mais-10-leitos-de-uti-em-bonfim\/","title":{"rendered":"Rui Costa anuncia implanta\u00e7\u00e3o de mais 10 leitos de UTI em Bonfim"},"content":{"rendered":"\n<div class=\"wp-block-image\"><figure class=\"aligncenter size-full is-resized\"><img data-recalc-dims=\"1\" fetchpriority=\"high\" decoding=\"async\" src=\"https:\/\/i0.wp.com\/blogdoeloiltoncajuhy.com.br\/site\/wp-content\/uploads\/2021\/03\/Rui_Edmundo.png?resize=613%2C343\" alt=\"\" class=\"wp-image-54619\" width=\"613\" height=\"343\" srcset=\"https:\/\/i0.wp.com\/blogdoeloiltoncajuhy.com.br\/site\/wp-content\/uploads\/2021\/03\/Rui_Edmundo.png?w=817&amp;ssl=1 817w, https:\/\/i0.wp.com\/blogdoeloiltoncajuhy.com.br\/site\/wp-content\/uploads\/2021\/03\/Rui_Edmundo.png?resize=300%2C168&amp;ssl=1 300w, https:\/\/i0.wp.com\/blogdoeloiltoncajuhy.com.br\/site\/wp-content\/uploads\/2021\/03\/Rui_Edmundo.png?resize=768%2C430&amp;ssl=1 768w\" sizes=\"(max-width: 613px) 100vw, 613px\" \/><\/figure><\/div>\n\n\n\n<p>O governador Rui Costa comunicou nesta segunda-feira (08) a implanta\u00e7\u00e3o de mais 10 leitos de UTI voltados ao tratamento da COVID-19 em Senhor do Bonfim. O an\u00fancio foi feito durante reuni\u00e3o com prefeitos da regi\u00e3o Norte da Bahia.<\/p>\n\n\n\n<p>Inaugurada em agosto do ano passado, a UTI do Hospital Regional de Senhor do Bonfim, foi iniciada com 10 leitos. Na gest\u00e3o anterior, todos foram direcionados para o tratamento da COVID. J\u00e1 havia previs\u00e3o na \u00e9poca para a implanta\u00e7\u00e3o de mais 10 unidades.<\/p>\n\n\n\n<p>Na oportunidade da reuni\u00e3o, o governador tamb\u00e9m anunciou mais 10 leitos de enfermaria voltados ao tratamento da doen\u00e7a. Juazeiro tamb\u00e9m receber\u00e1 o mesmo n\u00famero de UTIs e leitos de enfermagem.<\/p>\n\n\n\n<p>Neste \u00faltimo domingo, a taxa de ocupa\u00e7\u00e3o de leitos de UTI em Bonfim e Juazeiro atingiu 100%. Diante do quadro, o governo da Bahia determinou a amplia\u00e7\u00e3o do lockdown parcial desta segunda (8) at\u00e9 as 5h de quarta-feira (10) em 20 munic\u00edpios das regi\u00f5es de Bonfim e Juazeiro.<\/p>\n","protected":false},"excerpt":{"rendered":"<p>O governador Rui Costa comunicou nesta segunda-feira (08) a implanta\u00e7\u00e3o de mais 10 leitos de UTI voltados ao tratamento da COVID-19 em Senhor do Bonfim. O an\u00fancio foi feito durante reuni\u00e3o com prefeitos da regi\u00e3o Norte da Bahia. Inaugurada em agosto do ano passado, a UTI do Hospital Regional de Senhor do Bonfim, foi iniciada [&hellip;]<\/p>\n","protected":false},"author":2,"featured_media":54619,"comment_status":"open","ping_status":"open","sticky":false,"template":"","format":"standard","meta":{"_acf_changed":false,"_monsterinsights_skip_tracking":false,"_monsterinsights_sitenote_active":false,"_monsterinsights_sitenote_note":"","_monsterinsights_sitenote_category":0,"_jetpack_memberships_contains_paid_content":false,"footnotes":"","jetpack_publicize_message":"","jetpack_publicize_feature_enabled":true,"jetpack_social_post_already_shared":true,"jetpack_social_options":{"image_generator_settings":{"template":"highway","default_image_id":0,"font":"","enabled":false},"version":2}},"categories":[7],"tags":[],"class_list":["post-54618","post","type-post","status-publish","format-standard","has-post-thumbnail","hentry","category-saude"],"acf":[],"jetpack_publicize_connections":[],"jetpack_featured_media_url":"https:\/\/i0.wp.com\/blogdoeloiltoncajuhy.com.br\/site\/wp-content\/uploads\/2021\/03\/Rui_Edmundo.png?fit=817%2C457&ssl=1","jetpack_sharing_enabled":true,"publishpress_future_workflow_manual_trigger":{"enabledWorkflows":[]},"_links":{"self":[{"href":"https:\/\/blogdoeloiltoncajuhy.com.br\/site\/wp-json\/wp\/v2\/posts\/54618","targetHints":{"allow":["GET"]}}],"collection":[{"href":"https:\/\/blogdoeloiltoncajuhy.com.br\/site\/wp-json\/wp\/v2\/posts"}],"about":[{"href":"https:\/\/blogdoeloiltoncajuhy.com.br\/site\/wp-json\/wp\/v2\/types\/post"}],"author":[{"embeddable":true,"href":"https:\/\/blogdoeloiltoncajuhy.com.br\/site\/wp-json\/wp\/v2\/users\/2"}],"replies":[{"embeddable":true,"href":"https:\/\/blogdoeloiltoncajuhy.com.br\/site\/wp-json\/wp\/v2\/comments?post=54618"}],"version-history":[{"count":2,"href":"https:\/\/blogdoeloiltoncajuhy.com.br\/site\/wp-json\/wp\/v2\/posts\/54618\/revisions"}],"predecessor-version":[{"id":54621,"href":"https:\/\/blogdoeloiltoncajuhy.com.br\/site\/wp-json\/wp\/v2\/posts\/54618\/revisions\/54621"}],"wp:featuredmedia":[{"embeddable":true,"href":"https:\/\/blogdoeloiltoncajuhy.com.br\/site\/wp-json\/wp\/v2\/media\/54619"}],"wp:attachment":[{"href":"https:\/\/blogdoeloiltoncajuhy.com.br\/site\/wp-json\/wp\/v2\/media?parent=54618"}],"wp:term":[{"taxonomy":"category","embeddable":true,"href":"https:\/\/blogdoeloiltoncajuhy.com.br\/site\/wp-json\/wp\/v2\/categories?post=54618"},{"taxonomy":"post_tag","embeddable":true,"href":"https:\/\/blogdoeloiltoncajuhy.com.br\/site\/wp-json\/wp\/v2\/tags?post=54618"}],"curies":[{"name":"wp","href":"https:\/\/api.w.org\/{rel}","templated":true}]}}