{"id":54615,"date":"2021-03-08T19:37:42","date_gmt":"2021-03-08T22:37:42","guid":{"rendered":"http:\/\/blogdoeloiltoncajuhy.com.br\/site\/?p=54615"},"modified":"2021-03-08T19:37:43","modified_gmt":"2021-03-08T22:37:43","slug":"leia-a-nota-dos-advogados-de-lula-sobre-anulacao-das-acoes-da-lava-jato","status":"publish","type":"post","link":"https:\/\/blogdoeloiltoncajuhy.com.br\/site\/leia-a-nota-dos-advogados-de-lula-sobre-anulacao-das-acoes-da-lava-jato\/","title":{"rendered":"Leia a nota dos advogados de Lula sobre anula\u00e7\u00e3o das a\u00e7\u00f5es da Lava Jato"},"content":{"rendered":"\n<h5 class=\"has-text-align-center wp-block-heading\"><em>Decis\u00e3o de Fachin de anular as a\u00e7\u00f5es demonstra a inoc\u00eancia de Lula, mas n\u00e3o repara os \u201cdanos irremedi\u00e1veis causados pelo ex-juiz Sergio Moro\u201d ao ex-presidente<\/em><\/h5>\n\n\n\n<div class=\"wp-block-image\"><figure class=\"aligncenter size-full is-resized\"><img data-recalc-dims=\"1\" fetchpriority=\"high\" decoding=\"async\" src=\"https:\/\/i0.wp.com\/blogdoeloiltoncajuhy.com.br\/site\/wp-content\/uploads\/2015\/06\/Lula.jpg?resize=614%2C397\" alt=\"\" class=\"wp-image-1725\" width=\"614\" height=\"397\" srcset=\"https:\/\/i0.wp.com\/blogdoeloiltoncajuhy.com.br\/site\/wp-content\/uploads\/2015\/06\/Lula.jpg?w=512&amp;ssl=1 512w, https:\/\/i0.wp.com\/blogdoeloiltoncajuhy.com.br\/site\/wp-content\/uploads\/2015\/06\/Lula.jpg?resize=300%2C194&amp;ssl=1 300w, https:\/\/i0.wp.com\/blogdoeloiltoncajuhy.com.br\/site\/wp-content\/uploads\/2015\/06\/Lula.jpg?resize=250%2C162&amp;ssl=1 250w\" sizes=\"(max-width: 614px) 100vw, 614px\" \/><\/figure><\/div>\n\n\n\n<p>Os advogados do ex-presidente Lula afirmaram, por meio de nota, nesta segunda-feira (8), que a decis\u00e3o do ministro Edson Fachin, do Supremo Tribunal Federal (STF), de anular as a\u00e7\u00f5es da Lava Jato em Curitiba, demonstra a inoc\u00eancia de Lula e o lawfare que estava sendo praticado contra ele.<\/p>\n\n\n\n<p>Cristiano Zanin Martins e Valeska Teixeira Martins, no entanto, ressaltam que tal decis\u00e3o <em>\u201cn\u00e3o tem o cond\u00e3o de reparar os danos irremedi\u00e1veis causados pelo ex-juiz Sergio Moro e pelos procuradores da Lava Jato ao ex-presidente Lula, ao Sistema de Justi\u00e7a e ao Estado Democr\u00e1tico de Direito\u201d<\/em>.<\/p>\n\n\n\n<p><em>\u201cDurante mais de 5 anos percorremos todas as inst\u00e2ncias do Poder Judici\u00e1rio para que fosse reconhecida a incompet\u00eancia da 13\u00aa. Vara Federal Criminal de Curitiba para decidir sobre investiga\u00e7\u00f5es ou sobre den\u00fancias ofertadas pela \u2018for\u00e7a tarefa\u2019 de Curitiba. (\u2026) Nessa longa trajet\u00f3ria, a despeito de todas as provas de inoc\u00eancia que apresentamos, o ex-presidente Lula foi preso injustamente, teve os seus direitos pol\u00edticos indevidamente retirados e seus bens bloqueados\u201d<\/em>, lembram os advogados.<\/p>\n\n\n\n<p class=\"has-black-color has-text-color has-medium-font-size\"><strong>Leia a nota dos advogados de Lula sobre a decis\u00e3o de Fachin:<\/strong><\/p>\n\n\n\n<p><em>\u201cRecebemos com serenidade a decis\u00e3o proferida na data de hoje pelo Ministro Edson Fachin que acolheu o habeas corpus que impetramos em 03.11.2020 para reconhecer a incompet\u00eancia da 13\u00aa. Vara Federal Criminal de Curitiba para analisar as 4 den\u00fancias que foram apresentadas pela extinta \u201cfor\u00e7a tarefa\u201d contra o ex-presidente Lula (HC 193.726) \u2014 e, consequentemente, para anular os atos decis\u00f3rios relativos aos processos que foram indevidamente instaurados a partir dessas den\u00fancias.<\/em><\/p>\n\n\n\n<p><em>A incompet\u00eancia da Justi\u00e7a Federal de Curitiba para julgar as indevidas acusa\u00e7\u00f5es formuladas contra o ex-presidente Lula foi por n\u00f3s sustentada desde a primeira manifesta\u00e7\u00e3o escrita que apresentamos nos processos, ainda em 2016. Isso porque as absurdas acusa\u00e7\u00f5es formuladas contra o ex-presidente pela \u201cfor\u00e7a tarefa\u201d de Curitiba jamais indicaram qualquer rela\u00e7\u00e3o concreta com il\u00edcitos ocorridos na Petrobras e que justificaram a fixa\u00e7\u00e3o da compet\u00eancia da 13\u00aa. Vara Federal de Curitiba pelo Plen\u00e1rio do Supremo Tribunal Federal no julgamento da Quest\u00e3o de Ordem no Inqu\u00e9rito 4.130.<\/em><\/p>\n\n\n\n<p><em>Durante mais de 5 anos percorremos todas as inst\u00e2ncias do Poder Judici\u00e1rio para que fosse reconhecida a incompet\u00eancia da 13\u00aa. Vara Federal Criminal de Curitiba para decidir sobre investiga\u00e7\u00f5es ou sobre den\u00fancias ofertadas pela \u201cfor\u00e7a tarefa\u201d de Curitiba. Tamb\u00e9m levamos em 2016 ao Comit\u00ea de Direitos Humanos da ONU a viola\u00e7\u00e3o irrepar\u00e1vel \u00e0s garantias fundamentais do ex-presidente Lula, inclusive em virtude da inobserv\u00e2ncia do direito ao juiz natural \u2014 ou seja, o direito de todo cidad\u00e3o de ser julgado por um juiz cuja compet\u00eancia seja definida previamente por lei e n\u00e3o pela escolha do pr\u00f3prio julgador.<\/em><\/p>\n\n\n\n<p><em>Nessa longa trajet\u00f3ria, a despeito de todas as provas de inoc\u00eancia que apresentamos, o ex-presidente Lula foi preso injustamente, teve os seus direitos pol\u00edticos indevidamente retirados e seus bens bloqueados. Sempre provamos que todas essas condutas faziam parte de um conluio entre o ent\u00e3o juiz Sergio Moro e dos membros da \u201cfor\u00e7a tarefa\u201d de Curitiba, como foi reafirmado pelo material que tivemos acesso tamb\u00e9m com autoriza\u00e7\u00e3o do Supremo Tribunal Federal e que foi por n\u00f3s levado aos autos da Reclama\u00e7\u00e3o n\u00ba 43.007\/PR.<\/em><\/p>\n\n\n\n<p><em>Por isso, a decis\u00e3o que hoje afirma a incompet\u00eancia da Justi\u00e7a Federal de Curitiba \u00e9 o reconhecimento de que sempre estivemos corretos nessa longa batalha jur\u00eddica, na qual nunca tivemos que mudar nossos fundamentos para demonstrar a nulidade dos processos e a inoc\u00eancia do ex-presidente Lula e o lawfare que estava sendo praticado contra ele.<\/em><\/p>\n\n\n\n<p><em>A decis\u00e3o, portanto, est\u00e1 em sintonia com tudo o que sustentamos h\u00e1 mais de 5 anos na condu\u00e7\u00e3o dos processos. Mas ela n\u00e3o tem o cond\u00e3o de reparar os danos irremedi\u00e1veis causados pelo ex-juiz Sergio Moro e pelos procuradores da \u2018lava jato\u2019 ao ex-presidente Lula, ao Sistema de Justi\u00e7a e ao Estado Democr\u00e1tico de Direito.<\/em><\/p>\n\n\n\n<p class=\"has-text-align-center\"><strong><em>Cristiano Zanin Martins\/Valeska Teixeira Zanin Martins\u201d<\/em><\/strong><\/p>\n","protected":false},"excerpt":{"rendered":"<p>Decis\u00e3o de Fachin de anular as a\u00e7\u00f5es demonstra a inoc\u00eancia de Lula, mas n\u00e3o repara os \u201cdanos irremedi\u00e1veis causados pelo ex-juiz Sergio Moro\u201d ao ex-presidente Os advogados do ex-presidente Lula afirmaram, por meio de nota, nesta segunda-feira (8), que a decis\u00e3o do ministro Edson Fachin, do Supremo Tribunal Federal (STF), de anular as a\u00e7\u00f5es da [&hellip;]<\/p>\n","protected":false},"author":2,"featured_media":26433,"comment_status":"open","ping_status":"open","sticky":false,"template":"","format":"standard","meta":{"_acf_changed":false,"_monsterinsights_skip_tracking":false,"_monsterinsights_sitenote_active":false,"_monsterinsights_sitenote_note":"","_monsterinsights_sitenote_category":0,"_jetpack_memberships_contains_paid_content":false,"footnotes":"","jetpack_publicize_message":"","jetpack_publicize_feature_enabled":true,"jetpack_social_post_already_shared":true,"jetpack_social_options":{"image_generator_settings":{"template":"highway","default_image_id":0,"font":"","enabled":false},"version":2}},"categories":[3],"tags":[],"class_list":["post-54615","post","type-post","status-publish","format-standard","has-post-thumbnail","hentry","category-politica"],"acf":[],"jetpack_publicize_connections":[],"jetpack_featured_media_url":"https:\/\/i0.wp.com\/blogdoeloiltoncajuhy.com.br\/site\/wp-content\/uploads\/2018\/07\/lula_AgBrasil.jpg?fit=380%2C280&ssl=1","jetpack_sharing_enabled":true,"publishpress_future_workflow_manual_trigger":{"enabledWorkflows":[]},"_links":{"self":[{"href":"https:\/\/blogdoeloiltoncajuhy.com.br\/site\/wp-json\/wp\/v2\/posts\/54615","targetHints":{"allow":["GET"]}}],"collection":[{"href":"https:\/\/blogdoeloiltoncajuhy.com.br\/site\/wp-json\/wp\/v2\/posts"}],"about":[{"href":"https:\/\/blogdoeloiltoncajuhy.com.br\/site\/wp-json\/wp\/v2\/types\/post"}],"author":[{"embeddable":true,"href":"https:\/\/blogdoeloiltoncajuhy.com.br\/site\/wp-json\/wp\/v2\/users\/2"}],"replies":[{"embeddable":true,"href":"https:\/\/blogdoeloiltoncajuhy.com.br\/site\/wp-json\/wp\/v2\/comments?post=54615"}],"version-history":[{"count":2,"href":"https:\/\/blogdoeloiltoncajuhy.com.br\/site\/wp-json\/wp\/v2\/posts\/54615\/revisions"}],"predecessor-version":[{"id":54617,"href":"https:\/\/blogdoeloiltoncajuhy.com.br\/site\/wp-json\/wp\/v2\/posts\/54615\/revisions\/54617"}],"wp:featuredmedia":[{"embeddable":true,"href":"https:\/\/blogdoeloiltoncajuhy.com.br\/site\/wp-json\/wp\/v2\/media\/26433"}],"wp:attachment":[{"href":"https:\/\/blogdoeloiltoncajuhy.com.br\/site\/wp-json\/wp\/v2\/media?parent=54615"}],"wp:term":[{"taxonomy":"category","embeddable":true,"href":"https:\/\/blogdoeloiltoncajuhy.com.br\/site\/wp-json\/wp\/v2\/categories?post=54615"},{"taxonomy":"post_tag","embeddable":true,"href":"https:\/\/blogdoeloiltoncajuhy.com.br\/site\/wp-json\/wp\/v2\/tags?post=54615"}],"curies":[{"name":"wp","href":"https:\/\/api.w.org\/{rel}","templated":true}]}}