{"id":54590,"date":"2021-03-08T10:15:03","date_gmt":"2021-03-08T13:15:03","guid":{"rendered":"http:\/\/blogdoeloiltoncajuhy.com.br\/site\/?p=54590"},"modified":"2021-03-08T10:15:04","modified_gmt":"2021-03-08T13:15:04","slug":"senhor-do-bonfim-dois-pacientes-internados-na-uti-do-hdam-morrem-de-covid-19","status":"publish","type":"post","link":"https:\/\/blogdoeloiltoncajuhy.com.br\/site\/senhor-do-bonfim-dois-pacientes-internados-na-uti-do-hdam-morrem-de-covid-19\/","title":{"rendered":"Senhor do Bonfim: Dois pacientes internados na UTI do HDAM morrem de Covid-19"},"content":{"rendered":"\n<div class=\"wp-block-image\"><figure class=\"aligncenter size-full\"><img data-recalc-dims=\"1\" fetchpriority=\"high\" decoding=\"async\" width=\"768\" height=\"324\" src=\"https:\/\/i0.wp.com\/blogdoeloiltoncajuhy.com.br\/site\/wp-content\/uploads\/2020\/07\/Coronavirus_Bonfim_01.jpeg?resize=768%2C324\" alt=\"\" class=\"wp-image-46232\" srcset=\"https:\/\/i0.wp.com\/blogdoeloiltoncajuhy.com.br\/site\/wp-content\/uploads\/2020\/07\/Coronavirus_Bonfim_01.jpeg?w=768&amp;ssl=1 768w, https:\/\/i0.wp.com\/blogdoeloiltoncajuhy.com.br\/site\/wp-content\/uploads\/2020\/07\/Coronavirus_Bonfim_01.jpeg?resize=300%2C127&amp;ssl=1 300w\" sizes=\"(max-width: 768px) 100vw, 768px\" \/><\/figure><\/div>\n\n\n\n<p>Dois pacientes que estavam internados nos leitos de UTI Covid-19, no hospital Dom Ant\u00f4nio Monteiro, em Senhor do Bonfim, morreram v\u00edtimas do novo Coronav\u00edrus nas \u00faltimas horas. A informa\u00e7\u00e3o \u00e9 do Blog do Walterley Kuhim.<\/p>\n\n\n\n<p>Um paciente de Campo Formoso e outro de Iti\u00faba foram as v\u00edtimas fatais da doen\u00e7a.<\/p>\n\n\n\n<p>Novos leitos de UTI dever\u00e3o ser instalados j\u00e1 nas pr\u00f3ximas horas em Senhor do Bonfim. Governador agora orienta prefeitos da regi\u00e3o para antecipar as feiras livres.<\/p>\n","protected":false},"excerpt":{"rendered":"<p>Dois pacientes que estavam internados nos leitos de UTI Covid-19, no hospital Dom Ant\u00f4nio Monteiro, em Senhor do Bonfim, morreram v\u00edtimas do novo Coronav\u00edrus nas \u00faltimas horas. A informa\u00e7\u00e3o \u00e9 do Blog do Walterley Kuhim. Um paciente de Campo Formoso e outro de Iti\u00faba foram as v\u00edtimas fatais da doen\u00e7a. Novos leitos de UTI dever\u00e3o [&hellip;]<\/p>\n","protected":false},"author":2,"featured_media":46232,"comment_status":"open","ping_status":"open","sticky":false,"template":"","format":"standard","meta":{"_acf_changed":false,"_monsterinsights_skip_tracking":false,"_monsterinsights_sitenote_active":false,"_monsterinsights_sitenote_note":"","_monsterinsights_sitenote_category":0,"_jetpack_memberships_contains_paid_content":false,"footnotes":"","jetpack_publicize_message":"","jetpack_publicize_feature_enabled":true,"jetpack_social_post_already_shared":true,"jetpack_social_options":{"image_generator_settings":{"template":"highway","default_image_id":0,"font":"","enabled":false},"version":2}},"categories":[4],"tags":[],"class_list":["post-54590","post","type-post","status-publish","format-standard","has-post-thumbnail","hentry","category-local"],"acf":[],"jetpack_publicize_connections":[],"jetpack_featured_media_url":"https:\/\/i0.wp.com\/blogdoeloiltoncajuhy.com.br\/site\/wp-content\/uploads\/2020\/07\/Coronavirus_Bonfim_01.jpeg?fit=768%2C324&ssl=1","jetpack_sharing_enabled":true,"publishpress_future_workflow_manual_trigger":{"enabledWorkflows":[]},"_links":{"self":[{"href":"https:\/\/blogdoeloiltoncajuhy.com.br\/site\/wp-json\/wp\/v2\/posts\/54590","targetHints":{"allow":["GET"]}}],"collection":[{"href":"https:\/\/blogdoeloiltoncajuhy.com.br\/site\/wp-json\/wp\/v2\/posts"}],"about":[{"href":"https:\/\/blogdoeloiltoncajuhy.com.br\/site\/wp-json\/wp\/v2\/types\/post"}],"author":[{"embeddable":true,"href":"https:\/\/blogdoeloiltoncajuhy.com.br\/site\/wp-json\/wp\/v2\/users\/2"}],"replies":[{"embeddable":true,"href":"https:\/\/blogdoeloiltoncajuhy.com.br\/site\/wp-json\/wp\/v2\/comments?post=54590"}],"version-history":[{"count":2,"href":"https:\/\/blogdoeloiltoncajuhy.com.br\/site\/wp-json\/wp\/v2\/posts\/54590\/revisions"}],"predecessor-version":[{"id":54592,"href":"https:\/\/blogdoeloiltoncajuhy.com.br\/site\/wp-json\/wp\/v2\/posts\/54590\/revisions\/54592"}],"wp:featuredmedia":[{"embeddable":true,"href":"https:\/\/blogdoeloiltoncajuhy.com.br\/site\/wp-json\/wp\/v2\/media\/46232"}],"wp:attachment":[{"href":"https:\/\/blogdoeloiltoncajuhy.com.br\/site\/wp-json\/wp\/v2\/media?parent=54590"}],"wp:term":[{"taxonomy":"category","embeddable":true,"href":"https:\/\/blogdoeloiltoncajuhy.com.br\/site\/wp-json\/wp\/v2\/categories?post=54590"},{"taxonomy":"post_tag","embeddable":true,"href":"https:\/\/blogdoeloiltoncajuhy.com.br\/site\/wp-json\/wp\/v2\/tags?post=54590"}],"curies":[{"name":"wp","href":"https:\/\/api.w.org\/{rel}","templated":true}]}}