{"id":54583,"date":"2021-03-08T08:22:52","date_gmt":"2021-03-08T11:22:52","guid":{"rendered":"http:\/\/blogdoeloiltoncajuhy.com.br\/site\/?p=54583"},"modified":"2021-03-08T08:22:53","modified_gmt":"2021-03-08T11:22:53","slug":"rui-anuncia-retomada-do-vale-alimentacao-estudantil","status":"publish","type":"post","link":"https:\/\/blogdoeloiltoncajuhy.com.br\/site\/rui-anuncia-retomada-do-vale-alimentacao-estudantil\/","title":{"rendered":"Rui anuncia retomada do vale-alimenta\u00e7\u00e3o estudantil"},"content":{"rendered":"\n<h5 class=\"has-text-align-center wp-block-heading\"><em>Benef\u00edcio vai atender cerca de 800 mil fam\u00edlias<\/em><\/h5>\n\n\n\n<div class=\"wp-block-image\"><figure class=\"aligncenter size-full is-resized\"><img data-recalc-dims=\"1\" fetchpriority=\"high\" decoding=\"async\" src=\"https:\/\/i0.wp.com\/blogdoeloiltoncajuhy.com.br\/site\/wp-content\/uploads\/2020\/10\/ValeEstudantil-QuartaParcela.jpg?resize=576%2C384\" alt=\"\" class=\"wp-image-50144\" width=\"576\" height=\"384\" srcset=\"https:\/\/i0.wp.com\/blogdoeloiltoncajuhy.com.br\/site\/wp-content\/uploads\/2020\/10\/ValeEstudantil-QuartaParcela.jpg?w=768&amp;ssl=1 768w, https:\/\/i0.wp.com\/blogdoeloiltoncajuhy.com.br\/site\/wp-content\/uploads\/2020\/10\/ValeEstudantil-QuartaParcela.jpg?resize=300%2C200&amp;ssl=1 300w\" sizes=\"(max-width: 576px) 100vw, 576px\" \/><\/figure><\/div>\n\n\n\n<p>O governador Rui Costa assegurou nesta segunda-feira (8), que a sua gest\u00e3o vai retomar o pagamento do vale-alimenta\u00e7\u00e3o estudantil para alunos da rede p\u00fablica estadual. Benef\u00edcio que vai atender a cerca de 800 mil fam\u00edlias come\u00e7a a ser pago j\u00e1 na semana que vem, dia15 de mar\u00e7o.<\/p>\n\n\n\n<p class=\"has-black-color has-text-color\"><strong>Ou\u00e7a o governador:<\/strong><\/p>\n\n\n\n<div class=\"wp-block-file alignleft\"><a href=\"http:\/\/blogdoeloiltoncajuhy.com.br\/site\/wp-content\/uploads\/2021\/03\/Rui-ValeAlimentacaoEstudantil.mp3\" target=\"_blank\" rel=\"noreferrer noopener\">Rui-ValeAlimentacaoEstudantil<\/a><a href=\"http:\/\/blogdoeloiltoncajuhy.com.br\/site\/wp-content\/uploads\/2021\/03\/Rui-ValeAlimentacaoEstudantil.mp3\" class=\"wp-block-file__button\" download>Baixar<\/a><\/div>\n","protected":false},"excerpt":{"rendered":"<p>Benef\u00edcio vai atender cerca de 800 mil fam\u00edlias O governador Rui Costa assegurou nesta segunda-feira (8), que a sua gest\u00e3o vai retomar o pagamento do vale-alimenta\u00e7\u00e3o estudantil para alunos da rede p\u00fablica estadual. Benef\u00edcio que vai atender a cerca de 800 mil fam\u00edlias come\u00e7a a ser pago j\u00e1 na semana que vem, dia15 de mar\u00e7o. [&hellip;]<\/p>\n","protected":false},"author":2,"featured_media":50144,"comment_status":"open","ping_status":"open","sticky":false,"template":"","format":"standard","meta":{"_acf_changed":false,"_monsterinsights_skip_tracking":false,"_monsterinsights_sitenote_active":false,"_monsterinsights_sitenote_note":"","_monsterinsights_sitenote_category":0,"_jetpack_memberships_contains_paid_content":false,"footnotes":"","jetpack_publicize_message":"","jetpack_publicize_feature_enabled":true,"jetpack_social_post_already_shared":true,"jetpack_social_options":{"image_generator_settings":{"template":"highway","default_image_id":0,"font":"","enabled":false},"version":2}},"categories":[14],"tags":[],"class_list":["post-54583","post","type-post","status-publish","format-standard","has-post-thumbnail","hentry","category-educacao"],"acf":[],"jetpack_publicize_connections":[],"jetpack_featured_media_url":"https:\/\/i0.wp.com\/blogdoeloiltoncajuhy.com.br\/site\/wp-content\/uploads\/2020\/10\/ValeEstudantil-QuartaParcela.jpg?fit=768%2C512&ssl=1","jetpack_sharing_enabled":true,"publishpress_future_workflow_manual_trigger":{"enabledWorkflows":[]},"_links":{"self":[{"href":"https:\/\/blogdoeloiltoncajuhy.com.br\/site\/wp-json\/wp\/v2\/posts\/54583","targetHints":{"allow":["GET"]}}],"collection":[{"href":"https:\/\/blogdoeloiltoncajuhy.com.br\/site\/wp-json\/wp\/v2\/posts"}],"about":[{"href":"https:\/\/blogdoeloiltoncajuhy.com.br\/site\/wp-json\/wp\/v2\/types\/post"}],"author":[{"embeddable":true,"href":"https:\/\/blogdoeloiltoncajuhy.com.br\/site\/wp-json\/wp\/v2\/users\/2"}],"replies":[{"embeddable":true,"href":"https:\/\/blogdoeloiltoncajuhy.com.br\/site\/wp-json\/wp\/v2\/comments?post=54583"}],"version-history":[{"count":1,"href":"https:\/\/blogdoeloiltoncajuhy.com.br\/site\/wp-json\/wp\/v2\/posts\/54583\/revisions"}],"predecessor-version":[{"id":54585,"href":"https:\/\/blogdoeloiltoncajuhy.com.br\/site\/wp-json\/wp\/v2\/posts\/54583\/revisions\/54585"}],"wp:featuredmedia":[{"embeddable":true,"href":"https:\/\/blogdoeloiltoncajuhy.com.br\/site\/wp-json\/wp\/v2\/media\/50144"}],"wp:attachment":[{"href":"https:\/\/blogdoeloiltoncajuhy.com.br\/site\/wp-json\/wp\/v2\/media?parent=54583"}],"wp:term":[{"taxonomy":"category","embeddable":true,"href":"https:\/\/blogdoeloiltoncajuhy.com.br\/site\/wp-json\/wp\/v2\/categories?post=54583"},{"taxonomy":"post_tag","embeddable":true,"href":"https:\/\/blogdoeloiltoncajuhy.com.br\/site\/wp-json\/wp\/v2\/tags?post=54583"}],"curies":[{"name":"wp","href":"https:\/\/api.w.org\/{rel}","templated":true}]}}