{"id":54576,"date":"2021-03-08T07:33:47","date_gmt":"2021-03-08T10:33:47","guid":{"rendered":"http:\/\/blogdoeloiltoncajuhy.com.br\/site\/?p=54576"},"modified":"2021-03-08T07:33:48","modified_gmt":"2021-03-08T10:33:48","slug":"brasil-tem-1-054-vitimas-de-covid-nas-ultimas-24-horas-media-movel-de-mortes-bate-nono-recorde-seguido","status":"publish","type":"post","link":"https:\/\/blogdoeloiltoncajuhy.com.br\/site\/brasil-tem-1-054-vitimas-de-covid-nas-ultimas-24-horas-media-movel-de-mortes-bate-nono-recorde-seguido\/","title":{"rendered":"Brasil tem 1.054 v\u00edtimas de Covid nas \u00faltimas 24 horas; m\u00e9dia m\u00f3vel de mortes bate nono recorde seguido"},"content":{"rendered":"\n<h5 class=\"has-text-align-center wp-block-heading\"><em>Pa\u00eds contabilizou 11.018.557 casos e 265.500 \u00f3bitos por Covid-19 desde o in\u00edcio da pandemia, segundo balan\u00e7o do cons\u00f3rcio de ve\u00edculos de imprensa. Casos e mortes apresentam tend\u00eancia de alta<\/em><\/h5>\n\n\n\n<div class=\"wp-block-image\"><figure class=\"aligncenter size-full is-resized\"><img data-recalc-dims=\"1\" fetchpriority=\"high\" decoding=\"async\" src=\"https:\/\/i0.wp.com\/blogdoeloiltoncajuhy.com.br\/site\/wp-content\/uploads\/2020\/07\/Coronavirus-Jaguarari.png?resize=450%2C337\" alt=\"\" class=\"wp-image-46860\" width=\"450\" height=\"337\" srcset=\"https:\/\/i0.wp.com\/blogdoeloiltoncajuhy.com.br\/site\/wp-content\/uploads\/2020\/07\/Coronavirus-Jaguarari.png?w=450&amp;ssl=1 450w, https:\/\/i0.wp.com\/blogdoeloiltoncajuhy.com.br\/site\/wp-content\/uploads\/2020\/07\/Coronavirus-Jaguarari.png?resize=300%2C225&amp;ssl=1 300w\" sizes=\"(max-width: 450px) 100vw, 450px\" \/><\/figure><\/div>\n\n\n\n<p>O cons\u00f3rcio de ve\u00edculos de imprensa divulgou novo levantamento da situa\u00e7\u00e3o da pandemia de coronav\u00edrus no Brasil a partir de dados das secretarias estaduais de Sa\u00fade, consolidados \u00e0s 20h deste domingo (7).<\/p>\n\n\n\n<p>O pa\u00eds registrou 1.054 mortes pela Covid-19 nas \u00faltimas 24 horas e chegou ao total de 265.500 \u00f3bitos. Com isso, a m\u00e9dia m\u00f3vel de mortes no Brasil nos \u00faltimos 7 dias chegou a 1.497, esta ainda em alta e com novo recorde &#8211; \u00e9 a maior desde o come\u00e7o da pandemia. A varia\u00e7\u00e3o foi de 42% em compara\u00e7\u00e3o \u00e0 m\u00e9dia de 14 dias atr\u00e1s, indicando tend\u00eancia de alta nos \u00f3bitos pela doen\u00e7a.<\/p>\n\n\n\n<p>Tamb\u00e9m j\u00e1 s\u00e3o 46 dias seguidos com a m\u00e9dia m\u00f3vel de mortes acima da marca de 1 mil, 10 dias acima de 1,1 mil, e pelo oitavo dia a marca aparece acima de 1,2 mil. Foram nove recordes seguidos de 27 de fevereiro at\u00e9 aqui.<\/p>\n\n\n\n<p class=\"has-black-color has-text-color has-medium-font-size\"><strong>Veja a sequ\u00eancia da \u00faltima semana na m\u00e9dia m\u00f3vel:<\/strong><\/p>\n\n\n\n<ul class=\"wp-block-list\"><li>S\u00e1bado (27): 1.180 (recorde)<br><\/li><\/ul>\n\n\n\n<ul class=\"wp-block-list\"><li>Domingo (28): 1.208 (recorde)<br><\/li><\/ul>\n\n\n\n<ul class=\"wp-block-list\"><li>Segunda-feira (1\u00ba): 1.223 (recorde)<br><\/li><\/ul>\n\n\n\n<ul class=\"wp-block-list\"><li>Ter\u00e7a-feira (2): 1.274 (recorde)<br><\/li><\/ul>\n\n\n\n<ul class=\"wp-block-list\"><li>Quarta-feira (3): 1.332 (recorde)<br><\/li><\/ul>\n\n\n\n<ul class=\"wp-block-list\"><li>Quinta-feira (4): 1.361 (recorde)<br><\/li><\/ul>\n\n\n\n<ul class=\"wp-block-list\"><li>Sexta-feira (5): 1.423 (recorde)<br><\/li><\/ul>\n\n\n\n<ul class=\"wp-block-list\"><li>S\u00e1bado (6): 1.455 (recorde)<br><\/li><\/ul>\n\n\n\n<ul class=\"wp-block-list\"><li>Domingo (7): 1.497 (recorde)<br><\/li><\/ul>\n\n\n\n<p><\/p>\n\n\n\n<p>Em casos confirmados, desde o come\u00e7o da pandemia 11.018.557 brasileiros j\u00e1 tiveram ou t\u00eam o novo coronav\u00edrus, com 79.237 desses confirmados no \u00faltimo dia. A m\u00e9dia m\u00f3vel nos \u00faltimos 7 dias foi de 67.061 novos diagn\u00f3sticos por dia &#8212; o maior n\u00famero registrado desde o come\u00e7o da pandemia. Isso representa uma varia\u00e7\u00e3o de 42% em rela\u00e7\u00e3o aos casos registrados em duas semanas, o que indica tend\u00eancia de alta tamb\u00e9m nos diagn\u00f3sticos.<\/p>\n\n\n\n<p class=\"has-black-color has-text-color has-large-font-size\"><strong>Brasil, 7 de mar\u00e7o<\/strong><br><\/p>\n\n\n\n<ul class=\"wp-block-list\"><li><strong>Total de mortes:<\/strong> 265.500<br><\/li><\/ul>\n\n\n\n<ul class=\"wp-block-list\"><li><strong>Registro de mortes em 24 horas:<\/strong> 1.054<br><\/li><\/ul>\n\n\n\n<ul class=\"wp-block-list\"><li><strong>M\u00e9dia de novas mortes nos \u00faltimos 7 dias:<\/strong> 1.497 (varia\u00e7\u00e3o em 14 dias: +42%)<br><\/li><\/ul>\n\n\n\n<ul class=\"wp-block-list\"><li><strong>Total de casos confirmados:<\/strong> 11.018.557<br><\/li><\/ul>\n\n\n\n<ul class=\"wp-block-list\"><li><strong>Registro de casos confirmados em 24 horas:<\/strong> 79.237<br><\/li><\/ul>\n\n\n\n<ul class=\"wp-block-list\"><li><strong>M\u00e9dia de novos casos nos \u00faltimos 7 dias:<\/strong> 67.061 por dia (varia\u00e7\u00e3o em 14 dias: +42%)<\/li><\/ul>\n\n\n\n<p class=\"has-black-color has-text-color has-medium-font-size\"><strong>Vacina\u00e7\u00e3o<\/strong><br><\/p>\n\n\n\n<p>Balan\u00e7o da vacina\u00e7\u00e3o contra Covid-19 deste domingo (7) aponta que 8.220.820 pessoas j\u00e1 receberam a primeira dose de vacina contra a Covid-19, segundo dados divulgados at\u00e9 as 20h. O n\u00famero representa 3,88% da popula\u00e7\u00e3o brasileira.<\/p>\n\n\n\n<p>A segunda dose j\u00e1 foi aplicada em 2.718.147 pessoas (1,28% da popula\u00e7\u00e3o do pa\u00eds) em todos os estados e no Distrito Federal. No total, 10.938.967 doses foram aplicadas em todo o pa\u00eds.<\/p>\n","protected":false},"excerpt":{"rendered":"<p>Pa\u00eds contabilizou 11.018.557 casos e 265.500 \u00f3bitos por Covid-19 desde o in\u00edcio da pandemia, segundo balan\u00e7o do cons\u00f3rcio de ve\u00edculos de imprensa. Casos e mortes apresentam tend\u00eancia de alta O cons\u00f3rcio de ve\u00edculos de imprensa divulgou novo levantamento da situa\u00e7\u00e3o da pandemia de coronav\u00edrus no Brasil a partir de dados das secretarias estaduais de Sa\u00fade, [&hellip;]<\/p>\n","protected":false},"author":2,"featured_media":46860,"comment_status":"open","ping_status":"open","sticky":false,"template":"","format":"standard","meta":{"_acf_changed":false,"_monsterinsights_skip_tracking":false,"_monsterinsights_sitenote_active":false,"_monsterinsights_sitenote_note":"","_monsterinsights_sitenote_category":0,"_jetpack_memberships_contains_paid_content":false,"footnotes":"","jetpack_publicize_message":"","jetpack_publicize_feature_enabled":true,"jetpack_social_post_already_shared":true,"jetpack_social_options":{"image_generator_settings":{"template":"highway","default_image_id":0,"font":"","enabled":false},"version":2}},"categories":[7],"tags":[],"class_list":["post-54576","post","type-post","status-publish","format-standard","has-post-thumbnail","hentry","category-saude"],"acf":[],"jetpack_publicize_connections":[],"jetpack_featured_media_url":"https:\/\/i0.wp.com\/blogdoeloiltoncajuhy.com.br\/site\/wp-content\/uploads\/2020\/07\/Coronavirus-Jaguarari.png?fit=450%2C337&ssl=1","jetpack_sharing_enabled":true,"publishpress_future_workflow_manual_trigger":{"enabledWorkflows":[]},"_links":{"self":[{"href":"https:\/\/blogdoeloiltoncajuhy.com.br\/site\/wp-json\/wp\/v2\/posts\/54576","targetHints":{"allow":["GET"]}}],"collection":[{"href":"https:\/\/blogdoeloiltoncajuhy.com.br\/site\/wp-json\/wp\/v2\/posts"}],"about":[{"href":"https:\/\/blogdoeloiltoncajuhy.com.br\/site\/wp-json\/wp\/v2\/types\/post"}],"author":[{"embeddable":true,"href":"https:\/\/blogdoeloiltoncajuhy.com.br\/site\/wp-json\/wp\/v2\/users\/2"}],"replies":[{"embeddable":true,"href":"https:\/\/blogdoeloiltoncajuhy.com.br\/site\/wp-json\/wp\/v2\/comments?post=54576"}],"version-history":[{"count":2,"href":"https:\/\/blogdoeloiltoncajuhy.com.br\/site\/wp-json\/wp\/v2\/posts\/54576\/revisions"}],"predecessor-version":[{"id":54578,"href":"https:\/\/blogdoeloiltoncajuhy.com.br\/site\/wp-json\/wp\/v2\/posts\/54576\/revisions\/54578"}],"wp:featuredmedia":[{"embeddable":true,"href":"https:\/\/blogdoeloiltoncajuhy.com.br\/site\/wp-json\/wp\/v2\/media\/46860"}],"wp:attachment":[{"href":"https:\/\/blogdoeloiltoncajuhy.com.br\/site\/wp-json\/wp\/v2\/media?parent=54576"}],"wp:term":[{"taxonomy":"category","embeddable":true,"href":"https:\/\/blogdoeloiltoncajuhy.com.br\/site\/wp-json\/wp\/v2\/categories?post=54576"},{"taxonomy":"post_tag","embeddable":true,"href":"https:\/\/blogdoeloiltoncajuhy.com.br\/site\/wp-json\/wp\/v2\/tags?post=54576"}],"curies":[{"name":"wp","href":"https:\/\/api.w.org\/{rel}","templated":true}]}}