{"id":54499,"date":"2021-03-04T22:14:48","date_gmt":"2021-03-05T01:14:48","guid":{"rendered":"http:\/\/blogdoeloiltoncajuhy.com.br\/site\/?p=54499"},"modified":"2021-03-04T22:14:50","modified_gmt":"2021-03-05T01:14:50","slug":"tudo-vai-passar","status":"publish","type":"post","link":"https:\/\/blogdoeloiltoncajuhy.com.br\/site\/tudo-vai-passar\/","title":{"rendered":"Tudo vai passar"},"content":{"rendered":"\n<div class=\"wp-block-image\"><figure class=\"aligncenter size-full is-resized\"><img data-recalc-dims=\"1\" fetchpriority=\"high\" decoding=\"async\" src=\"https:\/\/i0.wp.com\/blogdoeloiltoncajuhy.com.br\/site\/wp-content\/uploads\/2019\/05\/Reflex%C3%A3o_A-enchente.jpg?resize=727%2C301\" alt=\"\" class=\"wp-image-34248\" width=\"727\" height=\"301\" srcset=\"https:\/\/i0.wp.com\/blogdoeloiltoncajuhy.com.br\/site\/wp-content\/uploads\/2019\/05\/Reflex%C3%A3o_A-enchente.jpg?w=727&amp;ssl=1 727w, https:\/\/i0.wp.com\/blogdoeloiltoncajuhy.com.br\/site\/wp-content\/uploads\/2019\/05\/Reflex%C3%A3o_A-enchente.jpg?resize=300%2C124&amp;ssl=1 300w, https:\/\/i0.wp.com\/blogdoeloiltoncajuhy.com.br\/site\/wp-content\/uploads\/2019\/05\/Reflex%C3%A3o_A-enchente.jpg?resize=250%2C104&amp;ssl=1 250w\" sizes=\"(max-width: 727px) 100vw, 727px\" \/><\/figure><\/div>\n\n\n\n<p>Todas as coisas, na Terra, passam. Os dias de dificuldades, passar\u00e3o. Passar\u00e3o tamb\u00e9m os dias de amargura e solid\u00e3o. As dores e as l\u00e1grimas passar\u00e3o. As frustra\u00e7\u00f5es que nos fazem chorar, um dia passar\u00e3o. A saudade do ser querido que est\u00e1 longe, passar\u00e1.<\/p>\n\n\n\n<p>Dias de tristeza, dias de felicidade. S\u00e3o li\u00e7\u00f5es necess\u00e1rias que na Terra passam, deixando no esp\u00edrito imortal as experi\u00eancias acumuladas. Se hoje para n\u00f3s \u00e9 um desses dias repletos de amargura, paremos um instante. Elevemos o pensamento ao Alto e busquemos a voz suave da M\u00e3e amorosa a nos dizer carinhosamente: &#8220;isso tamb\u00e9m passar\u00e1&#8221;.<\/p>\n\n\n\n<p>E guardemos a certeza, pelas pr\u00f3prias dificuldades j\u00e1 superadas, que n\u00e3o h\u00e1 mal que dure para sempre. O planeta Terra, semelhante \u00e0 enorme embarca\u00e7\u00e3o, \u00e0s vezes parece que vai virar diante das turbul\u00eancias de gigantescas ondas.<\/p>\n\n\n\n<p>Mas isso tamb\u00e9m passar\u00e1, porque Jesus est\u00e1 no leme dessa Nau, e segue com o olhar sereno de quem guarda a certeza de que a agita\u00e7\u00e3o faz parte do roteiro evolutivo da humanidade, e que um dia tamb\u00e9m passar\u00e1. Ele sabe que a Terra chegar\u00e1 a porto seguro, porque essa \u00e9 a sua destina\u00e7\u00e3o.<\/p>\n\n\n\n<p>Assim, fa\u00e7amos a nossa parte o melhor que pudermos, sem esmorecimento, e confiemos em Deus, aproveitando cada segundo, cada minuto que, por certo, tamb\u00e9m passar\u00e3o.<\/p>\n\n\n\n<p>Tudo passa, exceto DEUS!<\/p>\n\n\n\n<p>Deus \u00e9 o suficiente!<\/p>\n","protected":false},"excerpt":{"rendered":"<p>Todas as coisas, na Terra, passam. Os dias de dificuldades, passar\u00e3o. Passar\u00e3o tamb\u00e9m os dias de amargura e solid\u00e3o. As dores e as l\u00e1grimas passar\u00e3o. As frustra\u00e7\u00f5es que nos fazem chorar, um dia passar\u00e3o. A saudade do ser querido que est\u00e1 longe, passar\u00e1. Dias de tristeza, dias de felicidade. S\u00e3o li\u00e7\u00f5es necess\u00e1rias que na Terra [&hellip;]<\/p>\n","protected":false},"author":2,"featured_media":34248,"comment_status":"open","ping_status":"open","sticky":false,"template":"","format":"standard","meta":{"_acf_changed":false,"_monsterinsights_skip_tracking":false,"_monsterinsights_sitenote_active":false,"_monsterinsights_sitenote_note":"","_monsterinsights_sitenote_category":0,"_jetpack_memberships_contains_paid_content":false,"footnotes":"","jetpack_publicize_message":"","jetpack_publicize_feature_enabled":true,"jetpack_social_post_already_shared":true,"jetpack_social_options":{"image_generator_settings":{"template":"highway","default_image_id":0,"font":"","enabled":false},"version":2}},"categories":[9],"tags":[],"class_list":["post-54499","post","type-post","status-publish","format-standard","has-post-thumbnail","hentry","category-reflexao"],"acf":[],"jetpack_publicize_connections":[],"jetpack_featured_media_url":"https:\/\/i0.wp.com\/blogdoeloiltoncajuhy.com.br\/site\/wp-content\/uploads\/2019\/05\/Reflex%C3%A3o_A-enchente.jpg?fit=727%2C301&ssl=1","jetpack_sharing_enabled":true,"publishpress_future_workflow_manual_trigger":{"enabledWorkflows":[]},"_links":{"self":[{"href":"https:\/\/blogdoeloiltoncajuhy.com.br\/site\/wp-json\/wp\/v2\/posts\/54499","targetHints":{"allow":["GET"]}}],"collection":[{"href":"https:\/\/blogdoeloiltoncajuhy.com.br\/site\/wp-json\/wp\/v2\/posts"}],"about":[{"href":"https:\/\/blogdoeloiltoncajuhy.com.br\/site\/wp-json\/wp\/v2\/types\/post"}],"author":[{"embeddable":true,"href":"https:\/\/blogdoeloiltoncajuhy.com.br\/site\/wp-json\/wp\/v2\/users\/2"}],"replies":[{"embeddable":true,"href":"https:\/\/blogdoeloiltoncajuhy.com.br\/site\/wp-json\/wp\/v2\/comments?post=54499"}],"version-history":[{"count":2,"href":"https:\/\/blogdoeloiltoncajuhy.com.br\/site\/wp-json\/wp\/v2\/posts\/54499\/revisions"}],"predecessor-version":[{"id":54501,"href":"https:\/\/blogdoeloiltoncajuhy.com.br\/site\/wp-json\/wp\/v2\/posts\/54499\/revisions\/54501"}],"wp:featuredmedia":[{"embeddable":true,"href":"https:\/\/blogdoeloiltoncajuhy.com.br\/site\/wp-json\/wp\/v2\/media\/34248"}],"wp:attachment":[{"href":"https:\/\/blogdoeloiltoncajuhy.com.br\/site\/wp-json\/wp\/v2\/media?parent=54499"}],"wp:term":[{"taxonomy":"category","embeddable":true,"href":"https:\/\/blogdoeloiltoncajuhy.com.br\/site\/wp-json\/wp\/v2\/categories?post=54499"},{"taxonomy":"post_tag","embeddable":true,"href":"https:\/\/blogdoeloiltoncajuhy.com.br\/site\/wp-json\/wp\/v2\/tags?post=54499"}],"curies":[{"name":"wp","href":"https:\/\/api.w.org\/{rel}","templated":true}]}}