{"id":54496,"date":"2021-03-04T20:03:01","date_gmt":"2021-03-04T23:03:01","guid":{"rendered":"http:\/\/blogdoeloiltoncajuhy.com.br\/site\/?p=54496"},"modified":"2021-03-04T20:03:02","modified_gmt":"2021-03-04T23:03:02","slug":"senhor-do-bonfim-confirma-mais-um-obito-causado-por-covid-19-nesta-quinta-feira-04","status":"publish","type":"post","link":"https:\/\/blogdoeloiltoncajuhy.com.br\/site\/senhor-do-bonfim-confirma-mais-um-obito-causado-por-covid-19-nesta-quinta-feira-04\/","title":{"rendered":"Senhor do Bonfim confirma mais um \u00f3bito causado por Covid-19 nesta quinta-feira (04)"},"content":{"rendered":"\n<div class=\"wp-block-image\"><figure class=\"aligncenter size-full is-resized\"><img data-recalc-dims=\"1\" fetchpriority=\"high\" decoding=\"async\" src=\"https:\/\/i0.wp.com\/blogdoeloiltoncajuhy.com.br\/site\/wp-content\/uploads\/2020\/07\/Coronavirus_Bonfim_01.jpeg?resize=768%2C324\" alt=\"\" class=\"wp-image-46232\" width=\"768\" height=\"324\" srcset=\"https:\/\/i0.wp.com\/blogdoeloiltoncajuhy.com.br\/site\/wp-content\/uploads\/2020\/07\/Coronavirus_Bonfim_01.jpeg?w=768&amp;ssl=1 768w, https:\/\/i0.wp.com\/blogdoeloiltoncajuhy.com.br\/site\/wp-content\/uploads\/2020\/07\/Coronavirus_Bonfim_01.jpeg?resize=300%2C127&amp;ssl=1 300w\" sizes=\"(max-width: 768px) 100vw, 768px\" \/><\/figure><\/div>\n\n\n\n<p>Mais uma morte provocada por Covid-19 em Senhor do Bonfim foi confirmada nesta quinta-feira (04). Trata-se de um idoso de 96 anos de idade, que sofria de hipertens\u00e3o e diabetes. A informa\u00e7\u00e3o \u00e9 do <strong>Blog Cleber Vieira News<\/strong>.<\/p>\n\n\n\n<p>O idoso foi internado em um hospital privado da cidade, com os sintomas da doen\u00e7a, no \u00faltimo dia 25 de fevereiro, morrendo dois dias depois.<\/p>\n\n\n\n<p>Nesta quinta-feira, saiu o resultado de exame, feito no Lacen do estado, confirmando o \u00f3bito como causado pela Covid-19. Com isso, o munic\u00edpio de Senhor do Bonfim contabiliza agora 43 mortes, desde o in\u00edcio da pandemia.<\/p>\n","protected":false},"excerpt":{"rendered":"<p>Mais uma morte provocada por Covid-19 em Senhor do Bonfim foi confirmada nesta quinta-feira (04). Trata-se de um idoso de 96 anos de idade, que sofria de hipertens\u00e3o e diabetes. A informa\u00e7\u00e3o \u00e9 do Blog Cleber Vieira News. O idoso foi internado em um hospital privado da cidade, com os sintomas da doen\u00e7a, no \u00faltimo [&hellip;]<\/p>\n","protected":false},"author":2,"featured_media":46232,"comment_status":"open","ping_status":"open","sticky":false,"template":"","format":"standard","meta":{"_acf_changed":false,"_monsterinsights_skip_tracking":false,"_monsterinsights_sitenote_active":false,"_monsterinsights_sitenote_note":"","_monsterinsights_sitenote_category":0,"_jetpack_memberships_contains_paid_content":false,"footnotes":"","jetpack_publicize_message":"","jetpack_publicize_feature_enabled":true,"jetpack_social_post_already_shared":true,"jetpack_social_options":{"image_generator_settings":{"template":"highway","default_image_id":0,"font":"","enabled":false},"version":2}},"categories":[4],"tags":[],"class_list":["post-54496","post","type-post","status-publish","format-standard","has-post-thumbnail","hentry","category-local"],"acf":[],"jetpack_publicize_connections":[],"jetpack_featured_media_url":"https:\/\/i0.wp.com\/blogdoeloiltoncajuhy.com.br\/site\/wp-content\/uploads\/2020\/07\/Coronavirus_Bonfim_01.jpeg?fit=768%2C324&ssl=1","jetpack_sharing_enabled":true,"publishpress_future_workflow_manual_trigger":{"enabledWorkflows":[]},"_links":{"self":[{"href":"https:\/\/blogdoeloiltoncajuhy.com.br\/site\/wp-json\/wp\/v2\/posts\/54496","targetHints":{"allow":["GET"]}}],"collection":[{"href":"https:\/\/blogdoeloiltoncajuhy.com.br\/site\/wp-json\/wp\/v2\/posts"}],"about":[{"href":"https:\/\/blogdoeloiltoncajuhy.com.br\/site\/wp-json\/wp\/v2\/types\/post"}],"author":[{"embeddable":true,"href":"https:\/\/blogdoeloiltoncajuhy.com.br\/site\/wp-json\/wp\/v2\/users\/2"}],"replies":[{"embeddable":true,"href":"https:\/\/blogdoeloiltoncajuhy.com.br\/site\/wp-json\/wp\/v2\/comments?post=54496"}],"version-history":[{"count":2,"href":"https:\/\/blogdoeloiltoncajuhy.com.br\/site\/wp-json\/wp\/v2\/posts\/54496\/revisions"}],"predecessor-version":[{"id":54498,"href":"https:\/\/blogdoeloiltoncajuhy.com.br\/site\/wp-json\/wp\/v2\/posts\/54496\/revisions\/54498"}],"wp:featuredmedia":[{"embeddable":true,"href":"https:\/\/blogdoeloiltoncajuhy.com.br\/site\/wp-json\/wp\/v2\/media\/46232"}],"wp:attachment":[{"href":"https:\/\/blogdoeloiltoncajuhy.com.br\/site\/wp-json\/wp\/v2\/media?parent=54496"}],"wp:term":[{"taxonomy":"category","embeddable":true,"href":"https:\/\/blogdoeloiltoncajuhy.com.br\/site\/wp-json\/wp\/v2\/categories?post=54496"},{"taxonomy":"post_tag","embeddable":true,"href":"https:\/\/blogdoeloiltoncajuhy.com.br\/site\/wp-json\/wp\/v2\/tags?post=54496"}],"curies":[{"name":"wp","href":"https:\/\/api.w.org\/{rel}","templated":true}]}}