{"id":54490,"date":"2021-03-04T19:01:22","date_gmt":"2021-03-04T22:01:22","guid":{"rendered":"http:\/\/blogdoeloiltoncajuhy.com.br\/site\/?p=54490"},"modified":"2021-03-04T19:01:23","modified_gmt":"2021-03-04T22:01:23","slug":"boletim-registra-mais-de-21-mil-casos-ativos-de-covid-19-na-bahia-111-obitos-sao-contabilizados","status":"publish","type":"post","link":"https:\/\/blogdoeloiltoncajuhy.com.br\/site\/boletim-registra-mais-de-21-mil-casos-ativos-de-covid-19-na-bahia-111-obitos-sao-contabilizados\/","title":{"rendered":"Boletim registra mais de 21 mil casos ativos de Covid-19 na Bahia; 111 \u00f3bitos s\u00e3o contabilizados"},"content":{"rendered":"\n<h5 class=\"has-text-align-center wp-block-heading\"><em>Segundo boletim, 5.985 novos casos da doen\u00e7a foram confirmados nas \u00faltimas 24h. Estado alcan\u00e7ou a marca de 700 mil casos da doen\u00e7a desde o in\u00edcio da pandemia<\/em><\/h5>\n\n\n\n<div class=\"wp-block-image\"><figure class=\"aligncenter size-large\"><img data-recalc-dims=\"1\" fetchpriority=\"high\" decoding=\"async\" width=\"555\" height=\"369\" src=\"https:\/\/i0.wp.com\/blogdoeloiltoncajuhy.com.br\/site\/wp-content\/uploads\/2021\/02\/Coronavirus-Boletim-Estado.png?resize=555%2C369\" alt=\"\" class=\"wp-image-54267\" srcset=\"https:\/\/i0.wp.com\/blogdoeloiltoncajuhy.com.br\/site\/wp-content\/uploads\/2021\/02\/Coronavirus-Boletim-Estado.png?w=555&amp;ssl=1 555w, https:\/\/i0.wp.com\/blogdoeloiltoncajuhy.com.br\/site\/wp-content\/uploads\/2021\/02\/Coronavirus-Boletim-Estado.png?resize=300%2C199&amp;ssl=1 300w\" sizes=\"(max-width: 555px) 100vw, 555px\" \/><\/figure><\/div>\n\n\n\n<p>A Bahia registrou 21.486 casos ativos de Covid-19 de acordo com boletim divulgado nesta quinta-feira (4) pela Secretaria Estadual de Sa\u00fade (Sesab). Segundo boletim, 5.985 novos casos da doen\u00e7a foram confirmados nas \u00faltimas 24h.<\/p>\n\n\n\n<p>De acordo com a Sesab, 111 \u00f3bitos foram registrados. As mortes aconteceram em datas diversas, mas foram contabilizadas no boletim desta quinta. Ao todo, 12.251 pessoas morreram v\u00edtimas da doen\u00e7a na Bahia. Segundo boletim, em mar\u00e7o, o dia com o maior n\u00famero de \u00f3bitos foi no dia 3, com 11 v\u00edtimas.<\/p>\n\n\n\n<p>Com os novos casos, a Bahia alcan\u00e7ou a marca de 700.768 casos de Covid-19 desde o in\u00edcio da pandemia. Na Bahia, 43.353 profissionais da sa\u00fade tiveram diagnostico positivo para o v\u00edrus.<\/p>\n\n\n\n<p>O boletim informa tamb\u00e9m o n\u00famero de vacinados na Bahia. Segundo a Sesab, 500.471 pessoas foram vacinadas contra a Covid-19, dos quais 141.951 receberam tamb\u00e9m a segunda dose at\u00e9 as 15h desta quinta.<\/p>\n","protected":false},"excerpt":{"rendered":"<p>Segundo boletim, 5.985 novos casos da doen\u00e7a foram confirmados nas \u00faltimas 24h. Estado alcan\u00e7ou a marca de 700 mil casos da doen\u00e7a desde o in\u00edcio da pandemia A Bahia registrou 21.486 casos ativos de Covid-19 de acordo com boletim divulgado nesta quinta-feira (4) pela Secretaria Estadual de Sa\u00fade (Sesab). Segundo boletim, 5.985 novos casos da [&hellip;]<\/p>\n","protected":false},"author":2,"featured_media":54345,"comment_status":"open","ping_status":"open","sticky":false,"template":"","format":"standard","meta":{"_acf_changed":false,"_monsterinsights_skip_tracking":false,"_monsterinsights_sitenote_active":false,"_monsterinsights_sitenote_note":"","_monsterinsights_sitenote_category":0,"_jetpack_memberships_contains_paid_content":false,"footnotes":"","jetpack_publicize_message":"","jetpack_publicize_feature_enabled":true,"jetpack_social_post_already_shared":true,"jetpack_social_options":{"image_generator_settings":{"template":"highway","default_image_id":0,"font":"","enabled":false},"version":2}},"categories":[7],"tags":[],"class_list":["post-54490","post","type-post","status-publish","format-standard","has-post-thumbnail","hentry","category-saude"],"acf":[],"jetpack_publicize_connections":[],"jetpack_featured_media_url":"https:\/\/i0.wp.com\/blogdoeloiltoncajuhy.com.br\/site\/wp-content\/uploads\/2021\/02\/Coronavirus-Boletim-Estado_8860.png?fit=768%2C512&ssl=1","jetpack_sharing_enabled":true,"publishpress_future_workflow_manual_trigger":{"enabledWorkflows":[]},"_links":{"self":[{"href":"https:\/\/blogdoeloiltoncajuhy.com.br\/site\/wp-json\/wp\/v2\/posts\/54490","targetHints":{"allow":["GET"]}}],"collection":[{"href":"https:\/\/blogdoeloiltoncajuhy.com.br\/site\/wp-json\/wp\/v2\/posts"}],"about":[{"href":"https:\/\/blogdoeloiltoncajuhy.com.br\/site\/wp-json\/wp\/v2\/types\/post"}],"author":[{"embeddable":true,"href":"https:\/\/blogdoeloiltoncajuhy.com.br\/site\/wp-json\/wp\/v2\/users\/2"}],"replies":[{"embeddable":true,"href":"https:\/\/blogdoeloiltoncajuhy.com.br\/site\/wp-json\/wp\/v2\/comments?post=54490"}],"version-history":[{"count":2,"href":"https:\/\/blogdoeloiltoncajuhy.com.br\/site\/wp-json\/wp\/v2\/posts\/54490\/revisions"}],"predecessor-version":[{"id":54492,"href":"https:\/\/blogdoeloiltoncajuhy.com.br\/site\/wp-json\/wp\/v2\/posts\/54490\/revisions\/54492"}],"wp:featuredmedia":[{"embeddable":true,"href":"https:\/\/blogdoeloiltoncajuhy.com.br\/site\/wp-json\/wp\/v2\/media\/54345"}],"wp:attachment":[{"href":"https:\/\/blogdoeloiltoncajuhy.com.br\/site\/wp-json\/wp\/v2\/media?parent=54490"}],"wp:term":[{"taxonomy":"category","embeddable":true,"href":"https:\/\/blogdoeloiltoncajuhy.com.br\/site\/wp-json\/wp\/v2\/categories?post=54490"},{"taxonomy":"post_tag","embeddable":true,"href":"https:\/\/blogdoeloiltoncajuhy.com.br\/site\/wp-json\/wp\/v2\/tags?post=54490"}],"curies":[{"name":"wp","href":"https:\/\/api.w.org\/{rel}","templated":true}]}}