{"id":54485,"date":"2021-03-04T18:54:37","date_gmt":"2021-03-04T21:54:37","guid":{"rendered":"http:\/\/blogdoeloiltoncajuhy.com.br\/site\/?p=54485"},"modified":"2021-03-04T18:54:38","modified_gmt":"2021-03-04T21:54:38","slug":"secretaria-de-educacao-de-andorinha-realiza-live-de-abertura-da-jornada-pedagogica-2021","status":"publish","type":"post","link":"https:\/\/blogdoeloiltoncajuhy.com.br\/site\/secretaria-de-educacao-de-andorinha-realiza-live-de-abertura-da-jornada-pedagogica-2021\/","title":{"rendered":"Secretaria de Educa\u00e7\u00e3o de Andorinha realiza live de abertura da Jornada Pedag\u00f3gica 2021"},"content":{"rendered":"\n<div class=\"wp-block-image\"><figure class=\"aligncenter size-large\"><img data-recalc-dims=\"1\" fetchpriority=\"high\" decoding=\"async\" width=\"800\" height=\"369\" src=\"https:\/\/i0.wp.com\/blogdoeloiltoncajuhy.com.br\/site\/wp-content\/uploads\/2021\/03\/PMA_JornadaPedagogica-2021-LiveAbertura_01.jpeg?resize=800%2C369\" alt=\"\" class=\"wp-image-54487\" srcset=\"https:\/\/i0.wp.com\/blogdoeloiltoncajuhy.com.br\/site\/wp-content\/uploads\/2021\/03\/PMA_JornadaPedagogica-2021-LiveAbertura_01.jpeg?resize=1024%2C472&amp;ssl=1 1024w, https:\/\/i0.wp.com\/blogdoeloiltoncajuhy.com.br\/site\/wp-content\/uploads\/2021\/03\/PMA_JornadaPedagogica-2021-LiveAbertura_01.jpeg?resize=300%2C138&amp;ssl=1 300w, https:\/\/i0.wp.com\/blogdoeloiltoncajuhy.com.br\/site\/wp-content\/uploads\/2021\/03\/PMA_JornadaPedagogica-2021-LiveAbertura_01.jpeg?resize=768%2C354&amp;ssl=1 768w, https:\/\/i0.wp.com\/blogdoeloiltoncajuhy.com.br\/site\/wp-content\/uploads\/2021\/03\/PMA_JornadaPedagogica-2021-LiveAbertura_01.jpeg?w=1280&amp;ssl=1 1280w\" sizes=\"(max-width: 800px) 100vw, 800px\" \/><\/figure><\/div>\n\n\n\n<p>Aconteceu na tarde da \u00faltima quarta-feira, 3, a Live de abertura da Jornada Pedag\u00f3gica, realizada pela secretaria de Educa\u00e7\u00e3o de Andorinha. Estiveram presentes o prefeito Renato Brand\u00e3o e a secret\u00e1ria de Educa\u00e7\u00e3o, Lurdineia Almeida.<\/p>\n\n\n\n<p>Em virtude da pandemia causada pela Covid-19, e respeitando o distanciamento social, este ano o evento est\u00e1 sendo realizado totalmente online.<\/p>\n\n\n\n<p>No primeiro dia da jornada, foi realizada uma Live, com a participa\u00e7\u00e3o do Palestrante Internacional, Eduardo Shinyashiki, que promoveu o di\u00e1logo a respeito das compet\u00eancias socioemocionais na educa\u00e7\u00e3o, e do cantor Egnaldo Am\u00e9rico. Ambos deram um show e emocionaram a todos. A Live foi um sucesso, com grande participa\u00e7\u00e3o popular.<\/p>\n\n\n\n<p>A programa\u00e7\u00e3o continua nos dias 04 e 05, onde os professores da rede municipal de ensino ir\u00e3o se encontrar com as equipes das suas unidades escolares atrav\u00e9s da Plataforma Google Meet, para discutir as quest\u00f5es administrativas, pedag\u00f3gicas e planejar as atividades e a\u00e7\u00f5es das escolas para o continuum 2020-2021.<\/p>\n\n\n\n<div class=\"wp-block-image\"><figure class=\"aligncenter size-large\"><img data-recalc-dims=\"1\" decoding=\"async\" width=\"800\" height=\"369\" src=\"https:\/\/i0.wp.com\/blogdoeloiltoncajuhy.com.br\/site\/wp-content\/uploads\/2021\/03\/PMA_JornadaPedagogica-2021-LiveAbertura_02.jpeg?resize=800%2C369\" alt=\"\" class=\"wp-image-54488\" srcset=\"https:\/\/i0.wp.com\/blogdoeloiltoncajuhy.com.br\/site\/wp-content\/uploads\/2021\/03\/PMA_JornadaPedagogica-2021-LiveAbertura_02.jpeg?resize=1024%2C472&amp;ssl=1 1024w, https:\/\/i0.wp.com\/blogdoeloiltoncajuhy.com.br\/site\/wp-content\/uploads\/2021\/03\/PMA_JornadaPedagogica-2021-LiveAbertura_02.jpeg?resize=300%2C138&amp;ssl=1 300w, https:\/\/i0.wp.com\/blogdoeloiltoncajuhy.com.br\/site\/wp-content\/uploads\/2021\/03\/PMA_JornadaPedagogica-2021-LiveAbertura_02.jpeg?resize=768%2C354&amp;ssl=1 768w, https:\/\/i0.wp.com\/blogdoeloiltoncajuhy.com.br\/site\/wp-content\/uploads\/2021\/03\/PMA_JornadaPedagogica-2021-LiveAbertura_02.jpeg?w=1280&amp;ssl=1 1280w\" sizes=\"(max-width: 800px) 100vw, 800px\" \/><\/figure><\/div>\n","protected":false},"excerpt":{"rendered":"<p>Aconteceu na tarde da \u00faltima quarta-feira, 3, a Live de abertura da Jornada Pedag\u00f3gica, realizada pela secretaria de Educa\u00e7\u00e3o de Andorinha. Estiveram presentes o prefeito Renato Brand\u00e3o e a secret\u00e1ria de Educa\u00e7\u00e3o, Lurdineia Almeida. Em virtude da pandemia causada pela Covid-19, e respeitando o distanciamento social, este ano o evento est\u00e1 sendo realizado totalmente online. [&hellip;]<\/p>\n","protected":false},"author":2,"featured_media":54488,"comment_status":"open","ping_status":"open","sticky":false,"template":"","format":"standard","meta":{"_acf_changed":false,"_monsterinsights_skip_tracking":false,"_monsterinsights_sitenote_active":false,"_monsterinsights_sitenote_note":"","_monsterinsights_sitenote_category":0,"_jetpack_memberships_contains_paid_content":false,"footnotes":"","jetpack_publicize_message":"","jetpack_publicize_feature_enabled":true,"jetpack_social_post_already_shared":true,"jetpack_social_options":{"image_generator_settings":{"template":"highway","default_image_id":0,"font":"","enabled":false},"version":2}},"categories":[11],"tags":[],"class_list":["post-54485","post","type-post","status-publish","format-standard","has-post-thumbnail","hentry","category-regional"],"acf":[],"jetpack_publicize_connections":[],"jetpack_featured_media_url":"https:\/\/i0.wp.com\/blogdoeloiltoncajuhy.com.br\/site\/wp-content\/uploads\/2021\/03\/PMA_JornadaPedagogica-2021-LiveAbertura_02.jpeg?fit=1280%2C590&ssl=1","jetpack_sharing_enabled":true,"publishpress_future_workflow_manual_trigger":{"enabledWorkflows":[]},"_links":{"self":[{"href":"https:\/\/blogdoeloiltoncajuhy.com.br\/site\/wp-json\/wp\/v2\/posts\/54485","targetHints":{"allow":["GET"]}}],"collection":[{"href":"https:\/\/blogdoeloiltoncajuhy.com.br\/site\/wp-json\/wp\/v2\/posts"}],"about":[{"href":"https:\/\/blogdoeloiltoncajuhy.com.br\/site\/wp-json\/wp\/v2\/types\/post"}],"author":[{"embeddable":true,"href":"https:\/\/blogdoeloiltoncajuhy.com.br\/site\/wp-json\/wp\/v2\/users\/2"}],"replies":[{"embeddable":true,"href":"https:\/\/blogdoeloiltoncajuhy.com.br\/site\/wp-json\/wp\/v2\/comments?post=54485"}],"version-history":[{"count":1,"href":"https:\/\/blogdoeloiltoncajuhy.com.br\/site\/wp-json\/wp\/v2\/posts\/54485\/revisions"}],"predecessor-version":[{"id":54489,"href":"https:\/\/blogdoeloiltoncajuhy.com.br\/site\/wp-json\/wp\/v2\/posts\/54485\/revisions\/54489"}],"wp:featuredmedia":[{"embeddable":true,"href":"https:\/\/blogdoeloiltoncajuhy.com.br\/site\/wp-json\/wp\/v2\/media\/54488"}],"wp:attachment":[{"href":"https:\/\/blogdoeloiltoncajuhy.com.br\/site\/wp-json\/wp\/v2\/media?parent=54485"}],"wp:term":[{"taxonomy":"category","embeddable":true,"href":"https:\/\/blogdoeloiltoncajuhy.com.br\/site\/wp-json\/wp\/v2\/categories?post=54485"},{"taxonomy":"post_tag","embeddable":true,"href":"https:\/\/blogdoeloiltoncajuhy.com.br\/site\/wp-json\/wp\/v2\/tags?post=54485"}],"curies":[{"name":"wp","href":"https:\/\/api.w.org\/{rel}","templated":true}]}}