{"id":54472,"date":"2021-03-04T10:41:22","date_gmt":"2021-03-04T13:41:22","guid":{"rendered":"http:\/\/blogdoeloiltoncajuhy.com.br\/site\/?p=54472"},"modified":"2021-03-04T10:41:24","modified_gmt":"2021-03-04T13:41:24","slug":"uneb-em-senhor-do-bonfim-promove-live-em-alusao-ao-dia-internacional-da-mulher","status":"publish","type":"post","link":"https:\/\/blogdoeloiltoncajuhy.com.br\/site\/uneb-em-senhor-do-bonfim-promove-live-em-alusao-ao-dia-internacional-da-mulher\/","title":{"rendered":"UNEB em Senhor do Bonfim promove live em alus\u00e3o ao Dia Internacional da Mulher"},"content":{"rendered":"\n<div class=\"wp-block-image\"><figure class=\"aligncenter size-large\"><img data-recalc-dims=\"1\" fetchpriority=\"high\" decoding=\"async\" width=\"800\" height=\"800\" src=\"https:\/\/i0.wp.com\/blogdoeloiltoncajuhy.com.br\/site\/wp-content\/uploads\/2021\/03\/Uneb_LiveDiaInternacionalMulher-2021.jpeg?resize=800%2C800\" alt=\"\" class=\"wp-image-54473\" srcset=\"https:\/\/i0.wp.com\/blogdoeloiltoncajuhy.com.br\/site\/wp-content\/uploads\/2021\/03\/Uneb_LiveDiaInternacionalMulher-2021.jpeg?resize=1024%2C1024&amp;ssl=1 1024w, https:\/\/i0.wp.com\/blogdoeloiltoncajuhy.com.br\/site\/wp-content\/uploads\/2021\/03\/Uneb_LiveDiaInternacionalMulher-2021.jpeg?resize=300%2C300&amp;ssl=1 300w, https:\/\/i0.wp.com\/blogdoeloiltoncajuhy.com.br\/site\/wp-content\/uploads\/2021\/03\/Uneb_LiveDiaInternacionalMulher-2021.jpeg?resize=150%2C150&amp;ssl=1 150w, https:\/\/i0.wp.com\/blogdoeloiltoncajuhy.com.br\/site\/wp-content\/uploads\/2021\/03\/Uneb_LiveDiaInternacionalMulher-2021.jpeg?resize=768%2C768&amp;ssl=1 768w, https:\/\/i0.wp.com\/blogdoeloiltoncajuhy.com.br\/site\/wp-content\/uploads\/2021\/03\/Uneb_LiveDiaInternacionalMulher-2021.jpeg?w=1280&amp;ssl=1 1280w\" sizes=\"(max-width: 800px) 100vw, 800px\" \/><\/figure><\/div>\n\n\n\n<p>Em comemora\u00e7\u00e3o ao Dia Internacional da Mulher, celebrado em 8 de mar\u00e7o, o Departamento de Educa\u00e7\u00e3o (DEDC), Campus VII da UNEB, realiza a Roda de Conversa <strong>\u201cEmpoderamento feminino: caminhos para promo\u00e7\u00e3o da equidade\u201d<\/strong>, nesta segunda-feira (08), \u00e0s 16h. A transmiss\u00e3o ser\u00e1 realizada pelo canal do Grupo de Estudos em Educa\u00e7\u00e3o Cient\u00edfica (GEEC) no YouTube.<\/p>\n\n\n\n<p>A iniciativa do GEEC, do Campus VII da UNEB, em parceria com a Sociedade Brasileira de Estudos em Sexualidade Humana (SBRASH), atrav\u00e9s das Delegacias Regionais da Bahia e de Sergipe, visa discutir o empoderamento das mulheres e a igualdade de g\u00eanero em todas as atividades sociais para garantir o fortalecimento da cidadania e responsabilidade social.<\/p>\n\n\n\n<p>A roda de conversa conta com a participa\u00e7\u00e3o da professora da Universidade Federal da Bahia (UFBA), Tereza Fagundes; do professor da Universidade Federal de Sergipe (UFS) e delegado regional da SBRASH em Sergipe, Francisco Leal Andrade; da professora do Programa de P\u00f3s-Gradua\u00e7\u00e3o em Estudos Interdisciplinares em Mulheres, G\u00eanero e Feminismos (PPPGNEIM\/UFBA), Angela Maria Souza; e da doutoranda em Hist\u00f3ria, Tatiane Chates. A discuss\u00e3o ser\u00e1 mediada pela professora do Campus VII da UNEB, coordenadora do GEEC e secret\u00e1ria geral da SBRASH, Maria Jos\u00e9 Pinho.<\/p>\n\n\n\n<p>Maria Jos\u00e9 fala sobre o que representa o Dia Internacional da Mulher para ela. <em>\u201cComo pesquisadoras e pesquisadores de g\u00eanero e sexualidade, e tendo como base a epistemologia feminista, essa data simb\u00f3lica representa um momento de discutir e promover di\u00e1logos de forma a questionar as assimetrias de poder em dire\u00e7\u00e3o \u00e0 equidade de g\u00eanero\u201d<\/em>, frisa a professora.<\/p>\n\n\n\n<p class=\"has-black-color has-text-color\"><strong><em>Link do Canal do GEEC &#8211; Grupo de Estudos de Educa\u00e7\u00e3o Cient\u00edfica no YouTube:<\/em><\/strong><\/p>\n\n\n\n<p><a href=\"https:\/\/www.youtube.com\/channel\/UCU07Ck7F774fmSVqd2hUPAg\" target=\"_blank\" rel=\"noreferrer noopener\">https:\/\/www.youtube.com\/channel\/UCU07Ck7F774fmSVqd2hUPAg<\/a>.<\/p>\n","protected":false},"excerpt":{"rendered":"<p>Em comemora\u00e7\u00e3o ao Dia Internacional da Mulher, celebrado em 8 de mar\u00e7o, o Departamento de Educa\u00e7\u00e3o (DEDC), Campus VII da UNEB, realiza a Roda de Conversa \u201cEmpoderamento feminino: caminhos para promo\u00e7\u00e3o da equidade\u201d, nesta segunda-feira (08), \u00e0s 16h. A transmiss\u00e3o ser\u00e1 realizada pelo canal do Grupo de Estudos em Educa\u00e7\u00e3o Cient\u00edfica (GEEC) no YouTube. A [&hellip;]<\/p>\n","protected":false},"author":2,"featured_media":54473,"comment_status":"open","ping_status":"open","sticky":false,"template":"","format":"standard","meta":{"_acf_changed":false,"_monsterinsights_skip_tracking":false,"_monsterinsights_sitenote_active":false,"_monsterinsights_sitenote_note":"","_monsterinsights_sitenote_category":0,"_jetpack_memberships_contains_paid_content":false,"footnotes":"","jetpack_publicize_message":"","jetpack_publicize_feature_enabled":true,"jetpack_social_post_already_shared":true,"jetpack_social_options":{"image_generator_settings":{"template":"highway","default_image_id":0,"font":"","enabled":false},"version":2}},"categories":[4],"tags":[],"class_list":["post-54472","post","type-post","status-publish","format-standard","has-post-thumbnail","hentry","category-local"],"acf":[],"jetpack_publicize_connections":[],"jetpack_featured_media_url":"https:\/\/i0.wp.com\/blogdoeloiltoncajuhy.com.br\/site\/wp-content\/uploads\/2021\/03\/Uneb_LiveDiaInternacionalMulher-2021.jpeg?fit=1280%2C1280&ssl=1","jetpack_sharing_enabled":true,"publishpress_future_workflow_manual_trigger":{"enabledWorkflows":[]},"_links":{"self":[{"href":"https:\/\/blogdoeloiltoncajuhy.com.br\/site\/wp-json\/wp\/v2\/posts\/54472","targetHints":{"allow":["GET"]}}],"collection":[{"href":"https:\/\/blogdoeloiltoncajuhy.com.br\/site\/wp-json\/wp\/v2\/posts"}],"about":[{"href":"https:\/\/blogdoeloiltoncajuhy.com.br\/site\/wp-json\/wp\/v2\/types\/post"}],"author":[{"embeddable":true,"href":"https:\/\/blogdoeloiltoncajuhy.com.br\/site\/wp-json\/wp\/v2\/users\/2"}],"replies":[{"embeddable":true,"href":"https:\/\/blogdoeloiltoncajuhy.com.br\/site\/wp-json\/wp\/v2\/comments?post=54472"}],"version-history":[{"count":1,"href":"https:\/\/blogdoeloiltoncajuhy.com.br\/site\/wp-json\/wp\/v2\/posts\/54472\/revisions"}],"predecessor-version":[{"id":54474,"href":"https:\/\/blogdoeloiltoncajuhy.com.br\/site\/wp-json\/wp\/v2\/posts\/54472\/revisions\/54474"}],"wp:featuredmedia":[{"embeddable":true,"href":"https:\/\/blogdoeloiltoncajuhy.com.br\/site\/wp-json\/wp\/v2\/media\/54473"}],"wp:attachment":[{"href":"https:\/\/blogdoeloiltoncajuhy.com.br\/site\/wp-json\/wp\/v2\/media?parent=54472"}],"wp:term":[{"taxonomy":"category","embeddable":true,"href":"https:\/\/blogdoeloiltoncajuhy.com.br\/site\/wp-json\/wp\/v2\/categories?post=54472"},{"taxonomy":"post_tag","embeddable":true,"href":"https:\/\/blogdoeloiltoncajuhy.com.br\/site\/wp-json\/wp\/v2\/tags?post=54472"}],"curies":[{"name":"wp","href":"https:\/\/api.w.org\/{rel}","templated":true}]}}