{"id":54462,"date":"2021-03-03T22:18:28","date_gmt":"2021-03-04T01:18:28","guid":{"rendered":"http:\/\/blogdoeloiltoncajuhy.com.br\/site\/?p=54462"},"modified":"2021-03-03T22:20:16","modified_gmt":"2021-03-04T01:20:16","slug":"com-1-840-mortes-em-24h-brasil-bate-novo-recorde-de-obitos-por-covid-19","status":"publish","type":"post","link":"https:\/\/blogdoeloiltoncajuhy.com.br\/site\/com-1-840-mortes-em-24h-brasil-bate-novo-recorde-de-obitos-por-covid-19\/","title":{"rendered":"Com 1.840 mortes em 24h, Brasil bate novo recorde de \u00f3bitos por Covid-19"},"content":{"rendered":"\n<h5 class=\"has-text-align-center wp-block-heading\"><em>Pa\u00eds contabiliza mais de 259 mil vidas perdidas para o novo coronav\u00edrus, segundo o boletim do cons\u00f3rcio de ve\u00edculos de imprensa<\/em><\/h5>\n\n\n\n<div class=\"wp-block-image\"><figure class=\"aligncenter size-large\"><img data-recalc-dims=\"1\" fetchpriority=\"high\" decoding=\"async\" width=\"800\" height=\"555\" src=\"https:\/\/i0.wp.com\/blogdoeloiltoncajuhy.com.br\/site\/wp-content\/uploads\/2020\/08\/Coronavirus-22951.jpg?resize=800%2C555\" alt=\"\" class=\"wp-image-48467\" srcset=\"https:\/\/i0.wp.com\/blogdoeloiltoncajuhy.com.br\/site\/wp-content\/uploads\/2020\/08\/Coronavirus-22951.jpg?resize=1024%2C711&amp;ssl=1 1024w, https:\/\/i0.wp.com\/blogdoeloiltoncajuhy.com.br\/site\/wp-content\/uploads\/2020\/08\/Coronavirus-22951.jpg?resize=300%2C208&amp;ssl=1 300w, https:\/\/i0.wp.com\/blogdoeloiltoncajuhy.com.br\/site\/wp-content\/uploads\/2020\/08\/Coronavirus-22951.jpg?resize=768%2C533&amp;ssl=1 768w, https:\/\/i0.wp.com\/blogdoeloiltoncajuhy.com.br\/site\/wp-content\/uploads\/2020\/08\/Coronavirus-22951.jpg?w=1200&amp;ssl=1 1200w\" sizes=\"(max-width: 800px) 100vw, 800px\" \/><\/figure><\/div>\n\n\n\n<p>O Brasil bateu, pelo segundo dia consecutivo, o recorde de mortes por Covid-19 notificadas em 24h. Foram 1.840 \u00f3bitos contabilizados pelas secretarias estaduais de sa\u00fade. O pa\u00eds totaliza 259.402 vidas perdidas para o novo coronav\u00edrus. A m\u00e9dia m\u00f3vel tamb\u00e9m bateu um novo recorde: 1.332. \u00c9 o quinto dia consecutivo que isto ocorre. O c\u00e1lculo est\u00e1 29% maior do que duas semanas atr\u00e1s.<\/p>\n\n\n\n<h5 class=\"wp-block-heading\"><strong>Veja os dez dias com maior n\u00famero de mortes por Covid-19:<\/strong><\/h5>\n\n\n\n<ul class=\"wp-block-list\"><li>3\/3\/2021 com 1.840 mortes<\/li><li>2\/3\/2021 com 1.726 mortes<\/li><li>25\/2\/2021 com 1.582 mortes<\/li><li>29\/7\/2020 com 1.554 mortes<\/li><li>4\/6\/2020 com 1.470 mortes<\/li><li>11\/2\/2021 com 1.452 mortes<\/li><li>28\/1\/2021 com 1.439 mortes<\/li><li>24\/2\/2021 com 1.433 mortes<\/li><li>18\/2\/2021 com 1.432 mortes<\/li><li>4\/8\/2020 com 1.394 mortes<\/li><\/ul>\n\n\n\n<p><\/p>\n\n\n\n<p>Desde as 20h de ter\u00e7a-feira, 74.376 novos casos foram registrados, elevando para 10.722.221 o total de infectados pelo v\u00edrus Sars-CoV-2 no pa\u00eds. A m\u00e9dia m\u00f3vel foi de 56.602 diagn\u00f3sticos positivos, 27% maior do que o c\u00e1lculo de 14 dias atr\u00e1s.<\/p>\n","protected":false},"excerpt":{"rendered":"<p>Pa\u00eds contabiliza mais de 259 mil vidas perdidas para o novo coronav\u00edrus, segundo o boletim do cons\u00f3rcio de ve\u00edculos de imprensa O Brasil bateu, pelo segundo dia consecutivo, o recorde de mortes por Covid-19 notificadas em 24h. Foram 1.840 \u00f3bitos contabilizados pelas secretarias estaduais de sa\u00fade. O pa\u00eds totaliza 259.402 vidas perdidas para o novo [&hellip;]<\/p>\n","protected":false},"author":2,"featured_media":45417,"comment_status":"open","ping_status":"open","sticky":false,"template":"","format":"standard","meta":{"_acf_changed":false,"_monsterinsights_skip_tracking":false,"_monsterinsights_sitenote_active":false,"_monsterinsights_sitenote_note":"","_monsterinsights_sitenote_category":0,"_jetpack_memberships_contains_paid_content":false,"footnotes":"","jetpack_publicize_message":"","jetpack_publicize_feature_enabled":true,"jetpack_social_post_already_shared":true,"jetpack_social_options":{"image_generator_settings":{"template":"highway","default_image_id":0,"font":"","enabled":false},"version":2}},"categories":[7],"tags":[],"class_list":["post-54462","post","type-post","status-publish","format-standard","has-post-thumbnail","hentry","category-saude"],"acf":[],"jetpack_publicize_connections":[],"jetpack_featured_media_url":"https:\/\/i0.wp.com\/blogdoeloiltoncajuhy.com.br\/site\/wp-content\/uploads\/2020\/06\/Coronav%C3%ADrus-20.06.2020.jpg?fit=1292%2C721&ssl=1","jetpack_sharing_enabled":true,"publishpress_future_workflow_manual_trigger":{"enabledWorkflows":[]},"_links":{"self":[{"href":"https:\/\/blogdoeloiltoncajuhy.com.br\/site\/wp-json\/wp\/v2\/posts\/54462","targetHints":{"allow":["GET"]}}],"collection":[{"href":"https:\/\/blogdoeloiltoncajuhy.com.br\/site\/wp-json\/wp\/v2\/posts"}],"about":[{"href":"https:\/\/blogdoeloiltoncajuhy.com.br\/site\/wp-json\/wp\/v2\/types\/post"}],"author":[{"embeddable":true,"href":"https:\/\/blogdoeloiltoncajuhy.com.br\/site\/wp-json\/wp\/v2\/users\/2"}],"replies":[{"embeddable":true,"href":"https:\/\/blogdoeloiltoncajuhy.com.br\/site\/wp-json\/wp\/v2\/comments?post=54462"}],"version-history":[{"count":3,"href":"https:\/\/blogdoeloiltoncajuhy.com.br\/site\/wp-json\/wp\/v2\/posts\/54462\/revisions"}],"predecessor-version":[{"id":54465,"href":"https:\/\/blogdoeloiltoncajuhy.com.br\/site\/wp-json\/wp\/v2\/posts\/54462\/revisions\/54465"}],"wp:featuredmedia":[{"embeddable":true,"href":"https:\/\/blogdoeloiltoncajuhy.com.br\/site\/wp-json\/wp\/v2\/media\/45417"}],"wp:attachment":[{"href":"https:\/\/blogdoeloiltoncajuhy.com.br\/site\/wp-json\/wp\/v2\/media?parent=54462"}],"wp:term":[{"taxonomy":"category","embeddable":true,"href":"https:\/\/blogdoeloiltoncajuhy.com.br\/site\/wp-json\/wp\/v2\/categories?post=54462"},{"taxonomy":"post_tag","embeddable":true,"href":"https:\/\/blogdoeloiltoncajuhy.com.br\/site\/wp-json\/wp\/v2\/tags?post=54462"}],"curies":[{"name":"wp","href":"https:\/\/api.w.org\/{rel}","templated":true}]}}