{"id":54453,"date":"2021-03-03T09:27:03","date_gmt":"2021-03-03T12:27:03","guid":{"rendered":"http:\/\/blogdoeloiltoncajuhy.com.br\/site\/?p=54453"},"modified":"2021-03-03T09:27:05","modified_gmt":"2021-03-03T12:27:05","slug":"sec-e-sesab-engajam-jovens-baianos-para-que-sejam-agentes-multiplicadores-na-prevencao-a-covid-19","status":"publish","type":"post","link":"https:\/\/blogdoeloiltoncajuhy.com.br\/site\/sec-e-sesab-engajam-jovens-baianos-para-que-sejam-agentes-multiplicadores-na-prevencao-a-covid-19\/","title":{"rendered":"SEC e Sesab engajam jovens baianos para que sejam agentes multiplicadores na preven\u00e7\u00e3o \u00e0 Covid-19"},"content":{"rendered":"\n<div class=\"wp-block-image\"><figure class=\"aligncenter size-large\"><img data-recalc-dims=\"1\" fetchpriority=\"high\" decoding=\"async\" width=\"768\" height=\"575\" src=\"https:\/\/i0.wp.com\/blogdoeloiltoncajuhy.com.br\/site\/wp-content\/uploads\/2021\/03\/Jovens-multiplicadores-768x575-1.jpg?resize=768%2C575\" alt=\"\" class=\"wp-image-54454\" srcset=\"https:\/\/i0.wp.com\/blogdoeloiltoncajuhy.com.br\/site\/wp-content\/uploads\/2021\/03\/Jovens-multiplicadores-768x575-1.jpg?w=768&amp;ssl=1 768w, https:\/\/i0.wp.com\/blogdoeloiltoncajuhy.com.br\/site\/wp-content\/uploads\/2021\/03\/Jovens-multiplicadores-768x575-1.jpg?resize=300%2C225&amp;ssl=1 300w\" sizes=\"(max-width: 768px) 100vw, 768px\" \/><figcaption><em>Foto: Divulga\u00e7\u00e3o<\/em><\/figcaption><\/figure><\/div>\n\n\n\n<p>Com o objetivo de sensibilizar a juventude em rela\u00e7\u00e3o aos cuidados com a preven\u00e7\u00e3o do novo Coronav\u00edrus e apresentar a gravidade do cen\u00e1rio de pandemia no pa\u00eds e na Bahia, a Secretaria da Educa\u00e7\u00e3o do Estado (SEC), juntamente com a Secretaria da Sa\u00fade (SESAB), vem realizando encontros virtuais com diversos segmentos de jovens baianos. Nesta ter\u00e7a (2), os debates foram realizados em tr\u00eas momentos, por meio da plataforma Google Meet, reunindo l\u00edderes de classe, juventude sisaleira e juventude trabalhadora.<\/p>\n\n\n\n<p>O coordenador de Pol\u00edticas para a Juventude da SEC, Jocivaldo dos Anjos, destacou a gravidade do momento e falou da import\u00e2ncia de manter um di\u00e1logo permanente com os grupos. <em>\u201cPrecisamos formar uma consci\u00eancia coletiva com os jovens para diminuirmos a taxa de cont\u00e1gio do Covid-19. A realiza\u00e7\u00e3o de agendas tem sido positivas. Eles tiram d\u00favidas e recebem instru\u00e7\u00f5es de t\u00e9cnicos da Sesab, o que tem permitido um contato mais direto e atuante. A nossa inten\u00e7\u00e3o \u00e9 chegar ao m\u00e1ximo de lugares da Bahia para apresentar e difundir estas informa\u00e7\u00f5es\u201d<\/em>, disse.<\/p>\n\n\n\n<p>A estudante Gabriele de Almeida Silva, 17, matriculada no Col\u00e9gio Estadual Professora Maria de Lourdes Ferreira da Silva, em Nova Soure, comentou sobre a tens\u00e3o que as comunidades est\u00e3o vivendo e a oportunidade de falar sobre o tema em grupo. <em>\u201c\u00c9 um per\u00edodo tenso. Estava muito angustiada, mas estou melhorando e este bate-papo foi importante, n\u00e3o podemos deixar de falar sobre o assunto. \u00c9 bom lembrar a todos que temos que ficar alertas e os jovens precisam tomar cuidados, a informa\u00e7\u00e3o n\u00e3o pode entrar por um ouvido e sair pelo outro\u201d<\/em>.<\/p>\n\n\n\n<p>Os encontros, iniciados no dia 26 de fevereiro, j\u00e1 contaram com a participa\u00e7\u00e3o de representantes do Conselho de Juventude e de estudantes e jovens ind\u00edgenas, do campo e quilombolas. O pr\u00f3ximo momento est\u00e1 marcado para esta quarta-feira (3), com representantes do Comit\u00ea Permanente dos Adolescentes, e na quinta (4), com jovens da Educa\u00e7\u00e3o Superior.<\/p>\n","protected":false},"excerpt":{"rendered":"<p>Com o objetivo de sensibilizar a juventude em rela\u00e7\u00e3o aos cuidados com a preven\u00e7\u00e3o do novo Coronav\u00edrus e apresentar a gravidade do cen\u00e1rio de pandemia no pa\u00eds e na Bahia, a Secretaria da Educa\u00e7\u00e3o do Estado (SEC), juntamente com a Secretaria da Sa\u00fade (SESAB), vem realizando encontros virtuais com diversos segmentos de jovens baianos. Nesta [&hellip;]<\/p>\n","protected":false},"author":2,"featured_media":54454,"comment_status":"open","ping_status":"open","sticky":false,"template":"","format":"standard","meta":{"_acf_changed":false,"_monsterinsights_skip_tracking":false,"_monsterinsights_sitenote_active":false,"_monsterinsights_sitenote_note":"","_monsterinsights_sitenote_category":0,"_jetpack_memberships_contains_paid_content":false,"footnotes":"","jetpack_publicize_message":"","jetpack_publicize_feature_enabled":true,"jetpack_social_post_already_shared":true,"jetpack_social_options":{"image_generator_settings":{"template":"highway","default_image_id":0,"font":"","enabled":false},"version":2}},"categories":[14],"tags":[],"class_list":["post-54453","post","type-post","status-publish","format-standard","has-post-thumbnail","hentry","category-educacao"],"acf":[],"jetpack_publicize_connections":[],"jetpack_featured_media_url":"https:\/\/i0.wp.com\/blogdoeloiltoncajuhy.com.br\/site\/wp-content\/uploads\/2021\/03\/Jovens-multiplicadores-768x575-1.jpg?fit=768%2C575&ssl=1","jetpack_sharing_enabled":true,"publishpress_future_workflow_manual_trigger":{"enabledWorkflows":[]},"_links":{"self":[{"href":"https:\/\/blogdoeloiltoncajuhy.com.br\/site\/wp-json\/wp\/v2\/posts\/54453","targetHints":{"allow":["GET"]}}],"collection":[{"href":"https:\/\/blogdoeloiltoncajuhy.com.br\/site\/wp-json\/wp\/v2\/posts"}],"about":[{"href":"https:\/\/blogdoeloiltoncajuhy.com.br\/site\/wp-json\/wp\/v2\/types\/post"}],"author":[{"embeddable":true,"href":"https:\/\/blogdoeloiltoncajuhy.com.br\/site\/wp-json\/wp\/v2\/users\/2"}],"replies":[{"embeddable":true,"href":"https:\/\/blogdoeloiltoncajuhy.com.br\/site\/wp-json\/wp\/v2\/comments?post=54453"}],"version-history":[{"count":2,"href":"https:\/\/blogdoeloiltoncajuhy.com.br\/site\/wp-json\/wp\/v2\/posts\/54453\/revisions"}],"predecessor-version":[{"id":54456,"href":"https:\/\/blogdoeloiltoncajuhy.com.br\/site\/wp-json\/wp\/v2\/posts\/54453\/revisions\/54456"}],"wp:featuredmedia":[{"embeddable":true,"href":"https:\/\/blogdoeloiltoncajuhy.com.br\/site\/wp-json\/wp\/v2\/media\/54454"}],"wp:attachment":[{"href":"https:\/\/blogdoeloiltoncajuhy.com.br\/site\/wp-json\/wp\/v2\/media?parent=54453"}],"wp:term":[{"taxonomy":"category","embeddable":true,"href":"https:\/\/blogdoeloiltoncajuhy.com.br\/site\/wp-json\/wp\/v2\/categories?post=54453"},{"taxonomy":"post_tag","embeddable":true,"href":"https:\/\/blogdoeloiltoncajuhy.com.br\/site\/wp-json\/wp\/v2\/tags?post=54453"}],"curies":[{"name":"wp","href":"https:\/\/api.w.org\/{rel}","templated":true}]}}