{"id":54429,"date":"2021-03-02T21:23:07","date_gmt":"2021-03-03T00:23:07","guid":{"rendered":"http:\/\/blogdoeloiltoncajuhy.com.br\/site\/?p=54429"},"modified":"2021-03-02T21:23:08","modified_gmt":"2021-03-03T00:23:08","slug":"artesas-do-piemonte-norte-do-itapicuru-participam-de-evento-virtual-de-fomento-ao-artesanato","status":"publish","type":"post","link":"https:\/\/blogdoeloiltoncajuhy.com.br\/site\/artesas-do-piemonte-norte-do-itapicuru-participam-de-evento-virtual-de-fomento-ao-artesanato\/","title":{"rendered":"Artes\u00e3s do Piemonte Norte do Itapicuru participam de evento virtual de fomento ao artesanato"},"content":{"rendered":"\n<div class=\"wp-block-image\"><figure class=\"aligncenter size-large\"><img data-recalc-dims=\"1\" fetchpriority=\"high\" decoding=\"async\" width=\"800\" height=\"528\" src=\"https:\/\/i0.wp.com\/blogdoeloiltoncajuhy.com.br\/site\/wp-content\/uploads\/2021\/03\/GOVBA_Car_01.jpg?resize=800%2C528\" alt=\"\" class=\"wp-image-54430\" srcset=\"https:\/\/i0.wp.com\/blogdoeloiltoncajuhy.com.br\/site\/wp-content\/uploads\/2021\/03\/GOVBA_Car_01.jpg?w=820&amp;ssl=1 820w, https:\/\/i0.wp.com\/blogdoeloiltoncajuhy.com.br\/site\/wp-content\/uploads\/2021\/03\/GOVBA_Car_01.jpg?resize=300%2C198&amp;ssl=1 300w, https:\/\/i0.wp.com\/blogdoeloiltoncajuhy.com.br\/site\/wp-content\/uploads\/2021\/03\/GOVBA_Car_01.jpg?resize=768%2C507&amp;ssl=1 768w\" sizes=\"(max-width: 800px) 100vw, 800px\" \/><\/figure><\/div>\n\n\n\n<p>Listar as demandas para qualifica\u00e7\u00e3o e fomento do trabalho dos artes\u00e3os e das artes\u00e3s, al\u00e9m de pensar estrat\u00e9gias e oportunidades de comercializa\u00e7\u00e3o. Esses foram os principais objetivos do Encontro Artesanato da Bahia: especial para artes\u00e3os e artes\u00e3s do projeto Pr\u00f3-Semi\u00e1rido, do Governo do Estado. O evento virtual aconteceu na tarde do \u00faltimo dia 26 de fevereiro e envolveu especificamente comunidades rurais apoiadas pelo Pr\u00f3-Semi\u00e1rido no territ\u00f3rio de Identidade Piemonte Norte do Itapicuru.<\/p>\n\n\n\n<p>A atividade foi uma realiza\u00e7\u00e3o a Secretaria do Trabalho, Emprego, Renda e Esporte (Setre), por meio da Coordena\u00e7\u00e3o de Fomento ao Artesanato, e a Associa\u00e7\u00e3o F\u00e1brica Cultural, em parceria com o Pr\u00f3-Semi\u00e1rido, projeto executado pela Companhia de Desenvolvimento e A\u00e7\u00e3o Regional (CAR), empresa vinculada \u00e0 Secretaria de Desenvolvimento Rural (SDR), com cofinanciamento do Fundo Internacional de Desenvolvimento Agr\u00edcola (Fida), e com Instituto de Desenvolvimento Social e Agr\u00e1rio do Semi\u00e1rido (Idesa).<\/p>\n\n\n\n<p><em>\u201cAl\u00e9m de reiterar o compromisso do Governo na perspectiva de potencializar as a\u00e7\u00f5es que viabilizem a produ\u00e7\u00e3o, inser\u00e7\u00e3o das mulheres, jovens, e fomento \u00e0 agricultura familiar, gostaria de salientar que n\u00f3s vamos buscar a integra\u00e7\u00e3o das pol\u00edticas para potencializar o entendimento de que a gest\u00e3o social se faz de forma coletiva. E essa a\u00e7\u00e3o de qualifica\u00e7\u00e3o profissional e acesso a mercado traz o que a gente n\u00e3o consegue mensurar, que \u00e9 a autoestima, o empoderamento e sentimento de identidade, pois o sentido se d\u00e1 quando os artes\u00e3os s\u00e3o protagonistas dos processos\u201d<\/em>, destacou o chefe local de escrit\u00f3rio do Pr\u00f3-Semi\u00e1rido, Cleiton Lin.<\/p>\n\n\n\n<div class=\"wp-block-image\"><figure class=\"aligncenter size-large\"><img data-recalc-dims=\"1\" decoding=\"async\" width=\"800\" height=\"528\" src=\"https:\/\/i0.wp.com\/blogdoeloiltoncajuhy.com.br\/site\/wp-content\/uploads\/2021\/03\/GOVBA_Car_02.jpg?resize=800%2C528\" alt=\"\" class=\"wp-image-54431\" srcset=\"https:\/\/i0.wp.com\/blogdoeloiltoncajuhy.com.br\/site\/wp-content\/uploads\/2021\/03\/GOVBA_Car_02.jpg?w=820&amp;ssl=1 820w, https:\/\/i0.wp.com\/blogdoeloiltoncajuhy.com.br\/site\/wp-content\/uploads\/2021\/03\/GOVBA_Car_02.jpg?resize=300%2C198&amp;ssl=1 300w, https:\/\/i0.wp.com\/blogdoeloiltoncajuhy.com.br\/site\/wp-content\/uploads\/2021\/03\/GOVBA_Car_02.jpg?resize=768%2C507&amp;ssl=1 768w\" sizes=\"(max-width: 800px) 100vw, 800px\" \/><\/figure><\/div>\n\n\n\n<p>Na ocasi\u00e3o, foi ratificada a import\u00e2ncia de as pessoas tirarem sua carteira nacional de artes\u00e3o\/\u00e3 e foi explicado o passo a passo para fazer o pr\u00e9-cadastro, al\u00e9m de disponibilizar contatos para esclarecimentos de d\u00favidas. A ideia \u00e9 que essas artes\u00e3s e artes\u00e3os participem de cursos de qualifica\u00e7\u00e3o que v\u00e3o abordar temas como precifica\u00e7\u00e3o, design de produtos, uso de redes sociais, gest\u00e3o, log\u00edstica, organiza\u00e7\u00e3o financeira, ficha t\u00e9cnica, vendas na internet e comunica\u00e7\u00e3o p\u00f3s-venda, al\u00e9m de outros assuntos de interesse da classe.<\/p>\n\n\n\n<p>Para o t\u00e9cnico em desenvolvimento produtivo do Pr\u00f3-Semi\u00e1rido, Jiliarde Ferreira, que acompanha os grupos junto com t\u00e9cnicos do Idesa, essa \u00e9 uma importante porta que se abre para as artes\u00e3s e artes\u00e3os locais: <em>\u201cA gente sabe das dificuldades que os artes\u00e3os t\u00eam na quest\u00e3o da comercializa\u00e7\u00e3o e divulga\u00e7\u00e3o nos espa\u00e7os. Tem muita coisa bonita que est\u00e1 escondido. Talvez este seja o momento de abrir as portas para esse p\u00fablico\u201d<\/em>.<\/p>\n\n\n\n<p>Acerca do gargalo na venda dos produtos, o mediador do evento e membro da F\u00e1brica cultural, Reginaldo Carvalho, explicou que a proposta \u00e9 incentivar os grupos com rodadas de neg\u00f3cios, feiras, e salientou a disponibilidade de espa\u00e7os para exposi\u00e7\u00e3o e venda na loja f\u00edsica em Salvador, localizada no Porto da Barra e, futuramente, na loja que deve ser aberta no shopping da Bahia.<\/p>\n\n\n\n<p class=\"has-black-color has-text-color has-medium-font-size\"><strong>Grupos<\/strong><\/p>\n\n\n\n<p>Participaram do encontro representantes de grupos de artes\u00e3s\/aos das comunidades de Jiboia e S\u00e3o Jo\u00e3o, munic\u00edpio de Antonio Gon\u00e7alves; comunidades de Salgado e Surara em Andorinha; e Jacun\u00e3, do munic\u00edpio de Jaguarari. O trabalho artesanal desses grupos envolve a manufatura com mat\u00e9rias-primas como palha de ariri, barro, cip\u00f3 e couro.<\/p>\n","protected":false},"excerpt":{"rendered":"<p>Listar as demandas para qualifica\u00e7\u00e3o e fomento do trabalho dos artes\u00e3os e das artes\u00e3s, al\u00e9m de pensar estrat\u00e9gias e oportunidades de comercializa\u00e7\u00e3o. Esses foram os principais objetivos do Encontro Artesanato da Bahia: especial para artes\u00e3os e artes\u00e3s do projeto Pr\u00f3-Semi\u00e1rido, do Governo do Estado. O evento virtual aconteceu na tarde do \u00faltimo dia 26 de [&hellip;]<\/p>\n","protected":false},"author":2,"featured_media":54432,"comment_status":"open","ping_status":"open","sticky":false,"template":"","format":"standard","meta":{"_acf_changed":false,"_monsterinsights_skip_tracking":false,"_monsterinsights_sitenote_active":false,"_monsterinsights_sitenote_note":"","_monsterinsights_sitenote_category":0,"_jetpack_memberships_contains_paid_content":false,"footnotes":"","jetpack_publicize_message":"","jetpack_publicize_feature_enabled":true,"jetpack_social_post_already_shared":true,"jetpack_social_options":{"image_generator_settings":{"template":"highway","default_image_id":0,"font":"","enabled":false},"version":2}},"categories":[1],"tags":[],"class_list":["post-54429","post","type-post","status-publish","format-standard","has-post-thumbnail","hentry","category-noticias"],"acf":[],"jetpack_publicize_connections":[],"jetpack_featured_media_url":"https:\/\/i0.wp.com\/blogdoeloiltoncajuhy.com.br\/site\/wp-content\/uploads\/2021\/03\/GOVBA_Car_03.jpg?fit=820%2C541&ssl=1","jetpack_sharing_enabled":true,"publishpress_future_workflow_manual_trigger":{"enabledWorkflows":[]},"_links":{"self":[{"href":"https:\/\/blogdoeloiltoncajuhy.com.br\/site\/wp-json\/wp\/v2\/posts\/54429","targetHints":{"allow":["GET"]}}],"collection":[{"href":"https:\/\/blogdoeloiltoncajuhy.com.br\/site\/wp-json\/wp\/v2\/posts"}],"about":[{"href":"https:\/\/blogdoeloiltoncajuhy.com.br\/site\/wp-json\/wp\/v2\/types\/post"}],"author":[{"embeddable":true,"href":"https:\/\/blogdoeloiltoncajuhy.com.br\/site\/wp-json\/wp\/v2\/users\/2"}],"replies":[{"embeddable":true,"href":"https:\/\/blogdoeloiltoncajuhy.com.br\/site\/wp-json\/wp\/v2\/comments?post=54429"}],"version-history":[{"count":2,"href":"https:\/\/blogdoeloiltoncajuhy.com.br\/site\/wp-json\/wp\/v2\/posts\/54429\/revisions"}],"predecessor-version":[{"id":54434,"href":"https:\/\/blogdoeloiltoncajuhy.com.br\/site\/wp-json\/wp\/v2\/posts\/54429\/revisions\/54434"}],"wp:featuredmedia":[{"embeddable":true,"href":"https:\/\/blogdoeloiltoncajuhy.com.br\/site\/wp-json\/wp\/v2\/media\/54432"}],"wp:attachment":[{"href":"https:\/\/blogdoeloiltoncajuhy.com.br\/site\/wp-json\/wp\/v2\/media?parent=54429"}],"wp:term":[{"taxonomy":"category","embeddable":true,"href":"https:\/\/blogdoeloiltoncajuhy.com.br\/site\/wp-json\/wp\/v2\/categories?post=54429"},{"taxonomy":"post_tag","embeddable":true,"href":"https:\/\/blogdoeloiltoncajuhy.com.br\/site\/wp-json\/wp\/v2\/tags?post=54429"}],"curies":[{"name":"wp","href":"https:\/\/api.w.org\/{rel}","templated":true}]}}