{"id":54426,"date":"2021-03-02T21:02:04","date_gmt":"2021-03-03T00:02:04","guid":{"rendered":"http:\/\/blogdoeloiltoncajuhy.com.br\/site\/?p=54426"},"modified":"2021-03-02T21:02:06","modified_gmt":"2021-03-03T00:02:06","slug":"boletim-registra-114-obitos-por-covid-19-na-bahia-3-397-novos-casos-foram-contabilizados-em-24h","status":"publish","type":"post","link":"https:\/\/blogdoeloiltoncajuhy.com.br\/site\/boletim-registra-114-obitos-por-covid-19-na-bahia-3-397-novos-casos-foram-contabilizados-em-24h\/","title":{"rendered":"Boletim registra 114 \u00f3bitos por Covid-19 na Bahia; 3.397 novos casos foram contabilizados em 24h"},"content":{"rendered":"\n<h5 class=\"has-text-align-center wp-block-heading\"><em>De acordo com a Sesab, 12.028 pessoas morreram v\u00edtimas de Covid-19 na Bahia. Casos ativos passam dos 19 mil<\/em><\/h5>\n\n\n\n<div class=\"wp-block-image\"><figure class=\"aligncenter size-large\"><img data-recalc-dims=\"1\" fetchpriority=\"high\" decoding=\"async\" width=\"555\" height=\"369\" src=\"https:\/\/i0.wp.com\/blogdoeloiltoncajuhy.com.br\/site\/wp-content\/uploads\/2021\/02\/Coronavirus-Boletim-Estado.png?resize=555%2C369\" alt=\"\" class=\"wp-image-54267\" srcset=\"https:\/\/i0.wp.com\/blogdoeloiltoncajuhy.com.br\/site\/wp-content\/uploads\/2021\/02\/Coronavirus-Boletim-Estado.png?w=555&amp;ssl=1 555w, https:\/\/i0.wp.com\/blogdoeloiltoncajuhy.com.br\/site\/wp-content\/uploads\/2021\/02\/Coronavirus-Boletim-Estado.png?resize=300%2C199&amp;ssl=1 300w\" sizes=\"(max-width: 555px) 100vw, 555px\" \/><\/figure><\/div>\n\n\n\n<p>Nesta ter\u00e7a-feira (2) foram registrados 3.397 novos casos de Covid-19 nas \u00faltimas 24 horas, segundo boletim epidemiol\u00f3gico divulgado pela Secretaria de Sa\u00fade da Bahia (Sesab). De acordo com o boletim, 114 \u00f3bitos que ocorreram em diversas datas, foram contabilizados.<\/p>\n\n\n\n<p>No total, 12.028 pessoas morreram por causa doen\u00e7a na Bahia, o que representa uma letalidade de 1,74%. Segundo o boletim, no domingo (28), 22 mortes foram confirmadas.<\/p>\n\n\n\n<p>Segundo a Sesab, 19.197 casos est\u00e3o ativos no estado. Com os novos casos, a Bahia registrou 689.454 casos de Covid-19 desde o in\u00edcio da pandemia.<\/p>\n\n\n\n<p>Na Bahia, 43.111 profissionais da sa\u00fade foram confirmados para Covid-19.<\/p>\n\n\n\n<p>O boletim informa tamb\u00e9m o n\u00famero de vacinados na Bahia. Segundo a Sesab, 470.783 pessoas foram vacinadas contra a Covid-19, dos quais 124.470 receberam tamb\u00e9m a segunda dose at\u00e9 as 15h de ter\u00e7a.<\/p>\n\n\n\n<p>Os dados representam notifica\u00e7\u00f5es oficiais compiladas at\u00e9 as 17h desta ter\u00e7a.<\/p>\n","protected":false},"excerpt":{"rendered":"<p>De acordo com a Sesab, 12.028 pessoas morreram v\u00edtimas de Covid-19 na Bahia. Casos ativos passam dos 19 mil Nesta ter\u00e7a-feira (2) foram registrados 3.397 novos casos de Covid-19 nas \u00faltimas 24 horas, segundo boletim epidemiol\u00f3gico divulgado pela Secretaria de Sa\u00fade da Bahia (Sesab). De acordo com o boletim, 114 \u00f3bitos que ocorreram em diversas [&hellip;]<\/p>\n","protected":false},"author":2,"featured_media":54267,"comment_status":"open","ping_status":"open","sticky":false,"template":"","format":"standard","meta":{"_acf_changed":false,"_monsterinsights_skip_tracking":false,"_monsterinsights_sitenote_active":false,"_monsterinsights_sitenote_note":"","_monsterinsights_sitenote_category":0,"_jetpack_memberships_contains_paid_content":false,"footnotes":"","jetpack_publicize_message":"","jetpack_publicize_feature_enabled":true,"jetpack_social_post_already_shared":true,"jetpack_social_options":{"image_generator_settings":{"template":"highway","default_image_id":0,"font":"","enabled":false},"version":2}},"categories":[7],"tags":[],"class_list":["post-54426","post","type-post","status-publish","format-standard","has-post-thumbnail","hentry","category-saude"],"acf":[],"jetpack_publicize_connections":[],"jetpack_featured_media_url":"https:\/\/i0.wp.com\/blogdoeloiltoncajuhy.com.br\/site\/wp-content\/uploads\/2021\/02\/Coronavirus-Boletim-Estado.png?fit=555%2C369&ssl=1","jetpack_sharing_enabled":true,"publishpress_future_workflow_manual_trigger":{"enabledWorkflows":[]},"_links":{"self":[{"href":"https:\/\/blogdoeloiltoncajuhy.com.br\/site\/wp-json\/wp\/v2\/posts\/54426","targetHints":{"allow":["GET"]}}],"collection":[{"href":"https:\/\/blogdoeloiltoncajuhy.com.br\/site\/wp-json\/wp\/v2\/posts"}],"about":[{"href":"https:\/\/blogdoeloiltoncajuhy.com.br\/site\/wp-json\/wp\/v2\/types\/post"}],"author":[{"embeddable":true,"href":"https:\/\/blogdoeloiltoncajuhy.com.br\/site\/wp-json\/wp\/v2\/users\/2"}],"replies":[{"embeddable":true,"href":"https:\/\/blogdoeloiltoncajuhy.com.br\/site\/wp-json\/wp\/v2\/comments?post=54426"}],"version-history":[{"count":2,"href":"https:\/\/blogdoeloiltoncajuhy.com.br\/site\/wp-json\/wp\/v2\/posts\/54426\/revisions"}],"predecessor-version":[{"id":54428,"href":"https:\/\/blogdoeloiltoncajuhy.com.br\/site\/wp-json\/wp\/v2\/posts\/54426\/revisions\/54428"}],"wp:featuredmedia":[{"embeddable":true,"href":"https:\/\/blogdoeloiltoncajuhy.com.br\/site\/wp-json\/wp\/v2\/media\/54267"}],"wp:attachment":[{"href":"https:\/\/blogdoeloiltoncajuhy.com.br\/site\/wp-json\/wp\/v2\/media?parent=54426"}],"wp:term":[{"taxonomy":"category","embeddable":true,"href":"https:\/\/blogdoeloiltoncajuhy.com.br\/site\/wp-json\/wp\/v2\/categories?post=54426"},{"taxonomy":"post_tag","embeddable":true,"href":"https:\/\/blogdoeloiltoncajuhy.com.br\/site\/wp-json\/wp\/v2\/tags?post=54426"}],"curies":[{"name":"wp","href":"https:\/\/api.w.org\/{rel}","templated":true}]}}