{"id":54423,"date":"2021-03-02T20:50:58","date_gmt":"2021-03-02T23:50:58","guid":{"rendered":"http:\/\/blogdoeloiltoncajuhy.com.br\/site\/?p=54423"},"modified":"2021-03-02T20:50:59","modified_gmt":"2021-03-02T23:50:59","slug":"brasil-registra-1-726-mortes-em-24-horas-e-bate-novo-recorde-na-pandemia-total-chega-a-2575-mil","status":"publish","type":"post","link":"https:\/\/blogdoeloiltoncajuhy.com.br\/site\/brasil-registra-1-726-mortes-em-24-horas-e-bate-novo-recorde-na-pandemia-total-chega-a-2575-mil\/","title":{"rendered":"Brasil registra 1.726 mortes em 24 horas e bate novo recorde na pandemia; total chega a 257,5 mil"},"content":{"rendered":"\n<h5 class=\"has-text-align-center wp-block-heading\"><em>Pa\u00eds contabilizou 10.647.845 casos e 257.562 mil \u00f3bitos por Covid-19 desde o in\u00edcio da pandemia, segundo balan\u00e7o do cons\u00f3rcio de ve\u00edculos de imprensa. Casos e mortes apresentam tend\u00eancia de alta<\/em><\/h5>\n\n\n\n<div class=\"wp-block-image\"><figure class=\"aligncenter size-large\"><img data-recalc-dims=\"1\" fetchpriority=\"high\" decoding=\"async\" width=\"800\" height=\"555\" src=\"https:\/\/i0.wp.com\/blogdoeloiltoncajuhy.com.br\/site\/wp-content\/uploads\/2020\/08\/Coronavirus-22951.jpg?resize=800%2C555\" alt=\"\" class=\"wp-image-48467\" srcset=\"https:\/\/i0.wp.com\/blogdoeloiltoncajuhy.com.br\/site\/wp-content\/uploads\/2020\/08\/Coronavirus-22951.jpg?resize=1024%2C711&amp;ssl=1 1024w, https:\/\/i0.wp.com\/blogdoeloiltoncajuhy.com.br\/site\/wp-content\/uploads\/2020\/08\/Coronavirus-22951.jpg?resize=300%2C208&amp;ssl=1 300w, https:\/\/i0.wp.com\/blogdoeloiltoncajuhy.com.br\/site\/wp-content\/uploads\/2020\/08\/Coronavirus-22951.jpg?resize=768%2C533&amp;ssl=1 768w, https:\/\/i0.wp.com\/blogdoeloiltoncajuhy.com.br\/site\/wp-content\/uploads\/2020\/08\/Coronavirus-22951.jpg?w=1200&amp;ssl=1 1200w\" sizes=\"(max-width: 800px) 100vw, 800px\" \/><\/figure><\/div>\n\n\n\n<p>O cons\u00f3rcio de ve\u00edculos de imprensa divulgou novo levantamento da situa\u00e7\u00e3o da pandemia de coronav\u00edrus no Brasil a partir de dados das secretarias estaduais de Sa\u00fade, consolidados \u00e0s 20h desta ter\u00e7a-feira (2).<\/p>\n\n\n\n<p>O pa\u00eds registrou 1.726 mortes pela Covid-19 nas \u00faltimas 24 horas &#8211; recorde desde o in\u00edcio da pandemia &#8211; chegando ao total de 257.562 mil \u00f3bitos desde seu come\u00e7o. Com isso, a m\u00e9dia m\u00f3vel de mortes no Brasil nos \u00faltimos 7 dias chegou a 1.274. A varia\u00e7\u00e3o foi de 23% em compara\u00e7\u00e3o \u00e0 m\u00e9dia de 14 dias atr\u00e1s, indicando tend\u00eancia de alta nos \u00f3bitos pela doen\u00e7a.<\/p>\n\n\n\n<p>O n\u00famero de mortes em 24 horas registrado no Brasil nesta ter\u00e7a-feira (2) \u00e9 superior ao registrado preliminarmente nos Estados Unidos na segunda-feira (1\u00ba) e compilado nos principais pain\u00e9is de monitoramento. Segundo a Johns Hopkins, os EUA tiveram 1.567 mortes. O n\u00famero \u00e9 semelhante ao verificado pela plataforma Our World in Data, da Universidade de Oxford, que aponta 1.565 mortes no pa\u00eds. Os EUA somam, desde o in\u00edcio da pandemia, 515.985 \u00f3bitos.<\/p>\n\n\n\n<p>J\u00e1 s\u00e3o 40 dias seguidos com a m\u00e9dia m\u00f3vel de mortes acima da marca de 1 mil, 6 dias acima de 1,1 mil, e pelo terceiro dia a marca aparece acima de 1,2 mil. Foram quatro recordes seguidos de s\u00e1bado at\u00e9 aqui.<\/p>\n\n\n\n<p>Em casos confirmados, desde o come\u00e7o da pandemia 10.647.845 brasileiros j\u00e1 tiveram ou t\u00eam o novo coronav\u00edrus, com 58.237 desses confirmados no \u00faltimo dia. A m\u00e9dia m\u00f3vel nos \u00faltimos 7 dias foi de 55.318 novos diagn\u00f3sticos por dia. Isso representa uma varia\u00e7\u00e3o de 22% em rela\u00e7\u00e3o aos casos registrados em duas semanas, o que indica tend\u00eancia de alta tamb\u00e9m nos diagn\u00f3sticos.<\/p>\n\n\n\n<p class=\"has-medium-font-size\"><strong>Brasil, 2 de mar\u00e7o<\/strong><\/p>\n\n\n\n<ul class=\"wp-block-list\"><li><strong>Total de mortes:<\/strong> 257.562<br><\/li><\/ul>\n\n\n\n<ul class=\"wp-block-list\"><li><strong>Registro de mortes em 24 horas:<\/strong> 1.726<br><\/li><\/ul>\n\n\n\n<ul class=\"wp-block-list\"><li><strong>M\u00e9dia de novas mortes nos \u00faltimos 7 dias:<\/strong> 1.274 (varia\u00e7\u00e3o em 14 dias: +23%)<br><\/li><\/ul>\n\n\n\n<ul class=\"wp-block-list\"><li><strong>Total de casos confirmados:<\/strong> 10.647.845<br><\/li><\/ul>\n\n\n\n<ul class=\"wp-block-list\"><li><strong>Registro de casos confirmados em 24 horas:<\/strong> 58.237<br><\/li><\/ul>\n\n\n\n<ul class=\"wp-block-list\"><li><strong>M\u00e9dia de novos casos nos \u00faltimos 7 dias:<\/strong> 55.318 por dia (varia\u00e7\u00e3o em 14 dias: +22%)<\/li><\/ul>\n","protected":false},"excerpt":{"rendered":"<p>Pa\u00eds contabilizou 10.647.845 casos e 257.562 mil \u00f3bitos por Covid-19 desde o in\u00edcio da pandemia, segundo balan\u00e7o do cons\u00f3rcio de ve\u00edculos de imprensa. Casos e mortes apresentam tend\u00eancia de alta O cons\u00f3rcio de ve\u00edculos de imprensa divulgou novo levantamento da situa\u00e7\u00e3o da pandemia de coronav\u00edrus no Brasil a partir de dados das secretarias estaduais de [&hellip;]<\/p>\n","protected":false},"author":2,"featured_media":45417,"comment_status":"open","ping_status":"open","sticky":false,"template":"","format":"standard","meta":{"_acf_changed":false,"_monsterinsights_skip_tracking":false,"_monsterinsights_sitenote_active":false,"_monsterinsights_sitenote_note":"","_monsterinsights_sitenote_category":0,"_jetpack_memberships_contains_paid_content":false,"footnotes":"","jetpack_publicize_message":"","jetpack_publicize_feature_enabled":true,"jetpack_social_post_already_shared":true,"jetpack_social_options":{"image_generator_settings":{"template":"highway","default_image_id":0,"font":"","enabled":false},"version":2}},"categories":[7],"tags":[],"class_list":["post-54423","post","type-post","status-publish","format-standard","has-post-thumbnail","hentry","category-saude"],"acf":[],"jetpack_publicize_connections":[],"jetpack_featured_media_url":"https:\/\/i0.wp.com\/blogdoeloiltoncajuhy.com.br\/site\/wp-content\/uploads\/2020\/06\/Coronav%C3%ADrus-20.06.2020.jpg?fit=1292%2C721&ssl=1","jetpack_sharing_enabled":true,"publishpress_future_workflow_manual_trigger":{"enabledWorkflows":[]},"_links":{"self":[{"href":"https:\/\/blogdoeloiltoncajuhy.com.br\/site\/wp-json\/wp\/v2\/posts\/54423","targetHints":{"allow":["GET"]}}],"collection":[{"href":"https:\/\/blogdoeloiltoncajuhy.com.br\/site\/wp-json\/wp\/v2\/posts"}],"about":[{"href":"https:\/\/blogdoeloiltoncajuhy.com.br\/site\/wp-json\/wp\/v2\/types\/post"}],"author":[{"embeddable":true,"href":"https:\/\/blogdoeloiltoncajuhy.com.br\/site\/wp-json\/wp\/v2\/users\/2"}],"replies":[{"embeddable":true,"href":"https:\/\/blogdoeloiltoncajuhy.com.br\/site\/wp-json\/wp\/v2\/comments?post=54423"}],"version-history":[{"count":2,"href":"https:\/\/blogdoeloiltoncajuhy.com.br\/site\/wp-json\/wp\/v2\/posts\/54423\/revisions"}],"predecessor-version":[{"id":54425,"href":"https:\/\/blogdoeloiltoncajuhy.com.br\/site\/wp-json\/wp\/v2\/posts\/54423\/revisions\/54425"}],"wp:featuredmedia":[{"embeddable":true,"href":"https:\/\/blogdoeloiltoncajuhy.com.br\/site\/wp-json\/wp\/v2\/media\/45417"}],"wp:attachment":[{"href":"https:\/\/blogdoeloiltoncajuhy.com.br\/site\/wp-json\/wp\/v2\/media?parent=54423"}],"wp:term":[{"taxonomy":"category","embeddable":true,"href":"https:\/\/blogdoeloiltoncajuhy.com.br\/site\/wp-json\/wp\/v2\/categories?post=54423"},{"taxonomy":"post_tag","embeddable":true,"href":"https:\/\/blogdoeloiltoncajuhy.com.br\/site\/wp-json\/wp\/v2\/tags?post=54423"}],"curies":[{"name":"wp","href":"https:\/\/api.w.org\/{rel}","templated":true}]}}