{"id":54402,"date":"2021-03-02T07:24:13","date_gmt":"2021-03-02T10:24:13","guid":{"rendered":"http:\/\/blogdoeloiltoncajuhy.com.br\/site\/?p=54402"},"modified":"2021-03-02T07:24:15","modified_gmt":"2021-03-02T10:24:15","slug":"covid-19-estados-e-municipios-poderao-assumir-a-responsabilidade-civil-por-efeitos-adversos-provocados-pela-vacina","status":"publish","type":"post","link":"https:\/\/blogdoeloiltoncajuhy.com.br\/site\/covid-19-estados-e-municipios-poderao-assumir-a-responsabilidade-civil-por-efeitos-adversos-provocados-pela-vacina\/","title":{"rendered":"Covid-19: estados e munic\u00edpios poder\u00e3o assumir a responsabilidade civil por efeitos adversos provocados pela vacina"},"content":{"rendered":"\n<h5 class=\"has-text-align-center wp-block-heading\"><em>Objetivo do Projeto de Lei \u00e9 facilitar a compra dos imunizantes por governadores, prefeituras e empresas privadas<\/em><\/h5>\n\n\n\n<div class=\"wp-block-image\"><figure class=\"aligncenter size-large\"><img data-recalc-dims=\"1\" fetchpriority=\"high\" decoding=\"async\" width=\"800\" height=\"480\" src=\"https:\/\/i0.wp.com\/blogdoeloiltoncajuhy.com.br\/site\/wp-content\/uploads\/2021\/02\/Corona_Vacina.jpg?resize=800%2C480\" alt=\"\" class=\"wp-image-54212\" srcset=\"https:\/\/i0.wp.com\/blogdoeloiltoncajuhy.com.br\/site\/wp-content\/uploads\/2021\/02\/Corona_Vacina.jpg?resize=1024%2C615&amp;ssl=1 1024w, https:\/\/i0.wp.com\/blogdoeloiltoncajuhy.com.br\/site\/wp-content\/uploads\/2021\/02\/Corona_Vacina.jpg?resize=300%2C180&amp;ssl=1 300w, https:\/\/i0.wp.com\/blogdoeloiltoncajuhy.com.br\/site\/wp-content\/uploads\/2021\/02\/Corona_Vacina.jpg?resize=768%2C461&amp;ssl=1 768w, https:\/\/i0.wp.com\/blogdoeloiltoncajuhy.com.br\/site\/wp-content\/uploads\/2021\/02\/Corona_Vacina.jpg?w=1086&amp;ssl=1 1086w\" sizes=\"(max-width: 800px) 100vw, 800px\" \/><\/figure><\/div>\n\n\n\n<p>Estados, munic\u00edpios e Distrito Federal poder\u00e3o assumir a responsabilidade civil por eventuais efeitos adversos provocados pela vacina contra a Covid-19. O objetivo do Projeto de Lei 534\/2021 \u00e9 facilitar a compra dos imunizantes por governadores, prefeituras e empresas privadas. Segundo a proposta, as vacinas precisam ter registro ou autoriza\u00e7\u00e3o tempor\u00e1ria de uso emergencial na Ag\u00eancia Nacional de Vigil\u00e2ncia Sanit\u00e1ria (Anvisa).<\/p>\n\n\n\n<p>O Projeto de Lei tamb\u00e9m permite que empresas privadas adquiram doses do imunizante, desde que respeitados alguns crit\u00e9rios: enquanto n\u00e3o for conclu\u00edda a etapa de vacina\u00e7\u00e3o dos grupos priorit\u00e1rios para Covid-19, 100% das doses compradas pelo setor privado devem ser doadas ao SUS. Depois dessa fase, as empresas poder\u00e3o adquirir, distribuir e administrar vacinas, contanto que metade seja, obrigatoriamente, doada ao SUS e as demais sejam utilizadas de forma gratuita.<\/p>\n\n\n\n<p>O Senador Nelson Trad (PSD-MS) comenta a medida. <em>\u201cA partir do momento que o grupo \u2013 estabelecido como priorit\u00e1rio a ser vacinado pelo SUS \u2013 for totalmente contemplado, que possa ingressar tamb\u00e9m a iniciativa privada, para poder vacinar sua massa laborativa, colocando como contrapartida, a doa\u00e7\u00e3o de 50% dos vacinados para disponibilizar ao SUS, a fim de que ele possa dar sequ\u00eancia a vacina\u00e7\u00e3o\u201d<\/em>, comenta.<\/p>\n\n\n\n<p class=\"has-black-color has-text-color has-medium-font-size\"><strong>Assun\u00e7\u00e3o de riscos<\/strong><\/p>\n\n\n\n<p>A professora de Sa\u00fade Coletiva da Universidade de Bras\u00edlia, S\u00edlvia Badim Marques, ressalta o par\u00e1grafo 6\u00ba do Artigo 37 da Constitui\u00e7\u00e3o Federal, que prev\u00ea a responsabilidade objetiva do Estado pelos danos causados por pessoas jur\u00eddicas a terceiros e isso j\u00e1 \u00e9 aplicado no \u00e2mbito da sa\u00fade. Mas ressalta que o PL 534\/2021 refor\u00e7a essa medida.<\/p>\n\n\n\n<p><em>\u201cEnt\u00e3o a lei vai refor\u00e7ar essa responsabilidade dos estados, munic\u00edpios e todas as pessoas jur\u00eddicas de direito p\u00fablico. Mas \u00e9 importante dizer que n\u00e3o pode fazer com que o Minist\u00e9rio da Sa\u00fade e o Governo Federal deixem de lado sua responsabilidade [de comprar vacinas] e joguem ela totalmente para os estados e munic\u00edpios\u201d<\/em>, avalia.<\/p>\n\n\n\n<p>O texto foi encaminhado para an\u00e1lise da C\u00e2mara dos Deputados.<\/p>\n","protected":false},"excerpt":{"rendered":"<p>Objetivo do Projeto de Lei \u00e9 facilitar a compra dos imunizantes por governadores, prefeituras e empresas privadas Estados, munic\u00edpios e Distrito Federal poder\u00e3o assumir a responsabilidade civil por eventuais efeitos adversos provocados pela vacina contra a Covid-19. O objetivo do Projeto de Lei 534\/2021 \u00e9 facilitar a compra dos imunizantes por governadores, prefeituras e empresas [&hellip;]<\/p>\n","protected":false},"author":2,"featured_media":54212,"comment_status":"open","ping_status":"open","sticky":false,"template":"","format":"standard","meta":{"_acf_changed":false,"_monsterinsights_skip_tracking":false,"_monsterinsights_sitenote_active":false,"_monsterinsights_sitenote_note":"","_monsterinsights_sitenote_category":0,"_jetpack_memberships_contains_paid_content":false,"footnotes":"","jetpack_publicize_message":"","jetpack_publicize_feature_enabled":true,"jetpack_social_post_already_shared":true,"jetpack_social_options":{"image_generator_settings":{"template":"highway","default_image_id":0,"font":"","enabled":false},"version":2}},"categories":[7],"tags":[],"class_list":["post-54402","post","type-post","status-publish","format-standard","has-post-thumbnail","hentry","category-saude"],"acf":[],"jetpack_publicize_connections":[],"jetpack_featured_media_url":"https:\/\/i0.wp.com\/blogdoeloiltoncajuhy.com.br\/site\/wp-content\/uploads\/2021\/02\/Corona_Vacina.jpg?fit=1086%2C652&ssl=1","jetpack_sharing_enabled":true,"publishpress_future_workflow_manual_trigger":{"enabledWorkflows":[]},"_links":{"self":[{"href":"https:\/\/blogdoeloiltoncajuhy.com.br\/site\/wp-json\/wp\/v2\/posts\/54402","targetHints":{"allow":["GET"]}}],"collection":[{"href":"https:\/\/blogdoeloiltoncajuhy.com.br\/site\/wp-json\/wp\/v2\/posts"}],"about":[{"href":"https:\/\/blogdoeloiltoncajuhy.com.br\/site\/wp-json\/wp\/v2\/types\/post"}],"author":[{"embeddable":true,"href":"https:\/\/blogdoeloiltoncajuhy.com.br\/site\/wp-json\/wp\/v2\/users\/2"}],"replies":[{"embeddable":true,"href":"https:\/\/blogdoeloiltoncajuhy.com.br\/site\/wp-json\/wp\/v2\/comments?post=54402"}],"version-history":[{"count":2,"href":"https:\/\/blogdoeloiltoncajuhy.com.br\/site\/wp-json\/wp\/v2\/posts\/54402\/revisions"}],"predecessor-version":[{"id":54404,"href":"https:\/\/blogdoeloiltoncajuhy.com.br\/site\/wp-json\/wp\/v2\/posts\/54402\/revisions\/54404"}],"wp:featuredmedia":[{"embeddable":true,"href":"https:\/\/blogdoeloiltoncajuhy.com.br\/site\/wp-json\/wp\/v2\/media\/54212"}],"wp:attachment":[{"href":"https:\/\/blogdoeloiltoncajuhy.com.br\/site\/wp-json\/wp\/v2\/media?parent=54402"}],"wp:term":[{"taxonomy":"category","embeddable":true,"href":"https:\/\/blogdoeloiltoncajuhy.com.br\/site\/wp-json\/wp\/v2\/categories?post=54402"},{"taxonomy":"post_tag","embeddable":true,"href":"https:\/\/blogdoeloiltoncajuhy.com.br\/site\/wp-json\/wp\/v2\/tags?post=54402"}],"curies":[{"name":"wp","href":"https:\/\/api.w.org\/{rel}","templated":true}]}}