{"id":54359,"date":"2021-02-28T11:59:30","date_gmt":"2021-02-28T14:59:30","guid":{"rendered":"http:\/\/blogdoeloiltoncajuhy.com.br\/site\/?p=54359"},"modified":"2021-02-28T11:59:31","modified_gmt":"2021-02-28T14:59:31","slug":"valmir-assuncao-critica-gestores-que-nao-cumprem-decreto-estadual-contra-a-covid-discurso-demagogico","status":"publish","type":"post","link":"https:\/\/blogdoeloiltoncajuhy.com.br\/site\/valmir-assuncao-critica-gestores-que-nao-cumprem-decreto-estadual-contra-a-covid-discurso-demagogico\/","title":{"rendered":"Valmir Assun\u00e7\u00e3o critica gestores que n\u00e3o cumprem decreto estadual contra a covid; \u201cDiscurso demag\u00f3gico\u201d"},"content":{"rendered":"\n<div class=\"wp-block-image\"><figure class=\"aligncenter size-large\"><img data-recalc-dims=\"1\" fetchpriority=\"high\" decoding=\"async\" width=\"800\" height=\"533\" src=\"https:\/\/i0.wp.com\/blogdoeloiltoncajuhy.com.br\/site\/wp-content\/uploads\/2021\/02\/Deputado-federal-Valmir-Assuncao-defende-a-atuacao-dos-estudantes-durante-pandemia.jpg?resize=800%2C533\" alt=\"\" class=\"wp-image-54360\" srcset=\"https:\/\/i0.wp.com\/blogdoeloiltoncajuhy.com.br\/site\/wp-content\/uploads\/2021\/02\/Deputado-federal-Valmir-Assuncao-defende-a-atuacao-dos-estudantes-durante-pandemia.jpg?resize=1024%2C682&amp;ssl=1 1024w, https:\/\/i0.wp.com\/blogdoeloiltoncajuhy.com.br\/site\/wp-content\/uploads\/2021\/02\/Deputado-federal-Valmir-Assuncao-defende-a-atuacao-dos-estudantes-durante-pandemia.jpg?resize=300%2C200&amp;ssl=1 300w, https:\/\/i0.wp.com\/blogdoeloiltoncajuhy.com.br\/site\/wp-content\/uploads\/2021\/02\/Deputado-federal-Valmir-Assuncao-defende-a-atuacao-dos-estudantes-durante-pandemia.jpg?resize=768%2C512&amp;ssl=1 768w, https:\/\/i0.wp.com\/blogdoeloiltoncajuhy.com.br\/site\/wp-content\/uploads\/2021\/02\/Deputado-federal-Valmir-Assuncao-defende-a-atuacao-dos-estudantes-durante-pandemia.jpg?w=1280&amp;ssl=1 1280w\" sizes=\"(max-width: 800px) 100vw, 800px\" \/><figcaption><em>Foto: Jonas Santos<\/em><\/figcaption><\/figure><\/div>\n\n\n\n<p>Ao menos quatro munic\u00edpios do extremo sul n\u00e3o aderiram ao decreto estadual que paralisa as atividades n\u00e3o essenciais para tentar conter o alto \u00edndice de cont\u00e1gio por covid-19 na Bahia. Eun\u00e1polis, Teixeira de Freitas, Itamaraju e Caravelas foram al\u00e9m e liberaram todas as atividades durante a reg\u00eancia do decreto estadual que vai at\u00e9 esta segunda (1\u00ba de mar\u00e7o). O caso deixou o deputado federal Valmir Assun\u00e7\u00e3o (PT-BA) indignado. Neste s\u00e1bado (27), o parlamentar criticou e repudiou a medida dos prefeitos da regi\u00e3o que tem os piores indicadores relativos ao coronav\u00edrus.<\/p>\n\n\n\n<p><em>\u201cFlexibilizar as a\u00e7\u00f5es e permitir a abertura do com\u00e9rcio durante o final de semana em um momento como esse \u00e9 inadmiss\u00edvel. \u00c9 triste e revoltante perceber que ainda existem prefeitos que n\u00e3o desceram do palanque e colocam a vida das pessoas em risco para fazer discurso demag\u00f3gico. Eu quero saber se quando algu\u00e9m precisar de uma UTI [Unidade de Terapia Intensiva] pode ir bater na porta dos prefeitos. Ser\u00e1 que eles v\u00e3o atender aos familiares de pessoas que s\u00e3o acometidas por essa doen\u00e7a que j\u00e1 matou mais de 250 mil brasileiros?\u201d<\/em>, dispara Valmir.<\/p>\n\n\n\n<p>Assun\u00e7\u00e3o lembra que a Bahia tem batido recordes dia ap\u00f3s dia do n\u00famero de infectados, \u00f3bitos e ocupa\u00e7\u00e3o de leitos cl\u00ednicos e de UTIs. E foi por conta disso, que uma s\u00e9rie de medidas foi tomada pelo governo Rui Costa (PT) que tenta reduzir os n\u00fameros para evitar o colapso no sistema de sa\u00fade. Em Eun\u00e1polis, por exemplo, a prefeita Cord\u00e9lia Torres (DEM) descumpriu o decreto e liberou o com\u00e9rcio, assim como a celebra\u00e7\u00e3o de culto nos templos religiosos. A gestora ainda afrontou o toque de recolher e liberou o consumo de bebida alco\u00f3lica 24h.<\/p>\n","protected":false},"excerpt":{"rendered":"<p>Ao menos quatro munic\u00edpios do extremo sul n\u00e3o aderiram ao decreto estadual que paralisa as atividades n\u00e3o essenciais para tentar conter o alto \u00edndice de cont\u00e1gio por covid-19 na Bahia. Eun\u00e1polis, Teixeira de Freitas, Itamaraju e Caravelas foram al\u00e9m e liberaram todas as atividades durante a reg\u00eancia do decreto estadual que vai at\u00e9 esta segunda [&hellip;]<\/p>\n","protected":false},"author":2,"featured_media":54360,"comment_status":"open","ping_status":"open","sticky":false,"template":"","format":"standard","meta":{"_acf_changed":false,"_monsterinsights_skip_tracking":false,"_monsterinsights_sitenote_active":false,"_monsterinsights_sitenote_note":"","_monsterinsights_sitenote_category":0,"_jetpack_memberships_contains_paid_content":false,"footnotes":"","jetpack_publicize_message":"","jetpack_publicize_feature_enabled":true,"jetpack_social_post_already_shared":true,"jetpack_social_options":{"image_generator_settings":{"template":"highway","default_image_id":0,"font":"","enabled":false},"version":2}},"categories":[3],"tags":[],"class_list":["post-54359","post","type-post","status-publish","format-standard","has-post-thumbnail","hentry","category-politica"],"acf":[],"jetpack_publicize_connections":[],"jetpack_featured_media_url":"https:\/\/i0.wp.com\/blogdoeloiltoncajuhy.com.br\/site\/wp-content\/uploads\/2021\/02\/Deputado-federal-Valmir-Assuncao-defende-a-atuacao-dos-estudantes-durante-pandemia.jpg?fit=1280%2C853&ssl=1","jetpack_sharing_enabled":true,"publishpress_future_workflow_manual_trigger":{"enabledWorkflows":[]},"_links":{"self":[{"href":"https:\/\/blogdoeloiltoncajuhy.com.br\/site\/wp-json\/wp\/v2\/posts\/54359","targetHints":{"allow":["GET"]}}],"collection":[{"href":"https:\/\/blogdoeloiltoncajuhy.com.br\/site\/wp-json\/wp\/v2\/posts"}],"about":[{"href":"https:\/\/blogdoeloiltoncajuhy.com.br\/site\/wp-json\/wp\/v2\/types\/post"}],"author":[{"embeddable":true,"href":"https:\/\/blogdoeloiltoncajuhy.com.br\/site\/wp-json\/wp\/v2\/users\/2"}],"replies":[{"embeddable":true,"href":"https:\/\/blogdoeloiltoncajuhy.com.br\/site\/wp-json\/wp\/v2\/comments?post=54359"}],"version-history":[{"count":2,"href":"https:\/\/blogdoeloiltoncajuhy.com.br\/site\/wp-json\/wp\/v2\/posts\/54359\/revisions"}],"predecessor-version":[{"id":54362,"href":"https:\/\/blogdoeloiltoncajuhy.com.br\/site\/wp-json\/wp\/v2\/posts\/54359\/revisions\/54362"}],"wp:featuredmedia":[{"embeddable":true,"href":"https:\/\/blogdoeloiltoncajuhy.com.br\/site\/wp-json\/wp\/v2\/media\/54360"}],"wp:attachment":[{"href":"https:\/\/blogdoeloiltoncajuhy.com.br\/site\/wp-json\/wp\/v2\/media?parent=54359"}],"wp:term":[{"taxonomy":"category","embeddable":true,"href":"https:\/\/blogdoeloiltoncajuhy.com.br\/site\/wp-json\/wp\/v2\/categories?post=54359"},{"taxonomy":"post_tag","embeddable":true,"href":"https:\/\/blogdoeloiltoncajuhy.com.br\/site\/wp-json\/wp\/v2\/tags?post=54359"}],"curies":[{"name":"wp","href":"https:\/\/api.w.org\/{rel}","templated":true}]}}