{"id":54348,"date":"2021-02-27T22:37:48","date_gmt":"2021-02-28T01:37:48","guid":{"rendered":"http:\/\/blogdoeloiltoncajuhy.com.br\/site\/?p=54348"},"modified":"2021-02-27T22:37:49","modified_gmt":"2021-02-28T01:37:49","slug":"raiva-e-impulsividade","status":"publish","type":"post","link":"https:\/\/blogdoeloiltoncajuhy.com.br\/site\/raiva-e-impulsividade\/","title":{"rendered":"Raiva e impulsividade"},"content":{"rendered":"\n<div class=\"wp-block-image\"><figure class=\"aligncenter size-full is-resized\"><img data-recalc-dims=\"1\" fetchpriority=\"high\" decoding=\"async\" src=\"https:\/\/i0.wp.com\/blogdoeloiltoncajuhy.com.br\/site\/wp-content\/uploads\/2019\/06\/Reflex%C3%A3o-2.jpg?resize=553%2C395\" alt=\"\" class=\"wp-image-35191\" width=\"553\" height=\"395\" srcset=\"https:\/\/i0.wp.com\/blogdoeloiltoncajuhy.com.br\/site\/wp-content\/uploads\/2019\/06\/Reflex%C3%A3o-2.jpg?w=350&amp;ssl=1 350w, https:\/\/i0.wp.com\/blogdoeloiltoncajuhy.com.br\/site\/wp-content\/uploads\/2019\/06\/Reflex%C3%A3o-2.jpg?resize=300%2C214&amp;ssl=1 300w, https:\/\/i0.wp.com\/blogdoeloiltoncajuhy.com.br\/site\/wp-content\/uploads\/2019\/06\/Reflex%C3%A3o-2.jpg?resize=250%2C179&amp;ssl=1 250w\" sizes=\"(max-width: 553px) 100vw, 553px\" \/><\/figure><\/div>\n\n\n\n<p>Muitas vezes a raiva \u00e9 um sentimento passageiro, por\u00e9m, por um momento desses podemos causar estragos, na vida de outras pessoas, e porque n\u00e3o na nossa pr\u00f3pria vida?<\/p>\n\n\n\n<p>H\u00e1 muitos que num momento de raiva, de ira, tomam atitudes ou proferem palavras, contra o alvo do seu sentimento, atitudes e palavras essas das quais poder\u00e3o, se arrepender amargamente depois.<\/p>\n\n\n\n<p>Uma pessoa com raiva perde a raz\u00e3o e a no\u00e7\u00e3o do que faz. Tomemos o cuidado de jamais tomarmos qualquer decis\u00e3o, ou atitude numa situa\u00e7\u00e3o de raiva.<\/p>\n\n\n\n<p>Nessa hora devemos respirar fundo, calar a voz e esperar que o momento passe. Certamente que em s\u00e3 consci\u00eancia, n\u00e3o tomar\u00edamos determinadas atitudes.<\/p>\n\n\n\n<p>A raiva nos leva a agirmos por impulso, e as consequ\u00eancias s\u00e3o sempre catastr\u00f3ficas. Causam situa\u00e7\u00f5es, \u00e0s vezes, de dif\u00edcil, ou imposs\u00edvel repara\u00e7\u00e3o.<\/p>\n\n\n\n<p>Assim, procuremos controlar esse sentimento em n\u00f3s, lembrando-nos de que com essa atitude, muitas vezes poderemos nos livrar de situa\u00e7\u00f5es embara\u00e7osas, e por que n\u00e3o, de nos endividarmos ainda mais perante a vida.<\/p>\n\n\n\n<p>Tenhamos cuidado com aquilo que plantarmos, pois da\u00ed vir\u00e1 a nossa colheita!<\/p>\n","protected":false},"excerpt":{"rendered":"<p>Muitas vezes a raiva \u00e9 um sentimento passageiro, por\u00e9m, por um momento desses podemos causar estragos, na vida de outras pessoas, e porque n\u00e3o na nossa pr\u00f3pria vida? H\u00e1 muitos que num momento de raiva, de ira, tomam atitudes ou proferem palavras, contra o alvo do seu sentimento, atitudes e palavras essas das quais poder\u00e3o, [&hellip;]<\/p>\n","protected":false},"author":2,"featured_media":35191,"comment_status":"open","ping_status":"open","sticky":false,"template":"","format":"standard","meta":{"_acf_changed":false,"_monsterinsights_skip_tracking":false,"_monsterinsights_sitenote_active":false,"_monsterinsights_sitenote_note":"","_monsterinsights_sitenote_category":0,"_jetpack_memberships_contains_paid_content":false,"footnotes":"","jetpack_publicize_message":"","jetpack_publicize_feature_enabled":true,"jetpack_social_post_already_shared":true,"jetpack_social_options":{"image_generator_settings":{"template":"highway","default_image_id":0,"font":"","enabled":false},"version":2}},"categories":[9],"tags":[],"class_list":["post-54348","post","type-post","status-publish","format-standard","has-post-thumbnail","hentry","category-reflexao"],"acf":[],"jetpack_publicize_connections":[],"jetpack_featured_media_url":"https:\/\/i0.wp.com\/blogdoeloiltoncajuhy.com.br\/site\/wp-content\/uploads\/2019\/06\/Reflex%C3%A3o-2.jpg?fit=350%2C250&ssl=1","jetpack_sharing_enabled":true,"publishpress_future_workflow_manual_trigger":{"enabledWorkflows":[]},"_links":{"self":[{"href":"https:\/\/blogdoeloiltoncajuhy.com.br\/site\/wp-json\/wp\/v2\/posts\/54348","targetHints":{"allow":["GET"]}}],"collection":[{"href":"https:\/\/blogdoeloiltoncajuhy.com.br\/site\/wp-json\/wp\/v2\/posts"}],"about":[{"href":"https:\/\/blogdoeloiltoncajuhy.com.br\/site\/wp-json\/wp\/v2\/types\/post"}],"author":[{"embeddable":true,"href":"https:\/\/blogdoeloiltoncajuhy.com.br\/site\/wp-json\/wp\/v2\/users\/2"}],"replies":[{"embeddable":true,"href":"https:\/\/blogdoeloiltoncajuhy.com.br\/site\/wp-json\/wp\/v2\/comments?post=54348"}],"version-history":[{"count":2,"href":"https:\/\/blogdoeloiltoncajuhy.com.br\/site\/wp-json\/wp\/v2\/posts\/54348\/revisions"}],"predecessor-version":[{"id":54350,"href":"https:\/\/blogdoeloiltoncajuhy.com.br\/site\/wp-json\/wp\/v2\/posts\/54348\/revisions\/54350"}],"wp:featuredmedia":[{"embeddable":true,"href":"https:\/\/blogdoeloiltoncajuhy.com.br\/site\/wp-json\/wp\/v2\/media\/35191"}],"wp:attachment":[{"href":"https:\/\/blogdoeloiltoncajuhy.com.br\/site\/wp-json\/wp\/v2\/media?parent=54348"}],"wp:term":[{"taxonomy":"category","embeddable":true,"href":"https:\/\/blogdoeloiltoncajuhy.com.br\/site\/wp-json\/wp\/v2\/categories?post=54348"},{"taxonomy":"post_tag","embeddable":true,"href":"https:\/\/blogdoeloiltoncajuhy.com.br\/site\/wp-json\/wp\/v2\/tags?post=54348"}],"curies":[{"name":"wp","href":"https:\/\/api.w.org\/{rel}","templated":true}]}}