{"id":54344,"date":"2021-02-27T22:22:45","date_gmt":"2021-02-28T01:22:45","guid":{"rendered":"http:\/\/blogdoeloiltoncajuhy.com.br\/site\/?p=54344"},"modified":"2021-02-27T22:22:47","modified_gmt":"2021-02-28T01:22:47","slug":"bahia-registra-6-520-novos-casos-de-covid-19-nas-ultimas-24-horas-e-mais-de-205-mil-ativos","status":"publish","type":"post","link":"https:\/\/blogdoeloiltoncajuhy.com.br\/site\/bahia-registra-6-520-novos-casos-de-covid-19-nas-ultimas-24-horas-e-mais-de-205-mil-ativos\/","title":{"rendered":"Bahia registra 6.520 novos casos de Covid-19 nas \u00faltimas 24 horas e mais de 20,5 mil ativos"},"content":{"rendered":"\n<div class=\"wp-block-image\"><figure class=\"aligncenter size-large\"><img data-recalc-dims=\"1\" fetchpriority=\"high\" decoding=\"async\" width=\"768\" height=\"512\" src=\"https:\/\/i0.wp.com\/blogdoeloiltoncajuhy.com.br\/site\/wp-content\/uploads\/2021\/02\/Coronavirus-Boletim-Estado_8860.png?resize=768%2C512\" alt=\"\" class=\"wp-image-54345\" srcset=\"https:\/\/i0.wp.com\/blogdoeloiltoncajuhy.com.br\/site\/wp-content\/uploads\/2021\/02\/Coronavirus-Boletim-Estado_8860.png?w=768&amp;ssl=1 768w, https:\/\/i0.wp.com\/blogdoeloiltoncajuhy.com.br\/site\/wp-content\/uploads\/2021\/02\/Coronavirus-Boletim-Estado_8860.png?resize=300%2C200&amp;ssl=1 300w\" sizes=\"(max-width: 768px) 100vw, 768px\" \/><\/figure><\/div>\n\n\n\n<p>Na Bahia, nas \u00faltimas 24 horas, foram registrados 6.520 casos de Covid-19 (taxa de crescimento de +1,0%) e 5.672 recuperados (+0,9%). Este foi o maior incremento de novos casos em 2021 e segundo maior da pandemia. Dos 680.904 casos confirmados desde o in\u00edcio da pandemia, 648.593 j\u00e1 s\u00e3o considerados recuperados e 20.582 encontram-se ativos.<\/p>\n\n\n\n<p>O boletim epidemiol\u00f3gico contabiliza ainda 1.033.493 casos descartados e 159.580 em investiga\u00e7\u00e3o. Estes dados representam notifica\u00e7\u00f5es oficiais at\u00e9 as 17 horas deste s\u00e1bado (27). Na Bahia, 42.876 profissionais da sa\u00fade foram confirmados para Covid-19.<\/p>\n\n\n\n<p>Hoje foram registradas 104 mortes e o n\u00famero total de \u00f3bitos por Covid-19 na Bahia desde o in\u00edcio da pandemia \u00e9 de 11.729, representando uma letalidade de 1,72%.<\/p>\n\n\n\n<p class=\"has-black-color has-text-color has-medium-font-size\"><strong>Vacina\u00e7\u00e3o<\/strong><\/p>\n\n\n\n<p>Com 433.274 vacinados contra o coronav\u00edrus (Covid-19), dos quais 98.673 receberam tamb\u00e9m a segunda dose, at\u00e9 as 15 horas deste s\u00e1bado, a Bahia \u00e9 um dos estados do Pa\u00eds com o maior n\u00famero de imunizados. A Secretaria da Sa\u00fade do Estado da Bahia (Sesab) realiza o contato di\u00e1rio com as equipes de cada munic\u00edpio a fim de aferir o quantitativo de doses aplicadas e disponibiliza as informa\u00e7\u00f5es detalhadas no painel https:\/\/bi.saude.ba.gov.br\/vacinacao\/.<\/p>\n","protected":false},"excerpt":{"rendered":"<p>Na Bahia, nas \u00faltimas 24 horas, foram registrados 6.520 casos de Covid-19 (taxa de crescimento de +1,0%) e 5.672 recuperados (+0,9%). Este foi o maior incremento de novos casos em 2021 e segundo maior da pandemia. Dos 680.904 casos confirmados desde o in\u00edcio da pandemia, 648.593 j\u00e1 s\u00e3o considerados recuperados e 20.582 encontram-se ativos. O [&hellip;]<\/p>\n","protected":false},"author":2,"featured_media":54345,"comment_status":"open","ping_status":"open","sticky":false,"template":"","format":"standard","meta":{"_acf_changed":false,"_monsterinsights_skip_tracking":false,"_monsterinsights_sitenote_active":false,"_monsterinsights_sitenote_note":"","_monsterinsights_sitenote_category":0,"_jetpack_memberships_contains_paid_content":false,"footnotes":"","jetpack_publicize_message":"","jetpack_publicize_feature_enabled":true,"jetpack_social_post_already_shared":true,"jetpack_social_options":{"image_generator_settings":{"template":"highway","default_image_id":0,"font":"","enabled":false},"version":2}},"categories":[7],"tags":[],"class_list":["post-54344","post","type-post","status-publish","format-standard","has-post-thumbnail","hentry","category-saude"],"acf":[],"jetpack_publicize_connections":[],"jetpack_featured_media_url":"https:\/\/i0.wp.com\/blogdoeloiltoncajuhy.com.br\/site\/wp-content\/uploads\/2021\/02\/Coronavirus-Boletim-Estado_8860.png?fit=768%2C512&ssl=1","jetpack_sharing_enabled":true,"publishpress_future_workflow_manual_trigger":{"enabledWorkflows":[]},"_links":{"self":[{"href":"https:\/\/blogdoeloiltoncajuhy.com.br\/site\/wp-json\/wp\/v2\/posts\/54344","targetHints":{"allow":["GET"]}}],"collection":[{"href":"https:\/\/blogdoeloiltoncajuhy.com.br\/site\/wp-json\/wp\/v2\/posts"}],"about":[{"href":"https:\/\/blogdoeloiltoncajuhy.com.br\/site\/wp-json\/wp\/v2\/types\/post"}],"author":[{"embeddable":true,"href":"https:\/\/blogdoeloiltoncajuhy.com.br\/site\/wp-json\/wp\/v2\/users\/2"}],"replies":[{"embeddable":true,"href":"https:\/\/blogdoeloiltoncajuhy.com.br\/site\/wp-json\/wp\/v2\/comments?post=54344"}],"version-history":[{"count":2,"href":"https:\/\/blogdoeloiltoncajuhy.com.br\/site\/wp-json\/wp\/v2\/posts\/54344\/revisions"}],"predecessor-version":[{"id":54347,"href":"https:\/\/blogdoeloiltoncajuhy.com.br\/site\/wp-json\/wp\/v2\/posts\/54344\/revisions\/54347"}],"wp:featuredmedia":[{"embeddable":true,"href":"https:\/\/blogdoeloiltoncajuhy.com.br\/site\/wp-json\/wp\/v2\/media\/54345"}],"wp:attachment":[{"href":"https:\/\/blogdoeloiltoncajuhy.com.br\/site\/wp-json\/wp\/v2\/media?parent=54344"}],"wp:term":[{"taxonomy":"category","embeddable":true,"href":"https:\/\/blogdoeloiltoncajuhy.com.br\/site\/wp-json\/wp\/v2\/categories?post=54344"},{"taxonomy":"post_tag","embeddable":true,"href":"https:\/\/blogdoeloiltoncajuhy.com.br\/site\/wp-json\/wp\/v2\/tags?post=54344"}],"curies":[{"name":"wp","href":"https:\/\/api.w.org\/{rel}","templated":true}]}}