{"id":54340,"date":"2021-02-27T22:10:42","date_gmt":"2021-02-28T01:10:42","guid":{"rendered":"http:\/\/blogdoeloiltoncajuhy.com.br\/site\/?p=54340"},"modified":"2021-02-27T22:10:44","modified_gmt":"2021-02-28T01:10:44","slug":"internado-na-uti-com-covid-19-vereador-irmao-lazaro-apresenta-melhora","status":"publish","type":"post","link":"https:\/\/blogdoeloiltoncajuhy.com.br\/site\/internado-na-uti-com-covid-19-vereador-irmao-lazaro-apresenta-melhora\/","title":{"rendered":"Internado na UTI com Covid-19, vereador Irm\u00e3o L\u00e1zaro apresenta melhora"},"content":{"rendered":"\n<h5 class=\"has-text-align-center wp-block-heading\"><em>Vereador e cantor gospel est\u00e1 internado em um hospital particular de Feira de Santana. Assessoria do vereador informou que ele apresentou melhora na oxigena\u00e7\u00e3o<\/em><\/h5>\n\n\n\n<div class=\"wp-block-image\"><figure class=\"aligncenter size-full\"><img data-recalc-dims=\"1\" fetchpriority=\"high\" decoding=\"async\" width=\"800\" height=\"502\" src=\"https:\/\/i0.wp.com\/blogdoeloiltoncajuhy.com.br\/site\/wp-content\/uploads\/2021\/02\/Irmao-Lazaro.jpeg?resize=800%2C502\" alt=\"\" class=\"wp-image-54341\" srcset=\"https:\/\/i0.wp.com\/blogdoeloiltoncajuhy.com.br\/site\/wp-content\/uploads\/2021\/02\/Irmao-Lazaro.jpeg?w=984&amp;ssl=1 984w, https:\/\/i0.wp.com\/blogdoeloiltoncajuhy.com.br\/site\/wp-content\/uploads\/2021\/02\/Irmao-Lazaro.jpeg?resize=300%2C188&amp;ssl=1 300w, https:\/\/i0.wp.com\/blogdoeloiltoncajuhy.com.br\/site\/wp-content\/uploads\/2021\/02\/Irmao-Lazaro.jpeg?resize=768%2C482&amp;ssl=1 768w\" sizes=\"(max-width: 800px) 100vw, 800px\" \/><figcaption><em>Irm\u00e3o L\u00e1zaro \u2014 Foto: Reprodu\u00e7\u00e3o\/Redes sociais<\/em><\/figcaption><\/figure><\/div>\n\n\n\n<p>O vereador de Salvador, Irm\u00e3o L\u00e1zaro (PL), que est\u00e1 internado com Covid-19 em Feira de Santana, apresentou melhora, respondendo de forma positiva aos procedimentos e exames realizados. A informa\u00e7\u00e3o \u00e9 de sua assessoria.<\/p>\n\n\n\n<p>Irm\u00e3o L\u00e1zaro est\u00e1 internado na UTI de um hospital particular de Feira de Santana desde quinta-feira (25). Ele seria transferido para outra unidade particular, s\u00f3 que em Salvador, ainda na quinta, mas teve agravamento do quadro de sa\u00fade e os m\u00e9dicos, por precau\u00e7\u00e3o, prefeririam suspender a transfer\u00eancia devido ao estado de sa\u00fade delicado dele.<\/p>\n\n\n\n<p>A assessoria do vereador detalhou que Irm\u00e3o L\u00e1zaro teve melhora na satura\u00e7\u00e3o, que \u00e9 o n\u00edvel de oxigena\u00e7\u00e3o, e est\u00e1 progredindo o quadro de sa\u00fade. O paciente est\u00e1 sedado, inspirando cuidados, mas com boa evolu\u00e7\u00e3o.<\/p>\n\n\n\n<p>De acordo com familiares, Irm\u00e3o L\u00e1zaro tinha sido diagnosticado com a Covid-19 no dia 15 de fevereiro e desde ent\u00e3o fazia o tratamento em casa. No entanto, na segunda-feira (22), ele sentiu desconforto, febre e procurou o m\u00e9dico. Ao chegar no hospital, foi comprovado que ele estava com metade dos pulm\u00f5es comprometidos e ficou internado em um leito cl\u00ednico. Tr\u00eas dias depois, precisou ser transferido para UTI.<\/p>\n\n\n\n<p>Irm\u00e3o L\u00e1zaro foi eleito vereador de Salvador em 15 de novembro de 2020, com 4.273 votos. Ele j\u00e1 foi deputado federal entre 2015 e 2018, ano em que concorreu a uma vaga no senado, mas n\u00e3o ganhou.<\/p>\n\n\n\n<p>L\u00e1zaro j\u00e1 foi integrante do grupo Olodum nos anos 90, mas decidiu seguir carreira de cantor gospel ap\u00f3s se converter \u00e0 religi\u00e3o evang\u00e9lica. Um dos seus grandes sucessos, a m\u00fasica gospel &#8220;Eu te amo tanto&#8221;, faz parte de um CD e DVD hom\u00f4nimo gravado em 2008 na Bahia.<\/p>\n","protected":false},"excerpt":{"rendered":"<p>Vereador e cantor gospel est\u00e1 internado em um hospital particular de Feira de Santana. Assessoria do vereador informou que ele apresentou melhora na oxigena\u00e7\u00e3o O vereador de Salvador, Irm\u00e3o L\u00e1zaro (PL), que est\u00e1 internado com Covid-19 em Feira de Santana, apresentou melhora, respondendo de forma positiva aos procedimentos e exames realizados. A informa\u00e7\u00e3o \u00e9 de [&hellip;]<\/p>\n","protected":false},"author":2,"featured_media":54341,"comment_status":"open","ping_status":"open","sticky":false,"template":"","format":"standard","meta":{"_acf_changed":false,"_monsterinsights_skip_tracking":false,"_monsterinsights_sitenote_active":false,"_monsterinsights_sitenote_note":"","_monsterinsights_sitenote_category":0,"_jetpack_memberships_contains_paid_content":false,"footnotes":"","jetpack_publicize_message":"","jetpack_publicize_feature_enabled":true,"jetpack_social_post_already_shared":true,"jetpack_social_options":{"image_generator_settings":{"template":"highway","default_image_id":0,"font":"","enabled":false},"version":2}},"categories":[3],"tags":[],"class_list":["post-54340","post","type-post","status-publish","format-standard","has-post-thumbnail","hentry","category-politica"],"acf":[],"jetpack_publicize_connections":[],"jetpack_featured_media_url":"https:\/\/i0.wp.com\/blogdoeloiltoncajuhy.com.br\/site\/wp-content\/uploads\/2021\/02\/Irmao-Lazaro.jpeg?fit=984%2C617&ssl=1","jetpack_sharing_enabled":true,"publishpress_future_workflow_manual_trigger":{"enabledWorkflows":[]},"_links":{"self":[{"href":"https:\/\/blogdoeloiltoncajuhy.com.br\/site\/wp-json\/wp\/v2\/posts\/54340","targetHints":{"allow":["GET"]}}],"collection":[{"href":"https:\/\/blogdoeloiltoncajuhy.com.br\/site\/wp-json\/wp\/v2\/posts"}],"about":[{"href":"https:\/\/blogdoeloiltoncajuhy.com.br\/site\/wp-json\/wp\/v2\/types\/post"}],"author":[{"embeddable":true,"href":"https:\/\/blogdoeloiltoncajuhy.com.br\/site\/wp-json\/wp\/v2\/users\/2"}],"replies":[{"embeddable":true,"href":"https:\/\/blogdoeloiltoncajuhy.com.br\/site\/wp-json\/wp\/v2\/comments?post=54340"}],"version-history":[{"count":2,"href":"https:\/\/blogdoeloiltoncajuhy.com.br\/site\/wp-json\/wp\/v2\/posts\/54340\/revisions"}],"predecessor-version":[{"id":54343,"href":"https:\/\/blogdoeloiltoncajuhy.com.br\/site\/wp-json\/wp\/v2\/posts\/54340\/revisions\/54343"}],"wp:featuredmedia":[{"embeddable":true,"href":"https:\/\/blogdoeloiltoncajuhy.com.br\/site\/wp-json\/wp\/v2\/media\/54341"}],"wp:attachment":[{"href":"https:\/\/blogdoeloiltoncajuhy.com.br\/site\/wp-json\/wp\/v2\/media?parent=54340"}],"wp:term":[{"taxonomy":"category","embeddable":true,"href":"https:\/\/blogdoeloiltoncajuhy.com.br\/site\/wp-json\/wp\/v2\/categories?post=54340"},{"taxonomy":"post_tag","embeddable":true,"href":"https:\/\/blogdoeloiltoncajuhy.com.br\/site\/wp-json\/wp\/v2\/tags?post=54340"}],"curies":[{"name":"wp","href":"https:\/\/api.w.org\/{rel}","templated":true}]}}