{"id":54337,"date":"2021-02-27T10:12:46","date_gmt":"2021-02-27T13:12:46","guid":{"rendered":"http:\/\/blogdoeloiltoncajuhy.com.br\/site\/?p=54337"},"modified":"2021-02-27T10:12:47","modified_gmt":"2021-02-27T13:12:47","slug":"comissao-do-senado-debatera-existencia-de-cartel-de-combustiveis","status":"publish","type":"post","link":"https:\/\/blogdoeloiltoncajuhy.com.br\/site\/comissao-do-senado-debatera-existencia-de-cartel-de-combustiveis\/","title":{"rendered":"Comiss\u00e3o do Senado debater\u00e1 exist\u00eancia de cartel de combust\u00edveis"},"content":{"rendered":"\n<h5 class=\"has-text-align-center wp-block-heading\"><em>O Cade, \u00f3rg\u00e3o encarregado de zelar pela livre concorr\u00eancia no pa\u00eds, ser\u00e1 convidado para a audi\u00eancia p\u00fablica, ainda sem data definida<\/em><\/h5>\n\n\n\n<div class=\"wp-block-image\"><figure class=\"aligncenter size-full is-resized\"><img data-recalc-dims=\"1\" fetchpriority=\"high\" decoding=\"async\" src=\"https:\/\/i0.wp.com\/blogdoeloiltoncajuhy.com.br\/site\/wp-content\/uploads\/2017\/08\/combustiveis.jpg?resize=558%2C411\" alt=\"\" class=\"wp-image-19603\" width=\"558\" height=\"411\" srcset=\"https:\/\/i0.wp.com\/blogdoeloiltoncajuhy.com.br\/site\/wp-content\/uploads\/2017\/08\/combustiveis.jpg?w=380&amp;ssl=1 380w, https:\/\/i0.wp.com\/blogdoeloiltoncajuhy.com.br\/site\/wp-content\/uploads\/2017\/08\/combustiveis.jpg?resize=300%2C221&amp;ssl=1 300w, https:\/\/i0.wp.com\/blogdoeloiltoncajuhy.com.br\/site\/wp-content\/uploads\/2017\/08\/combustiveis.jpg?resize=250%2C184&amp;ssl=1 250w\" sizes=\"(max-width: 558px) 100vw, 558px\" \/><\/figure><\/div>\n\n\n\n<p>O presidente da Comiss\u00e3o de Assuntos Econ\u00f4micos (CAE) do Senado, Otto Alencar, do PSD da Bahia, solicitou a audi\u00eancia para entender por que as distribuidoras dominam o mercado em detrimento do consumidor. Otto Alencar \u00e9 autor de projeto, j\u00e1 aprovado no Senado, que admite a possibilidade, hoje vetada pela Ag\u00eancia Nacional do Petr\u00f3leo, G\u00e1s Natural e Biocombust\u00edveis, de venda direta das usinas e refinarias para o consumidor.<\/p>\n\n\n\n<p><em>&#8220;Se o produtor de etanol l\u00e1 do Nordeste quiser produzir o etanol, pegar o caminh\u00e3o de transporte dele e levar o etanol para o posto de combust\u00edvel, n\u00e3o pode. Tem que haver um intermedi\u00e1rio, tem que haver um lobista, tem que haver um sujeito que v\u00e1 fazer esse transporte. Isso \u00e9 um absurdo no Brasil&#8221;<\/em>, disse Otto.<\/p>\n\n\n\n<p>O vice-presidente da CAE, Vanderlan Cardoso, do PSD de Goi\u00e1s, disse que o Brasil n\u00e3o pode ficar ref\u00e9m dos pre\u00e7os praticados no mercado internacional e das distribuidoras.<\/p>\n\n\n\n<p><em>&#8220;Vou pegar o exemplo da cidade de Quirin\u00f3polis, que est\u00e1 a cerca de 320 quil\u00f4metros de Goi\u00e2nia, onde est\u00e3o as distribuidoras. Ent\u00e3o, os postos de combust\u00edvel da pr\u00f3pria cidade e da regi\u00e3o que engloba cidades que ficam a aproximadamente 30 quil\u00f4metros. Esse etanol vem para Goi\u00e2nia pagando frete para vir e, depois, paga frete para voltar; passa numa distribuidora, agrega mais valor, mais imposto, para chegar no posto de gasolina&#8221;<\/em>, falou Cardoso.<\/p>\n\n\n\n<p>A audi\u00eancia p\u00fablica deve contar com a presen\u00e7a do presidente do Conselho Administrativo de Defesa Econ\u00f4mica, Alexandre Barreto. Ainda n\u00e3o h\u00e1 data prevista para o debate.<\/p>\n","protected":false},"excerpt":{"rendered":"<p>O Cade, \u00f3rg\u00e3o encarregado de zelar pela livre concorr\u00eancia no pa\u00eds, ser\u00e1 convidado para a audi\u00eancia p\u00fablica, ainda sem data definida O presidente da Comiss\u00e3o de Assuntos Econ\u00f4micos (CAE) do Senado, Otto Alencar, do PSD da Bahia, solicitou a audi\u00eancia para entender por que as distribuidoras dominam o mercado em detrimento do consumidor. Otto Alencar [&hellip;]<\/p>\n","protected":false},"author":2,"featured_media":50749,"comment_status":"open","ping_status":"open","sticky":false,"template":"","format":"standard","meta":{"_acf_changed":false,"_monsterinsights_skip_tracking":false,"_monsterinsights_sitenote_active":false,"_monsterinsights_sitenote_note":"","_monsterinsights_sitenote_category":0,"_jetpack_memberships_contains_paid_content":false,"footnotes":"","jetpack_publicize_message":"","jetpack_publicize_feature_enabled":true,"jetpack_social_post_already_shared":true,"jetpack_social_options":{"image_generator_settings":{"template":"highway","default_image_id":0,"font":"","enabled":false},"version":2}},"categories":[1],"tags":[],"class_list":["post-54337","post","type-post","status-publish","format-standard","has-post-thumbnail","hentry","category-noticias"],"acf":[],"jetpack_publicize_connections":[],"jetpack_featured_media_url":"https:\/\/i0.wp.com\/blogdoeloiltoncajuhy.com.br\/site\/wp-content\/uploads\/2020\/11\/SenadoFederal.jpeg?fit=676%2C450&ssl=1","jetpack_sharing_enabled":true,"publishpress_future_workflow_manual_trigger":{"enabledWorkflows":[]},"_links":{"self":[{"href":"https:\/\/blogdoeloiltoncajuhy.com.br\/site\/wp-json\/wp\/v2\/posts\/54337","targetHints":{"allow":["GET"]}}],"collection":[{"href":"https:\/\/blogdoeloiltoncajuhy.com.br\/site\/wp-json\/wp\/v2\/posts"}],"about":[{"href":"https:\/\/blogdoeloiltoncajuhy.com.br\/site\/wp-json\/wp\/v2\/types\/post"}],"author":[{"embeddable":true,"href":"https:\/\/blogdoeloiltoncajuhy.com.br\/site\/wp-json\/wp\/v2\/users\/2"}],"replies":[{"embeddable":true,"href":"https:\/\/blogdoeloiltoncajuhy.com.br\/site\/wp-json\/wp\/v2\/comments?post=54337"}],"version-history":[{"count":2,"href":"https:\/\/blogdoeloiltoncajuhy.com.br\/site\/wp-json\/wp\/v2\/posts\/54337\/revisions"}],"predecessor-version":[{"id":54339,"href":"https:\/\/blogdoeloiltoncajuhy.com.br\/site\/wp-json\/wp\/v2\/posts\/54337\/revisions\/54339"}],"wp:featuredmedia":[{"embeddable":true,"href":"https:\/\/blogdoeloiltoncajuhy.com.br\/site\/wp-json\/wp\/v2\/media\/50749"}],"wp:attachment":[{"href":"https:\/\/blogdoeloiltoncajuhy.com.br\/site\/wp-json\/wp\/v2\/media?parent=54337"}],"wp:term":[{"taxonomy":"category","embeddable":true,"href":"https:\/\/blogdoeloiltoncajuhy.com.br\/site\/wp-json\/wp\/v2\/categories?post=54337"},{"taxonomy":"post_tag","embeddable":true,"href":"https:\/\/blogdoeloiltoncajuhy.com.br\/site\/wp-json\/wp\/v2\/tags?post=54337"}],"curies":[{"name":"wp","href":"https:\/\/api.w.org\/{rel}","templated":true}]}}