{"id":54326,"date":"2021-02-26T22:35:08","date_gmt":"2021-02-27T01:35:08","guid":{"rendered":"http:\/\/blogdoeloiltoncajuhy.com.br\/site\/?p=54326"},"modified":"2021-02-26T22:35:10","modified_gmt":"2021-02-27T01:35:10","slug":"viver-como-as-flores","status":"publish","type":"post","link":"https:\/\/blogdoeloiltoncajuhy.com.br\/site\/viver-como-as-flores\/","title":{"rendered":"Viver como as flores"},"content":{"rendered":"\n<div class=\"wp-block-image\"><figure class=\"aligncenter size-large\"><img data-recalc-dims=\"1\" fetchpriority=\"high\" decoding=\"async\" width=\"800\" height=\"532\" src=\"https:\/\/i0.wp.com\/blogdoeloiltoncajuhy.com.br\/site\/wp-content\/uploads\/2021\/02\/flores-para-plantar-no-verao.jpg?resize=800%2C532\" alt=\"\" class=\"wp-image-54327\" srcset=\"https:\/\/i0.wp.com\/blogdoeloiltoncajuhy.com.br\/site\/wp-content\/uploads\/2021\/02\/flores-para-plantar-no-verao.jpg?resize=1024%2C681&amp;ssl=1 1024w, https:\/\/i0.wp.com\/blogdoeloiltoncajuhy.com.br\/site\/wp-content\/uploads\/2021\/02\/flores-para-plantar-no-verao.jpg?resize=300%2C200&amp;ssl=1 300w, https:\/\/i0.wp.com\/blogdoeloiltoncajuhy.com.br\/site\/wp-content\/uploads\/2021\/02\/flores-para-plantar-no-verao.jpg?resize=768%2C511&amp;ssl=1 768w, https:\/\/i0.wp.com\/blogdoeloiltoncajuhy.com.br\/site\/wp-content\/uploads\/2021\/02\/flores-para-plantar-no-verao.jpg?resize=1536%2C1021&amp;ssl=1 1536w, https:\/\/i0.wp.com\/blogdoeloiltoncajuhy.com.br\/site\/wp-content\/uploads\/2021\/02\/flores-para-plantar-no-verao.jpg?w=1600&amp;ssl=1 1600w\" sizes=\"(max-width: 800px) 100vw, 800px\" \/><\/figure><\/div>\n\n\n\n<p>Em um antigo mosteiro budista, um jovem monge questionava o mestre: \u2013 Mestre, como fa\u00e7o para n\u00e3o me aborrecer? Algumas pessoas falam de mais, outras s\u00e3o ignorantes, muitas s\u00e3o indiferentes, eu sinto \u00f3dio das mentirosas e sofro com as que caluniam.<\/p>\n\n\n\n<p>\u2013 Pois viva como as flores, orientou-lhe o mestre. \u2013 E como \u00e9 viver como as flores?, perguntou o jovem monge.<\/p>\n\n\n\n<p>\u2013 Repare nas flores. Ele falou apontando os l\u00edrios, que crescem no jardim. Elas nascem no esterco, entretanto s\u00e3o puras e perfumadas. Extraem do adubo malcheiroso tudo aquilo que lhes \u00e9 importante, \u00fatil e saud\u00e1vel, mas n\u00e3o permitem que o azedume da terra manche o frescor de suas p\u00e9talas.<\/p>\n\n\n\n<p>\u00c9 justo inquietar-se com as suas pr\u00f3prias imperfei\u00e7\u00f5es, mas n\u00e3o \u00e9 s\u00e1bio permitir que os v\u00edcios dos outros o perturbem. Os defeitos deles, s\u00e3o deles, n\u00e3o seus. Se n\u00e3o s\u00e3o seus, n\u00e3o h\u00e1 raz\u00e3o para aborrecimentos. Exercite, pois a virtude de rejeitar todo o mal que vem de fora. Isso \u00e9 viver como as flores.<\/p>\n\n\n\n<p>&#8212;&#8212;&#8212;&#8212;&#8212;&#8212;&#8212;&#8212;&#8211;<\/p>\n\n\n\n<p>Numa simples orienta\u00e7\u00e3o, sem d\u00favida, uma grande e nobre li\u00e7\u00e3o de bem-viver a nossa disposi\u00e7\u00e3o. Mas para viver como as flores, \u00e9 preciso ainda observar outras caracter\u00edsticas que elas nos oferecem como exemplo.<\/p>\n\n\n\n<p>\u00c9 importante notar que nem todas as flores t\u00eam facilidades, mas todas elas t\u00eam algo em comum: florescem onde foram plantadas. Seja em meio a pedregulhos, ou em jardins perfeitamente bem cuidados, as flores surgem para perfumar e embelezar a vida.<\/p>\n\n\n\n<p>Existem as flores hero\u00ednas, que precisam lutar com valentia, por um lugar especialmente feito ao sol. S\u00e3o aquelas que surgem em min\u00fasculas trinchas, abertas em cal\u00e7adas ou muros de concreto. Precisam encontrar com firmeza e determina\u00e7\u00e3o um espa\u00e7o para brotar, crescer e florescer.<\/p>\n\n\n\n<p>H\u00e1 flores, cujas sementes ficam sob solo escaldante do deserto por muitos anos, esperando que um dia as gotas da chuva tornem poss\u00edvel emergir e ent\u00e3o surgem, por poucos dias, s\u00f3 para espalhar o seu perfume e lan\u00e7ar ao solo novas sementes que germinar\u00e3o e florescer\u00e3o ao seu tempo.<\/p>\n\n\n\n<p>Em campos cobertos de neve, h\u00e1 flores esperando que o sol da primavera derreta o gelo para despertar de sua letargia e colorir a paisagem em exuber\u00e2ncia de cores e perfumes.<\/p>\n\n\n\n<p>Ah, como as flores sabem executar com maestria a divina miss\u00e3o que o Criador lhes confia! Existem ainda flores resignadas, que simulam na tentativa de tornar menos tristes as cerim\u00f4nias f\u00fanebres dos seres humanos, enfeitando coroas sem vida.<\/p>\n\n\n\n<p>Viver como as flores, portanto, \u00e9 muito mais que saber tirar vida, beleza e perfume das coisas ruins. \u00c9 muito mais do que florescer em desertos \u00e1ridos ou terrenos in\u00f3spitos. \u00c9 mais do que buscar um lugar ao sol, estando em uma cova escura. \u00c9 mais do que suportar a poda e responder mais vida e mais exuber\u00e2ncia.<\/p>\n\n\n\n<p>Viver como as flores, \u00e9 entender e executar a miss\u00e3o que cabe a voc\u00ea, a mais bela e valorosa cria\u00e7\u00e3o divina, para quem todas as flores foram criadas. Pense nisso! As flores s\u00e3o uma das mais belas e delicadas formas de express\u00e3o do divino artista da natureza.<\/p>\n\n\n\n<p>Parece mesmo que o Criador as projetou e as colocou no mundo pra falar da grandeza do seu amor por n\u00f3s e tamb\u00e9m como li\u00e7\u00f5es silenciosas, a nos mostrar como florescer e frutificar em meio a todas as dificuldades da vida. Pense nisso! Quem sabe n\u00e3o \u00e9 essa a hora de voc\u00ea come\u00e7ar a imitar as flores?<\/p>\n","protected":false},"excerpt":{"rendered":"<p>Em um antigo mosteiro budista, um jovem monge questionava o mestre: \u2013 Mestre, como fa\u00e7o para n\u00e3o me aborrecer? Algumas pessoas falam de mais, outras s\u00e3o ignorantes, muitas s\u00e3o indiferentes, eu sinto \u00f3dio das mentirosas e sofro com as que caluniam. \u2013 Pois viva como as flores, orientou-lhe o mestre. \u2013 E como \u00e9 viver [&hellip;]<\/p>\n","protected":false},"author":2,"featured_media":54327,"comment_status":"open","ping_status":"open","sticky":false,"template":"","format":"standard","meta":{"_acf_changed":false,"_monsterinsights_skip_tracking":false,"_monsterinsights_sitenote_active":false,"_monsterinsights_sitenote_note":"","_monsterinsights_sitenote_category":0,"_jetpack_memberships_contains_paid_content":false,"footnotes":"","jetpack_publicize_message":"","jetpack_publicize_feature_enabled":true,"jetpack_social_post_already_shared":true,"jetpack_social_options":{"image_generator_settings":{"template":"highway","default_image_id":0,"font":"","enabled":false},"version":2}},"categories":[9],"tags":[],"class_list":["post-54326","post","type-post","status-publish","format-standard","has-post-thumbnail","hentry","category-reflexao"],"acf":[],"jetpack_publicize_connections":[],"jetpack_featured_media_url":"https:\/\/i0.wp.com\/blogdoeloiltoncajuhy.com.br\/site\/wp-content\/uploads\/2021\/02\/flores-para-plantar-no-verao.jpg?fit=1600%2C1064&ssl=1","jetpack_sharing_enabled":true,"publishpress_future_workflow_manual_trigger":{"enabledWorkflows":[]},"_links":{"self":[{"href":"https:\/\/blogdoeloiltoncajuhy.com.br\/site\/wp-json\/wp\/v2\/posts\/54326","targetHints":{"allow":["GET"]}}],"collection":[{"href":"https:\/\/blogdoeloiltoncajuhy.com.br\/site\/wp-json\/wp\/v2\/posts"}],"about":[{"href":"https:\/\/blogdoeloiltoncajuhy.com.br\/site\/wp-json\/wp\/v2\/types\/post"}],"author":[{"embeddable":true,"href":"https:\/\/blogdoeloiltoncajuhy.com.br\/site\/wp-json\/wp\/v2\/users\/2"}],"replies":[{"embeddable":true,"href":"https:\/\/blogdoeloiltoncajuhy.com.br\/site\/wp-json\/wp\/v2\/comments?post=54326"}],"version-history":[{"count":2,"href":"https:\/\/blogdoeloiltoncajuhy.com.br\/site\/wp-json\/wp\/v2\/posts\/54326\/revisions"}],"predecessor-version":[{"id":54329,"href":"https:\/\/blogdoeloiltoncajuhy.com.br\/site\/wp-json\/wp\/v2\/posts\/54326\/revisions\/54329"}],"wp:featuredmedia":[{"embeddable":true,"href":"https:\/\/blogdoeloiltoncajuhy.com.br\/site\/wp-json\/wp\/v2\/media\/54327"}],"wp:attachment":[{"href":"https:\/\/blogdoeloiltoncajuhy.com.br\/site\/wp-json\/wp\/v2\/media?parent=54326"}],"wp:term":[{"taxonomy":"category","embeddable":true,"href":"https:\/\/blogdoeloiltoncajuhy.com.br\/site\/wp-json\/wp\/v2\/categories?post=54326"},{"taxonomy":"post_tag","embeddable":true,"href":"https:\/\/blogdoeloiltoncajuhy.com.br\/site\/wp-json\/wp\/v2\/tags?post=54326"}],"curies":[{"name":"wp","href":"https:\/\/api.w.org\/{rel}","templated":true}]}}