{"id":54321,"date":"2021-02-26T22:00:37","date_gmt":"2021-02-27T01:00:37","guid":{"rendered":"http:\/\/blogdoeloiltoncajuhy.com.br\/site\/?p=54321"},"modified":"2021-02-26T22:00:39","modified_gmt":"2021-02-27T01:00:39","slug":"um-homem-e-morto-e-outro-fica-em-estado-grave-apos-atentado-na-feira-livre-de-itiuba","status":"publish","type":"post","link":"https:\/\/blogdoeloiltoncajuhy.com.br\/site\/um-homem-e-morto-e-outro-fica-em-estado-grave-apos-atentado-na-feira-livre-de-itiuba\/","title":{"rendered":"Um homem \u00e9 morto e outro fica em estado grave ap\u00f3s atentado na feira livre de Iti\u00faba"},"content":{"rendered":"\n<div class=\"wp-block-image\"><figure class=\"aligncenter size-full\"><img data-recalc-dims=\"1\" fetchpriority=\"high\" decoding=\"async\" width=\"599\" height=\"311\" src=\"https:\/\/i0.wp.com\/blogdoeloiltoncajuhy.com.br\/site\/wp-content\/uploads\/2021\/02\/Policia-Noticia-Sirene.jpeg?resize=599%2C311\" alt=\"\" class=\"wp-image-54323\" srcset=\"https:\/\/i0.wp.com\/blogdoeloiltoncajuhy.com.br\/site\/wp-content\/uploads\/2021\/02\/Policia-Noticia-Sirene.jpeg?w=599&amp;ssl=1 599w, https:\/\/i0.wp.com\/blogdoeloiltoncajuhy.com.br\/site\/wp-content\/uploads\/2021\/02\/Policia-Noticia-Sirene.jpeg?resize=300%2C156&amp;ssl=1 300w\" sizes=\"(max-width: 599px) 100vw, 599px\" \/><\/figure><\/div>\n\n\n\n<p>Dois homens foram alvejados por v\u00e1rios tiros a queima roupa, na feira livre de Iti\u00faba, na tarde deste sexta-feira (26). Segundo informa\u00e7\u00f5es, um homem mascarado chegou atirando nos dois rapazes que trabalhavam montando barracas na feira.<\/p>\n\n\n\n<p>As duas vitimas s\u00e3o residentes do Bairro do Alto em Iti\u00faba. Vin\u00edcius veio a \u00f3bito no local e Daniel foi socorrido para o Hospital Municipal de Iti\u00faba e, logo ap\u00f3s, transferido para um hospital em Petrolina.<\/p>\n\n\n\n<p>A Pol\u00edcia investiga o caso.<\/p>\n","protected":false},"excerpt":{"rendered":"<p>Dois homens foram alvejados por v\u00e1rios tiros a queima roupa, na feira livre de Iti\u00faba, na tarde deste sexta-feira (26). Segundo informa\u00e7\u00f5es, um homem mascarado chegou atirando nos dois rapazes que trabalhavam montando barracas na feira. As duas vitimas s\u00e3o residentes do Bairro do Alto em Iti\u00faba. Vin\u00edcius veio a \u00f3bito no local e Daniel [&hellip;]<\/p>\n","protected":false},"author":2,"featured_media":54323,"comment_status":"open","ping_status":"open","sticky":false,"template":"","format":"standard","meta":{"_acf_changed":false,"_monsterinsights_skip_tracking":false,"_monsterinsights_sitenote_active":false,"_monsterinsights_sitenote_note":"","_monsterinsights_sitenote_category":0,"_jetpack_memberships_contains_paid_content":false,"footnotes":"","jetpack_publicize_message":"","jetpack_publicize_feature_enabled":true,"jetpack_social_post_already_shared":true,"jetpack_social_options":{"image_generator_settings":{"template":"highway","default_image_id":0,"font":"","enabled":false},"version":2}},"categories":[15],"tags":[],"class_list":["post-54321","post","type-post","status-publish","format-standard","has-post-thumbnail","hentry","category-policia"],"acf":[],"jetpack_publicize_connections":[],"jetpack_featured_media_url":"https:\/\/i0.wp.com\/blogdoeloiltoncajuhy.com.br\/site\/wp-content\/uploads\/2021\/02\/Policia-Noticia-Sirene.jpeg?fit=599%2C311&ssl=1","jetpack_sharing_enabled":true,"publishpress_future_workflow_manual_trigger":{"enabledWorkflows":[]},"_links":{"self":[{"href":"https:\/\/blogdoeloiltoncajuhy.com.br\/site\/wp-json\/wp\/v2\/posts\/54321","targetHints":{"allow":["GET"]}}],"collection":[{"href":"https:\/\/blogdoeloiltoncajuhy.com.br\/site\/wp-json\/wp\/v2\/posts"}],"about":[{"href":"https:\/\/blogdoeloiltoncajuhy.com.br\/site\/wp-json\/wp\/v2\/types\/post"}],"author":[{"embeddable":true,"href":"https:\/\/blogdoeloiltoncajuhy.com.br\/site\/wp-json\/wp\/v2\/users\/2"}],"replies":[{"embeddable":true,"href":"https:\/\/blogdoeloiltoncajuhy.com.br\/site\/wp-json\/wp\/v2\/comments?post=54321"}],"version-history":[{"count":2,"href":"https:\/\/blogdoeloiltoncajuhy.com.br\/site\/wp-json\/wp\/v2\/posts\/54321\/revisions"}],"predecessor-version":[{"id":54325,"href":"https:\/\/blogdoeloiltoncajuhy.com.br\/site\/wp-json\/wp\/v2\/posts\/54321\/revisions\/54325"}],"wp:featuredmedia":[{"embeddable":true,"href":"https:\/\/blogdoeloiltoncajuhy.com.br\/site\/wp-json\/wp\/v2\/media\/54323"}],"wp:attachment":[{"href":"https:\/\/blogdoeloiltoncajuhy.com.br\/site\/wp-json\/wp\/v2\/media?parent=54321"}],"wp:term":[{"taxonomy":"category","embeddable":true,"href":"https:\/\/blogdoeloiltoncajuhy.com.br\/site\/wp-json\/wp\/v2\/categories?post=54321"},{"taxonomy":"post_tag","embeddable":true,"href":"https:\/\/blogdoeloiltoncajuhy.com.br\/site\/wp-json\/wp\/v2\/tags?post=54321"}],"curies":[{"name":"wp","href":"https:\/\/api.w.org\/{rel}","templated":true}]}}