{"id":54315,"date":"2021-02-26T21:42:18","date_gmt":"2021-02-27T00:42:18","guid":{"rendered":"http:\/\/blogdoeloiltoncajuhy.com.br\/site\/?p=54315"},"modified":"2021-02-26T21:44:13","modified_gmt":"2021-02-27T00:44:13","slug":"bahia-registra-137-mortes-por-covid-19-em-boletim-com-maior-no-de-vitimas-sesab-aponta-aumento-de-casos-graves","status":"publish","type":"post","link":"https:\/\/blogdoeloiltoncajuhy.com.br\/site\/bahia-registra-137-mortes-por-covid-19-em-boletim-com-maior-no-de-vitimas-sesab-aponta-aumento-de-casos-graves\/","title":{"rendered":"Bahia registra 137 mortes por Covid-19 em boletim com maior n\u00ba de v\u00edtimas; Sesab aponta aumento de casos graves"},"content":{"rendered":"\n<h5 class=\"has-text-align-center wp-block-heading\"><em>De acordo com a Secretaria Estadual de Sa\u00fade, 19.838 casos est\u00e3o ativos na Bahia. Taxa de ocupa\u00e7\u00e3o dos leitos de UTI adulto \u00e9 de 82%<\/em><\/h5>\n\n\n\n<div class=\"wp-block-image\"><figure class=\"aligncenter size-large\"><img data-recalc-dims=\"1\" fetchpriority=\"high\" decoding=\"async\" width=\"555\" height=\"369\" src=\"https:\/\/i0.wp.com\/blogdoeloiltoncajuhy.com.br\/site\/wp-content\/uploads\/2021\/02\/Coronavirus-Boletim-Estado.png?resize=555%2C369\" alt=\"\" class=\"wp-image-54267\" srcset=\"https:\/\/i0.wp.com\/blogdoeloiltoncajuhy.com.br\/site\/wp-content\/uploads\/2021\/02\/Coronavirus-Boletim-Estado.png?w=555&amp;ssl=1 555w, https:\/\/i0.wp.com\/blogdoeloiltoncajuhy.com.br\/site\/wp-content\/uploads\/2021\/02\/Coronavirus-Boletim-Estado.png?resize=300%2C199&amp;ssl=1 300w\" sizes=\"(max-width: 555px) 100vw, 555px\" \/><\/figure><\/div>\n\n\n\n<p>Nesta sexta-feira (26) foram registrados 137 \u00f3bitos, o maior n\u00famero desde o in\u00edcio da pandemia, segundo boletim epidemiol\u00f3gico divulgado pela Sesab. Apesar dos \u00f3bitos terem ocorrido em diversas datas, a confirma\u00e7\u00e3o e registro foram contabilizados no boletim desta sexta.<\/p>\n\n\n\n<p>O n\u00famero supera a soma da quinta-feira (25), quando foram contabilizados 100 \u00f3bitos. Segundo a Sesab, o n\u00famero demonstra o crescimento de casos graves, o que tem ampliado a taxa de ocupa\u00e7\u00e3o nas Unidades de Terapia Intensiva (UTI). No total, 11.625 pessoas morreram por causa doen\u00e7a na Bahia, o que representa uma letalidade de 1,72%.<\/p>\n\n\n\n<div class=\"wp-block-image\"><figure class=\"aligncenter size-full is-resized\"><img data-recalc-dims=\"1\" decoding=\"async\" src=\"https:\/\/i0.wp.com\/blogdoeloiltoncajuhy.com.br\/site\/wp-content\/uploads\/2021\/02\/Coronavirus_Tabela-de-obitos-26-02-21.jpeg?resize=738%2C462\" alt=\"\" class=\"wp-image-54318\" width=\"738\" height=\"462\" srcset=\"https:\/\/i0.wp.com\/blogdoeloiltoncajuhy.com.br\/site\/wp-content\/uploads\/2021\/02\/Coronavirus_Tabela-de-obitos-26-02-21.jpeg?w=984&amp;ssl=1 984w, https:\/\/i0.wp.com\/blogdoeloiltoncajuhy.com.br\/site\/wp-content\/uploads\/2021\/02\/Coronavirus_Tabela-de-obitos-26-02-21.jpeg?resize=300%2C188&amp;ssl=1 300w, https:\/\/i0.wp.com\/blogdoeloiltoncajuhy.com.br\/site\/wp-content\/uploads\/2021\/02\/Coronavirus_Tabela-de-obitos-26-02-21.jpeg?resize=768%2C481&amp;ssl=1 768w\" sizes=\"(max-width: 738px) 100vw, 738px\" \/><figcaption><em>Veja a data dos 137 \u00f3bitos registrados no boletim desta sexta (26) \u2014 Foto: Divulga\u00e7\u00e3o \/ Sesab<\/em><\/figcaption><\/figure><\/div>\n\n\n\n<p>De acordo com o boletim, foram registrados 4.563 novos casos de Covid-19 nas \u00faltimas 24h no estado. Com isso, o total de casos na Bahia \u00e9 de 674.384.<\/p>\n\n\n\n<p>Na Bahia, 42.501 profissionais da sa\u00fade foram confirmados para Covid-19.<\/p>\n\n\n\n<p>O boletim informa tamb\u00e9m o n\u00famero de vacinados na Bahia. Segundo a Sesab, 430.630 pessoas foram vacinadas contra a Covid-19, dos quais 96.081 receberam tamb\u00e9m a segunda dose at\u00e9 as 15h de sexta.<\/p>\n","protected":false},"excerpt":{"rendered":"<p>De acordo com a Secretaria Estadual de Sa\u00fade, 19.838 casos est\u00e3o ativos na Bahia. Taxa de ocupa\u00e7\u00e3o dos leitos de UTI adulto \u00e9 de 82% Nesta sexta-feira (26) foram registrados 137 \u00f3bitos, o maior n\u00famero desde o in\u00edcio da pandemia, segundo boletim epidemiol\u00f3gico divulgado pela Sesab. Apesar dos \u00f3bitos terem ocorrido em diversas datas, a [&hellip;]<\/p>\n","protected":false},"author":2,"featured_media":54267,"comment_status":"open","ping_status":"open","sticky":false,"template":"","format":"standard","meta":{"_acf_changed":false,"_monsterinsights_skip_tracking":false,"_monsterinsights_sitenote_active":false,"_monsterinsights_sitenote_note":"","_monsterinsights_sitenote_category":0,"_jetpack_memberships_contains_paid_content":false,"footnotes":"","jetpack_publicize_message":"","jetpack_publicize_feature_enabled":true,"jetpack_social_post_already_shared":true,"jetpack_social_options":{"image_generator_settings":{"template":"highway","default_image_id":0,"font":"","enabled":false},"version":2}},"categories":[7],"tags":[],"class_list":["post-54315","post","type-post","status-publish","format-standard","has-post-thumbnail","hentry","category-saude"],"acf":[],"jetpack_publicize_connections":[],"jetpack_featured_media_url":"https:\/\/i0.wp.com\/blogdoeloiltoncajuhy.com.br\/site\/wp-content\/uploads\/2021\/02\/Coronavirus-Boletim-Estado.png?fit=555%2C369&ssl=1","jetpack_sharing_enabled":true,"publishpress_future_workflow_manual_trigger":{"enabledWorkflows":[]},"_links":{"self":[{"href":"https:\/\/blogdoeloiltoncajuhy.com.br\/site\/wp-json\/wp\/v2\/posts\/54315","targetHints":{"allow":["GET"]}}],"collection":[{"href":"https:\/\/blogdoeloiltoncajuhy.com.br\/site\/wp-json\/wp\/v2\/posts"}],"about":[{"href":"https:\/\/blogdoeloiltoncajuhy.com.br\/site\/wp-json\/wp\/v2\/types\/post"}],"author":[{"embeddable":true,"href":"https:\/\/blogdoeloiltoncajuhy.com.br\/site\/wp-json\/wp\/v2\/users\/2"}],"replies":[{"embeddable":true,"href":"https:\/\/blogdoeloiltoncajuhy.com.br\/site\/wp-json\/wp\/v2\/comments?post=54315"}],"version-history":[{"count":4,"href":"https:\/\/blogdoeloiltoncajuhy.com.br\/site\/wp-json\/wp\/v2\/posts\/54315\/revisions"}],"predecessor-version":[{"id":54320,"href":"https:\/\/blogdoeloiltoncajuhy.com.br\/site\/wp-json\/wp\/v2\/posts\/54315\/revisions\/54320"}],"wp:featuredmedia":[{"embeddable":true,"href":"https:\/\/blogdoeloiltoncajuhy.com.br\/site\/wp-json\/wp\/v2\/media\/54267"}],"wp:attachment":[{"href":"https:\/\/blogdoeloiltoncajuhy.com.br\/site\/wp-json\/wp\/v2\/media?parent=54315"}],"wp:term":[{"taxonomy":"category","embeddable":true,"href":"https:\/\/blogdoeloiltoncajuhy.com.br\/site\/wp-json\/wp\/v2\/categories?post=54315"},{"taxonomy":"post_tag","embeddable":true,"href":"https:\/\/blogdoeloiltoncajuhy.com.br\/site\/wp-json\/wp\/v2\/tags?post=54315"}],"curies":[{"name":"wp","href":"https:\/\/api.w.org\/{rel}","templated":true}]}}