{"id":54312,"date":"2021-02-26T21:13:21","date_gmt":"2021-02-27T00:13:21","guid":{"rendered":"http:\/\/blogdoeloiltoncajuhy.com.br\/site\/?p=54312"},"modified":"2021-02-26T21:13:22","modified_gmt":"2021-02-27T00:13:22","slug":"uneb-em-senhor-do-bonfim-realiza-semana-de-acolhimento-entre-os-dias-1-e-6-de-marco","status":"publish","type":"post","link":"https:\/\/blogdoeloiltoncajuhy.com.br\/site\/uneb-em-senhor-do-bonfim-realiza-semana-de-acolhimento-entre-os-dias-1-e-6-de-marco\/","title":{"rendered":"UNEB em Senhor do Bonfim realiza Semana de Acolhimento entre os dias 1 e 6 de mar\u00e7o"},"content":{"rendered":"\n<div class=\"wp-block-image\"><figure class=\"aligncenter size-large is-resized\"><img data-recalc-dims=\"1\" fetchpriority=\"high\" decoding=\"async\" src=\"https:\/\/i0.wp.com\/blogdoeloiltoncajuhy.com.br\/site\/wp-content\/uploads\/2021\/02\/Uneb_SemanaAcolhimento-2021.jpeg?resize=499%2C623\" alt=\"\" class=\"wp-image-54313\" width=\"499\" height=\"623\" srcset=\"https:\/\/i0.wp.com\/blogdoeloiltoncajuhy.com.br\/site\/wp-content\/uploads\/2021\/02\/Uneb_SemanaAcolhimento-2021.jpeg?resize=819%2C1024&amp;ssl=1 819w, https:\/\/i0.wp.com\/blogdoeloiltoncajuhy.com.br\/site\/wp-content\/uploads\/2021\/02\/Uneb_SemanaAcolhimento-2021.jpeg?resize=240%2C300&amp;ssl=1 240w, https:\/\/i0.wp.com\/blogdoeloiltoncajuhy.com.br\/site\/wp-content\/uploads\/2021\/02\/Uneb_SemanaAcolhimento-2021.jpeg?resize=768%2C960&amp;ssl=1 768w, https:\/\/i0.wp.com\/blogdoeloiltoncajuhy.com.br\/site\/wp-content\/uploads\/2021\/02\/Uneb_SemanaAcolhimento-2021.jpeg?w=1024&amp;ssl=1 1024w\" sizes=\"(max-width: 499px) 100vw, 499px\" \/><\/figure><\/div>\n\n\n\n<p>O Departamento de Educa\u00e7\u00e3o (DEDC), Campus VII da UNEB, realiza entre os dias 1 e 6 de mar\u00e7o, a Semana de Acolhimento para receber os estudantes do semestre letivo especial 2021.1, que acontecer\u00e1 em formato remoto, atrav\u00e9s de media\u00e7\u00e3o tecnol\u00f3gica. As atividades da semana envolvem aula inaugural, mesa redonda, rodas de conversas e oficina que acontecer\u00e3o atrav\u00e9s do canal TV UNEB e canal CAMPUS VII UNEB, ambos no YouTube, e atrav\u00e9s da plataforma Microsoft Teams.<\/p>\n\n\n\n<p>A Semana de Acolhimento que acontece em todos os departamentos da UNEB, na pr\u00f3xima semana, foi pensada pelo Conselho de Ensino, Pesquisa e Extens\u00e3o (CONSEPE) da Universidade em dezembro de 2020, como forma de recepcionar os estudantes calouros e veteranos que v\u00e3o iniciar um semestre letivo diferente do habitual. As atividades prop\u00f5em um espa\u00e7o de acolhida, conversa, debate sobre o momento que vivemos e, sobretudo, um momento de aproxima\u00e7\u00e3o entre a comunidade acad\u00eamica.<\/p>\n\n\n\n<p>A programa\u00e7\u00e3o abordar\u00e1 temas como: o papel da ci\u00eancia em tempos de negacionismo; os impactos da pandemia no Territ\u00f3rio de Identidade do Piemonte Norte do Itapicuru; o cen\u00e1rio da doc\u00eancia; ensino, pesquisa e extens\u00e3o na trajet\u00f3ria acad\u00eamica, dentre outros.<\/p>\n\n\n\n<p><em>\u201cEste momento de acolhimento \u00e9 um espa\u00e7o de trocas, de afetos cuidadosos, de sinaliza\u00e7\u00e3o de esperan\u00e7a, e, sobretudo, de articula\u00e7\u00e3o da universidade com o lugar que tamb\u00e9m nos representa e identifica: a afirma\u00e7\u00e3o da ci\u00eancia e da produ\u00e7\u00e3o cient\u00edfica, do nosso lugar e papel no enfrentamento das mazelas que esse momento pand\u00eamico tem produzido (al\u00e9m das mortes e dos lutos): enfrentamento do negacionismo cient\u00edfico, enfrentamento da nega\u00e7\u00e3o da vacina e de tantas outras narrativas que promovem a ignor\u00e2ncia\u201d<\/em>, destaca a diretora do Campus VII da UNEB, Suzzana Alice Lima.<\/p>\n\n\n\n<p>A diretora tamb\u00e9m exp\u00f5e que o momento do acolhimento est\u00e1 pautando v\u00e1rios debates com a categoria discente. <em>\u201cNossos estudantes tamb\u00e9m ajudam a promover o desenvolvimento da ci\u00eancia na academia. Por isso, estamos trazendo para nossa aula inaugural, o pesquisador e imunologista Gustavo Cabral, ex-aluno do nosso departamento que integra a equipe de cientistas do Instituto do Cora\u00e7\u00e3o (Incor), em S\u00e3o Paulo, que busca desenvolver a vacina brasileira contra o coronav\u00edrus\u201d<\/em>, diz Suzzana.<\/p>\n\n\n\n<p>A Semana de Acolhimento do Campus VII da UNEB foi elaborada pela dire\u00e7\u00e3o, colegiados e movimento estudantil. Confira a programa\u00e7\u00e3o completa nas nossas p\u00e1ginas no Instagram e Facebook @uneb_dedc7_oficial.<\/p>\n","protected":false},"excerpt":{"rendered":"<p>O Departamento de Educa\u00e7\u00e3o (DEDC), Campus VII da UNEB, realiza entre os dias 1 e 6 de mar\u00e7o, a Semana de Acolhimento para receber os estudantes do semestre letivo especial 2021.1, que acontecer\u00e1 em formato remoto, atrav\u00e9s de media\u00e7\u00e3o tecnol\u00f3gica. As atividades da semana envolvem aula inaugural, mesa redonda, rodas de conversas e oficina que [&hellip;]<\/p>\n","protected":false},"author":2,"featured_media":54313,"comment_status":"open","ping_status":"open","sticky":false,"template":"","format":"standard","meta":{"_acf_changed":false,"_monsterinsights_skip_tracking":false,"_monsterinsights_sitenote_active":false,"_monsterinsights_sitenote_note":"","_monsterinsights_sitenote_category":0,"_jetpack_memberships_contains_paid_content":false,"footnotes":"","jetpack_publicize_message":"","jetpack_publicize_feature_enabled":true,"jetpack_social_post_already_shared":true,"jetpack_social_options":{"image_generator_settings":{"template":"highway","default_image_id":0,"font":"","enabled":false},"version":2}},"categories":[4],"tags":[],"class_list":["post-54312","post","type-post","status-publish","format-standard","has-post-thumbnail","hentry","category-local"],"acf":[],"jetpack_publicize_connections":[],"jetpack_featured_media_url":"https:\/\/i0.wp.com\/blogdoeloiltoncajuhy.com.br\/site\/wp-content\/uploads\/2021\/02\/Uneb_SemanaAcolhimento-2021.jpeg?fit=1024%2C1280&ssl=1","jetpack_sharing_enabled":true,"publishpress_future_workflow_manual_trigger":{"enabledWorkflows":[]},"_links":{"self":[{"href":"https:\/\/blogdoeloiltoncajuhy.com.br\/site\/wp-json\/wp\/v2\/posts\/54312","targetHints":{"allow":["GET"]}}],"collection":[{"href":"https:\/\/blogdoeloiltoncajuhy.com.br\/site\/wp-json\/wp\/v2\/posts"}],"about":[{"href":"https:\/\/blogdoeloiltoncajuhy.com.br\/site\/wp-json\/wp\/v2\/types\/post"}],"author":[{"embeddable":true,"href":"https:\/\/blogdoeloiltoncajuhy.com.br\/site\/wp-json\/wp\/v2\/users\/2"}],"replies":[{"embeddable":true,"href":"https:\/\/blogdoeloiltoncajuhy.com.br\/site\/wp-json\/wp\/v2\/comments?post=54312"}],"version-history":[{"count":1,"href":"https:\/\/blogdoeloiltoncajuhy.com.br\/site\/wp-json\/wp\/v2\/posts\/54312\/revisions"}],"predecessor-version":[{"id":54314,"href":"https:\/\/blogdoeloiltoncajuhy.com.br\/site\/wp-json\/wp\/v2\/posts\/54312\/revisions\/54314"}],"wp:featuredmedia":[{"embeddable":true,"href":"https:\/\/blogdoeloiltoncajuhy.com.br\/site\/wp-json\/wp\/v2\/media\/54313"}],"wp:attachment":[{"href":"https:\/\/blogdoeloiltoncajuhy.com.br\/site\/wp-json\/wp\/v2\/media?parent=54312"}],"wp:term":[{"taxonomy":"category","embeddable":true,"href":"https:\/\/blogdoeloiltoncajuhy.com.br\/site\/wp-json\/wp\/v2\/categories?post=54312"},{"taxonomy":"post_tag","embeddable":true,"href":"https:\/\/blogdoeloiltoncajuhy.com.br\/site\/wp-json\/wp\/v2\/tags?post=54312"}],"curies":[{"name":"wp","href":"https:\/\/api.w.org\/{rel}","templated":true}]}}