{"id":54308,"date":"2021-02-26T21:06:12","date_gmt":"2021-02-27T00:06:12","guid":{"rendered":"http:\/\/blogdoeloiltoncajuhy.com.br\/site\/?p=54308"},"modified":"2021-02-26T21:06:46","modified_gmt":"2021-02-27T00:06:46","slug":"andorinha-anuncia-novas-medidas-de-restricao-contra-a-covid-19","status":"publish","type":"post","link":"https:\/\/blogdoeloiltoncajuhy.com.br\/site\/andorinha-anuncia-novas-medidas-de-restricao-contra-a-covid-19\/","title":{"rendered":"Andorinha anuncia novas medidas de restri\u00e7\u00e3o contra a Covid-19"},"content":{"rendered":"\n<div class=\"wp-block-image\"><figure class=\"aligncenter size-full is-resized\"><img data-recalc-dims=\"1\" fetchpriority=\"high\" decoding=\"async\" src=\"https:\/\/i0.wp.com\/blogdoeloiltoncajuhy.com.br\/site\/wp-content\/uploads\/2021\/02\/PMA_NovasMedidasCovid.jpeg?resize=500%2C500\" alt=\"\" class=\"wp-image-54309\" width=\"500\" height=\"500\" srcset=\"https:\/\/i0.wp.com\/blogdoeloiltoncajuhy.com.br\/site\/wp-content\/uploads\/2021\/02\/PMA_NovasMedidasCovid.jpeg?w=1000&amp;ssl=1 1000w, https:\/\/i0.wp.com\/blogdoeloiltoncajuhy.com.br\/site\/wp-content\/uploads\/2021\/02\/PMA_NovasMedidasCovid.jpeg?resize=300%2C300&amp;ssl=1 300w, https:\/\/i0.wp.com\/blogdoeloiltoncajuhy.com.br\/site\/wp-content\/uploads\/2021\/02\/PMA_NovasMedidasCovid.jpeg?resize=150%2C150&amp;ssl=1 150w, https:\/\/i0.wp.com\/blogdoeloiltoncajuhy.com.br\/site\/wp-content\/uploads\/2021\/02\/PMA_NovasMedidasCovid.jpeg?resize=768%2C768&amp;ssl=1 768w\" sizes=\"(max-width: 500px) 100vw, 500px\" \/><\/figure><\/div>\n\n\n\n<p>A Prefeitura de Andorinha, seguindo as orienta\u00e7\u00f5es do novo Decreto anunciado nesta quinta-feira (25) pelo Governador Rui Costa, com o objetivo de conter o avan\u00e7o da Covid-19, informa a todos as novas medidas restritivas.<\/p>\n\n\n\n<p>A partir das 17h desta sexta-feira (26) at\u00e9 \u00e0s 5h de segunda-feira (01), ficam suspensas todas as atividades n\u00e3o essenciais, permanecendo restrita a circula\u00e7\u00e3o de pessoas nas ruas das 20h at\u00e9 \u00e0s 5h, do dia 26 at\u00e9 o dia 1\u00ba de mar\u00e7o.<\/p>\n\n\n\n<p>A partir desta sexta-feira (26), permanecem funcionando as farm\u00e1cias, drogarias e postos de combust\u00edveis.<\/p>\n\n\n\n<p class=\"has-medium-font-size\"><strong>At\u00e9 o dia 01\/03 \u00e0s 5h:<\/strong><\/p>\n\n\n\n<ul class=\"wp-block-list\"><li>Ficam suspensas todas as atividades comerciais n\u00e3o essenciais (com\u00e9rcio de rua, bares e restaurantes);<\/li><\/ul>\n\n\n\n<ul class=\"wp-block-list\"><li>Fica permitido apenas a abertura do comercio essencial nos dias 27 e 28 de fevereiro (mercados, farm\u00e1cias, drogarias, funer\u00e1rias, postos de combust\u00edveis, laborat\u00f3rios e cl\u00ednicas);<\/li><\/ul>\n\n\n\n<ul class=\"wp-block-list\"><li>Delivery poder\u00e1 ocorrer do dia 26 at\u00e9 o dia 01 de mar\u00e7o at\u00e9 meia noite com entrega de alimentos;<\/li><\/ul>\n\n\n\n<ul class=\"wp-block-list\"><li>Proibida a venda de bebidas alco\u00f3licas em qualquer estabelecimento comercial;<\/li><\/ul>\n\n\n\n<ul class=\"wp-block-list\"><li>Eventos religiosos, esportivos, academias e quaisquer outros que promovam aglomera\u00e7\u00f5es est\u00e3o suspensos.<br><\/li><\/ul>\n\n\n\n<p><\/p>\n\n\n\n<p>Pessoas que descumprirem a orienta\u00e7\u00e3o poder\u00e3o ser conduzidas \u00e0 delegacia por crime contra a sa\u00fade p\u00fablica.<\/p>\n","protected":false},"excerpt":{"rendered":"<p>A Prefeitura de Andorinha, seguindo as orienta\u00e7\u00f5es do novo Decreto anunciado nesta quinta-feira (25) pelo Governador Rui Costa, com o objetivo de conter o avan\u00e7o da Covid-19, informa a todos as novas medidas restritivas. A partir das 17h desta sexta-feira (26) at\u00e9 \u00e0s 5h de segunda-feira (01), ficam suspensas todas as atividades n\u00e3o essenciais, permanecendo [&hellip;]<\/p>\n","protected":false},"author":2,"featured_media":54309,"comment_status":"open","ping_status":"open","sticky":false,"template":"","format":"standard","meta":{"_acf_changed":false,"_monsterinsights_skip_tracking":false,"_monsterinsights_sitenote_active":false,"_monsterinsights_sitenote_note":"","_monsterinsights_sitenote_category":0,"_jetpack_memberships_contains_paid_content":false,"footnotes":"","jetpack_publicize_message":"","jetpack_publicize_feature_enabled":true,"jetpack_social_post_already_shared":true,"jetpack_social_options":{"image_generator_settings":{"template":"highway","default_image_id":0,"font":"","enabled":false},"version":2}},"categories":[11],"tags":[],"class_list":["post-54308","post","type-post","status-publish","format-standard","has-post-thumbnail","hentry","category-regional"],"acf":[],"jetpack_publicize_connections":[],"jetpack_featured_media_url":"https:\/\/i0.wp.com\/blogdoeloiltoncajuhy.com.br\/site\/wp-content\/uploads\/2021\/02\/PMA_NovasMedidasCovid.jpeg?fit=1000%2C1000&ssl=1","jetpack_sharing_enabled":true,"publishpress_future_workflow_manual_trigger":{"enabledWorkflows":[]},"_links":{"self":[{"href":"https:\/\/blogdoeloiltoncajuhy.com.br\/site\/wp-json\/wp\/v2\/posts\/54308","targetHints":{"allow":["GET"]}}],"collection":[{"href":"https:\/\/blogdoeloiltoncajuhy.com.br\/site\/wp-json\/wp\/v2\/posts"}],"about":[{"href":"https:\/\/blogdoeloiltoncajuhy.com.br\/site\/wp-json\/wp\/v2\/types\/post"}],"author":[{"embeddable":true,"href":"https:\/\/blogdoeloiltoncajuhy.com.br\/site\/wp-json\/wp\/v2\/users\/2"}],"replies":[{"embeddable":true,"href":"https:\/\/blogdoeloiltoncajuhy.com.br\/site\/wp-json\/wp\/v2\/comments?post=54308"}],"version-history":[{"count":2,"href":"https:\/\/blogdoeloiltoncajuhy.com.br\/site\/wp-json\/wp\/v2\/posts\/54308\/revisions"}],"predecessor-version":[{"id":54311,"href":"https:\/\/blogdoeloiltoncajuhy.com.br\/site\/wp-json\/wp\/v2\/posts\/54308\/revisions\/54311"}],"wp:featuredmedia":[{"embeddable":true,"href":"https:\/\/blogdoeloiltoncajuhy.com.br\/site\/wp-json\/wp\/v2\/media\/54309"}],"wp:attachment":[{"href":"https:\/\/blogdoeloiltoncajuhy.com.br\/site\/wp-json\/wp\/v2\/media?parent=54308"}],"wp:term":[{"taxonomy":"category","embeddable":true,"href":"https:\/\/blogdoeloiltoncajuhy.com.br\/site\/wp-json\/wp\/v2\/categories?post=54308"},{"taxonomy":"post_tag","embeddable":true,"href":"https:\/\/blogdoeloiltoncajuhy.com.br\/site\/wp-json\/wp\/v2\/tags?post=54308"}],"curies":[{"name":"wp","href":"https:\/\/api.w.org\/{rel}","templated":true}]}}