{"id":54300,"date":"2021-02-26T20:24:15","date_gmt":"2021-02-26T23:24:15","guid":{"rendered":"http:\/\/blogdoeloiltoncajuhy.com.br\/site\/?p=54300"},"modified":"2021-02-26T20:26:33","modified_gmt":"2021-02-26T23:26:33","slug":"brasileiro-envia-oficio-a-promotoria-de-justica-de-senhor-do-bonfim-sobre-acusacao-de-funcionarios-fantasmas-em-seu-governo","status":"publish","type":"post","link":"https:\/\/blogdoeloiltoncajuhy.com.br\/site\/brasileiro-envia-oficio-a-promotoria-de-justica-de-senhor-do-bonfim-sobre-acusacao-de-funcionarios-fantasmas-em-seu-governo\/","title":{"rendered":"Brasileiro envia of\u00edcio \u00e0 Promotoria de Justi\u00e7a de Senhor do Bonfim sobre acusa\u00e7\u00e3o de funcion\u00e1rios fantasmas em seu governo"},"content":{"rendered":"\n<div class=\"wp-block-image\"><figure class=\"aligncenter size-large\"><img data-recalc-dims=\"1\" fetchpriority=\"high\" decoding=\"async\" width=\"800\" height=\"533\" src=\"https:\/\/i0.wp.com\/blogdoeloiltoncajuhy.com.br\/site\/wp-content\/uploads\/2021\/02\/Carlos-Brasileiro_Fev-2021.jpg?resize=800%2C533\" alt=\"\" class=\"wp-image-54301\" srcset=\"https:\/\/i0.wp.com\/blogdoeloiltoncajuhy.com.br\/site\/wp-content\/uploads\/2021\/02\/Carlos-Brasileiro_Fev-2021.jpg?resize=1024%2C682&amp;ssl=1 1024w, https:\/\/i0.wp.com\/blogdoeloiltoncajuhy.com.br\/site\/wp-content\/uploads\/2021\/02\/Carlos-Brasileiro_Fev-2021.jpg?resize=300%2C200&amp;ssl=1 300w, https:\/\/i0.wp.com\/blogdoeloiltoncajuhy.com.br\/site\/wp-content\/uploads\/2021\/02\/Carlos-Brasileiro_Fev-2021.jpg?resize=768%2C512&amp;ssl=1 768w, https:\/\/i0.wp.com\/blogdoeloiltoncajuhy.com.br\/site\/wp-content\/uploads\/2021\/02\/Carlos-Brasileiro_Fev-2021.jpg?w=1280&amp;ssl=1 1280w\" sizes=\"(max-width: 800px) 100vw, 800px\" \/><figcaption><em>Reprodu\u00e7\u00e3o \/ Facebook<\/em><\/figcaption><\/figure><\/div>\n\n\n\n<p>O ex-prefeito de Senhor do Bonfim, Carlos Brasileiro, encaminhou nesta sexta-feira (26), \u00e0 5\u00aa Promotoria de Justi\u00e7a de Senhor do Bonfim, um of\u00edcio solicitando provid\u00eancias do Minist\u00e9rio P\u00fablico da Bahia (MP-BA), para que apure den\u00fancias de membros do atual governo, divulgadas por alguns setores da imprensa local, de que haviam funcion\u00e1rios fantasmas em seu governo.<\/p>\n\n\n\n<p>No documento, Brasileiro afirma que durante as tr\u00eas  gest\u00f5es em que foi prefeito do munic\u00edpio, os direitos \u00e0s licen\u00e7as estabelecidos pelo Estatuto dos Servidores P\u00fablicos do Munic\u00edpio de Senhor do Bonfim (Lei n\u00b0 905\/2003) foram concedidos dentro da legalidade, sendo realizados, ainda, de um a dois recadastramentos de servidores a cada gest\u00e3o, com a finalidade de apurar e corrigir eventuais ac\u00famulos indevidos de cargos p\u00fablicos e outras irregularidades funcionais.<\/p>\n\n\n\n<p>Com isso, o ex-prefeito solicita da Promotoria de Justi\u00e7a que, considerando que a manifesta\u00e7\u00e3o do atual governo em entrevistas de r\u00e1dio, pode induzir a popula\u00e7\u00e3o a acreditar que houve irregularidades em sua gest\u00e3o, que o atual prefeito, no mais breve prazo poss\u00edvel, apresente a referida \u201cden\u00fancia\u201d para esclarecimento da verdade.<\/p>\n\n\n\n<p>A 5\u00aa Promotoria de Justi\u00e7a de Senhor do Bonfim enviou ao ex-prefeito protocolo de recebimento da documenta\u00e7\u00e3o e informou que o caso ser\u00e1 apreciado pela promotor respons\u00e1vel.<\/p>\n\n\n\n<div class=\"wp-block-file alignleft\"><a href=\"http:\/\/blogdoeloiltoncajuhy.com.br\/site\/wp-content\/uploads\/2021\/02\/Oficio-no-001.2021-Ministerio-Publico-5PJ.pdf\" target=\"_blank\" rel=\"noreferrer noopener\">Oficio-no-001.2021-Ministerio-Publico-5PJ<\/a><a href=\"http:\/\/blogdoeloiltoncajuhy.com.br\/site\/wp-content\/uploads\/2021\/02\/Oficio-no-001.2021-Ministerio-Publico-5PJ.pdf\" class=\"wp-block-file__button\" download>Baixar<\/a><\/div>\n\n\n\n<div class=\"wp-block-file alignleft\"><a href=\"http:\/\/blogdoeloiltoncajuhy.com.br\/site\/wp-content\/uploads\/2021\/02\/Protocolo-Oficio-no-001.2021.pdf\" target=\"_blank\" rel=\"noreferrer noopener\">Protocolo-Oficio-no-001.2021<\/a><a href=\"http:\/\/blogdoeloiltoncajuhy.com.br\/site\/wp-content\/uploads\/2021\/02\/Protocolo-Oficio-no-001.2021.pdf\" class=\"wp-block-file__button\" download>Baixar<\/a><\/div>\n","protected":false},"excerpt":{"rendered":"<p>O ex-prefeito de Senhor do Bonfim, Carlos Brasileiro, encaminhou nesta sexta-feira (26), \u00e0 5\u00aa Promotoria de Justi\u00e7a de Senhor do Bonfim, um of\u00edcio solicitando provid\u00eancias do Minist\u00e9rio P\u00fablico da Bahia (MP-BA), para que apure den\u00fancias de membros do atual governo, divulgadas por alguns setores da imprensa local, de que haviam funcion\u00e1rios fantasmas em seu governo. [&hellip;]<\/p>\n","protected":false},"author":2,"featured_media":54302,"comment_status":"open","ping_status":"open","sticky":false,"template":"","format":"standard","meta":{"_acf_changed":false,"_monsterinsights_skip_tracking":false,"_monsterinsights_sitenote_active":false,"_monsterinsights_sitenote_note":"","_monsterinsights_sitenote_category":0,"_jetpack_memberships_contains_paid_content":false,"footnotes":"","jetpack_publicize_message":"","jetpack_publicize_feature_enabled":true,"jetpack_social_post_already_shared":true,"jetpack_social_options":{"image_generator_settings":{"template":"highway","default_image_id":0,"font":"","enabled":false},"version":2}},"categories":[3],"tags":[],"class_list":["post-54300","post","type-post","status-publish","format-standard","has-post-thumbnail","hentry","category-politica"],"acf":[],"jetpack_publicize_connections":[],"jetpack_featured_media_url":"https:\/\/i0.wp.com\/blogdoeloiltoncajuhy.com.br\/site\/wp-content\/uploads\/2021\/02\/Carlos-Brasileiro_Fev-2021-02.jpg?fit=1068%2C712&ssl=1","jetpack_sharing_enabled":true,"publishpress_future_workflow_manual_trigger":{"enabledWorkflows":[]},"_links":{"self":[{"href":"https:\/\/blogdoeloiltoncajuhy.com.br\/site\/wp-json\/wp\/v2\/posts\/54300","targetHints":{"allow":["GET"]}}],"collection":[{"href":"https:\/\/blogdoeloiltoncajuhy.com.br\/site\/wp-json\/wp\/v2\/posts"}],"about":[{"href":"https:\/\/blogdoeloiltoncajuhy.com.br\/site\/wp-json\/wp\/v2\/types\/post"}],"author":[{"embeddable":true,"href":"https:\/\/blogdoeloiltoncajuhy.com.br\/site\/wp-json\/wp\/v2\/users\/2"}],"replies":[{"embeddable":true,"href":"https:\/\/blogdoeloiltoncajuhy.com.br\/site\/wp-json\/wp\/v2\/comments?post=54300"}],"version-history":[{"count":3,"href":"https:\/\/blogdoeloiltoncajuhy.com.br\/site\/wp-json\/wp\/v2\/posts\/54300\/revisions"}],"predecessor-version":[{"id":54307,"href":"https:\/\/blogdoeloiltoncajuhy.com.br\/site\/wp-json\/wp\/v2\/posts\/54300\/revisions\/54307"}],"wp:featuredmedia":[{"embeddable":true,"href":"https:\/\/blogdoeloiltoncajuhy.com.br\/site\/wp-json\/wp\/v2\/media\/54302"}],"wp:attachment":[{"href":"https:\/\/blogdoeloiltoncajuhy.com.br\/site\/wp-json\/wp\/v2\/media?parent=54300"}],"wp:term":[{"taxonomy":"category","embeddable":true,"href":"https:\/\/blogdoeloiltoncajuhy.com.br\/site\/wp-json\/wp\/v2\/categories?post=54300"},{"taxonomy":"post_tag","embeddable":true,"href":"https:\/\/blogdoeloiltoncajuhy.com.br\/site\/wp-json\/wp\/v2\/tags?post=54300"}],"curies":[{"name":"wp","href":"https:\/\/api.w.org\/{rel}","templated":true}]}}