{"id":54293,"date":"2021-02-26T10:53:29","date_gmt":"2021-02-26T13:53:29","guid":{"rendered":"http:\/\/blogdoeloiltoncajuhy.com.br\/site\/?p=54293"},"modified":"2021-02-26T10:53:30","modified_gmt":"2021-02-26T13:53:30","slug":"cantor-neto-lx-e-preso-em-ilheus-com-carro-roubado-essa-nao-e-a-primeira-vez-que-o-artista-se-envolve-em-confusao","status":"publish","type":"post","link":"https:\/\/blogdoeloiltoncajuhy.com.br\/site\/cantor-neto-lx-e-preso-em-ilheus-com-carro-roubado-essa-nao-e-a-primeira-vez-que-o-artista-se-envolve-em-confusao\/","title":{"rendered":"Cantor Neto LX \u00e9 preso em Ilh\u00e9us com carro roubado; essa n\u00e3o \u00e9 a primeira vez que o artista se envolve em confus\u00e3o"},"content":{"rendered":"\n<div class=\"wp-block-image\"><figure class=\"aligncenter size-large\"><img data-recalc-dims=\"1\" fetchpriority=\"high\" decoding=\"async\" width=\"800\" height=\"498\" src=\"https:\/\/i0.wp.com\/blogdoeloiltoncajuhy.com.br\/site\/wp-content\/uploads\/2021\/02\/Neto-LX.jpg?resize=800%2C498\" alt=\"\" class=\"wp-image-54294\" srcset=\"https:\/\/i0.wp.com\/blogdoeloiltoncajuhy.com.br\/site\/wp-content\/uploads\/2021\/02\/Neto-LX.jpg?w=940&amp;ssl=1 940w, https:\/\/i0.wp.com\/blogdoeloiltoncajuhy.com.br\/site\/wp-content\/uploads\/2021\/02\/Neto-LX.jpg?resize=300%2C187&amp;ssl=1 300w, https:\/\/i0.wp.com\/blogdoeloiltoncajuhy.com.br\/site\/wp-content\/uploads\/2021\/02\/Neto-LX.jpg?resize=768%2C478&amp;ssl=1 768w\" sizes=\"(max-width: 800px) 100vw, 800px\" \/><\/figure><\/div>\n\n\n\n<p>A policia de Ilh\u00e9us, sul da Bahia, apreendeu nesta quinta-feira, 25, em poder do cantor Neto LX, um ve\u00edculo da marca Jeep que foi roubado em Belo Horizonte, Minas Gerais. O carro foi roubado em 2020 e estava com o chassi adulterado. O ve\u00edculo, que era dirigido pelo cantor, foi encaminhado \u00e0 delegacia da 7\u00aa Coorpin, sendo liberado em seguida. O cantor informou que o carro era alugado.<\/p>\n\n\n\n<p><strong>ANTECEDENTES<\/strong> \u2013 Em 2018 o artista j\u00e1 havia se envolvido em uma situa\u00e7\u00e3o policial. Naquela ocasi\u00e3o Neto LX foi conduzido para a delegacia de Itabuna, no Sul do estado, depois de ser flagrado com maconha e ecstasy.<\/p>\n\n\n\n<p>O artista ficou conhecido depois do sucesso da m\u00fasica Gordinho Gostoso, em 2015. A assessoria do cantor informou que as drogas n\u00e3o pertencem a ele e que Neto foi levado para a unidade policial apenas para prestar esclarecimentos.<\/p>\n\n\n\n<p>Segundo a Pol\u00edcia Civil, o cantor estava com dois homens dentro de um carro quando foi flagrado por policiais militares. Os tr\u00eas foram conduzidos para a delegacia, onde assinaram um Termo Circunstanciado e foram liberados.<\/p>\n\n\n\n<p>Em 2016, nova treta envolvendo Neto LX. Sumido dos palcos e da m\u00eddia, o artista teria contra\u00eddo uma d\u00edvida com o dono de um im\u00f3vel localizado em Villas do Atl\u00e2ntico, onde morava. O locador Robson Silva relatou que o cantor, que fechou contrato, nominalmente, de 30 meses em julho de 2015, abandonara o im\u00f3vel h\u00e1 cerca de duas semanas.<\/p>\n\n\n\n<p>Pior, deixou um aluguel sem pagar, outro corrente, em aberto, j\u00e1 que n\u00e3o fez distrato e sequer procurou algum respons\u00e1vel pelo im\u00f3vel. Al\u00e9m disso, deixou contas de \u00e1gua e luz em aberto, segundo Silva. Cada aluguel custava R$ 3.350.<\/p>\n\n\n\n<p><strong>QUEM \u00c9<\/strong> \u2013 Neto nasceu em Ilh\u00e9us, onde viveu at\u00e9 os 18 anos. Aos 12, ganhou o primeiro instrumento, um cavaquinho, presente da m\u00e3e, Edna, para incentivar seu talento musical. Quando completou a maioridade, ele se mudou para Itabuna, e 3 anos depois, chegou em Feira de Santana, onde formou a banda Lux\u00faria, dando in\u00edcio a carreira profissional. Foi o in\u00edcio da ostenta\u00e7\u00e3o, marca registrada do artista. | <em>com informa\u00e7\u00f5es do Vermelhinho.<\/em><\/p>\n","protected":false},"excerpt":{"rendered":"<p>A policia de Ilh\u00e9us, sul da Bahia, apreendeu nesta quinta-feira, 25, em poder do cantor Neto LX, um ve\u00edculo da marca Jeep que foi roubado em Belo Horizonte, Minas Gerais. O carro foi roubado em 2020 e estava com o chassi adulterado. O ve\u00edculo, que era dirigido pelo cantor, foi encaminhado \u00e0 delegacia da 7\u00aa [&hellip;]<\/p>\n","protected":false},"author":2,"featured_media":54294,"comment_status":"open","ping_status":"open","sticky":false,"template":"","format":"standard","meta":{"_acf_changed":false,"_monsterinsights_skip_tracking":false,"_monsterinsights_sitenote_active":false,"_monsterinsights_sitenote_note":"","_monsterinsights_sitenote_category":0,"_jetpack_memberships_contains_paid_content":false,"footnotes":"","jetpack_publicize_message":"","jetpack_publicize_feature_enabled":true,"jetpack_social_post_already_shared":true,"jetpack_social_options":{"image_generator_settings":{"template":"highway","default_image_id":0,"font":"","enabled":false},"version":2}},"categories":[15],"tags":[],"class_list":["post-54293","post","type-post","status-publish","format-standard","has-post-thumbnail","hentry","category-policia"],"acf":[],"jetpack_publicize_connections":[],"jetpack_featured_media_url":"https:\/\/i0.wp.com\/blogdoeloiltoncajuhy.com.br\/site\/wp-content\/uploads\/2021\/02\/Neto-LX.jpg?fit=940%2C585&ssl=1","jetpack_sharing_enabled":true,"publishpress_future_workflow_manual_trigger":{"enabledWorkflows":[]},"_links":{"self":[{"href":"https:\/\/blogdoeloiltoncajuhy.com.br\/site\/wp-json\/wp\/v2\/posts\/54293","targetHints":{"allow":["GET"]}}],"collection":[{"href":"https:\/\/blogdoeloiltoncajuhy.com.br\/site\/wp-json\/wp\/v2\/posts"}],"about":[{"href":"https:\/\/blogdoeloiltoncajuhy.com.br\/site\/wp-json\/wp\/v2\/types\/post"}],"author":[{"embeddable":true,"href":"https:\/\/blogdoeloiltoncajuhy.com.br\/site\/wp-json\/wp\/v2\/users\/2"}],"replies":[{"embeddable":true,"href":"https:\/\/blogdoeloiltoncajuhy.com.br\/site\/wp-json\/wp\/v2\/comments?post=54293"}],"version-history":[{"count":2,"href":"https:\/\/blogdoeloiltoncajuhy.com.br\/site\/wp-json\/wp\/v2\/posts\/54293\/revisions"}],"predecessor-version":[{"id":54296,"href":"https:\/\/blogdoeloiltoncajuhy.com.br\/site\/wp-json\/wp\/v2\/posts\/54293\/revisions\/54296"}],"wp:featuredmedia":[{"embeddable":true,"href":"https:\/\/blogdoeloiltoncajuhy.com.br\/site\/wp-json\/wp\/v2\/media\/54294"}],"wp:attachment":[{"href":"https:\/\/blogdoeloiltoncajuhy.com.br\/site\/wp-json\/wp\/v2\/media?parent=54293"}],"wp:term":[{"taxonomy":"category","embeddable":true,"href":"https:\/\/blogdoeloiltoncajuhy.com.br\/site\/wp-json\/wp\/v2\/categories?post=54293"},{"taxonomy":"post_tag","embeddable":true,"href":"https:\/\/blogdoeloiltoncajuhy.com.br\/site\/wp-json\/wp\/v2\/tags?post=54293"}],"curies":[{"name":"wp","href":"https:\/\/api.w.org\/{rel}","templated":true}]}}