{"id":54266,"date":"2021-02-25T20:18:28","date_gmt":"2021-02-25T23:18:28","guid":{"rendered":"http:\/\/blogdoeloiltoncajuhy.com.br\/site\/?p=54266"},"modified":"2021-02-25T20:18:30","modified_gmt":"2021-02-25T23:18:30","slug":"boletim-epidemiologico-registra-100-obitos-por-covid-19-e-mais-de-19-mil-casos-ativos-da-doenca","status":"publish","type":"post","link":"https:\/\/blogdoeloiltoncajuhy.com.br\/site\/boletim-epidemiologico-registra-100-obitos-por-covid-19-e-mais-de-19-mil-casos-ativos-da-doenca\/","title":{"rendered":"Boletim epidemiol\u00f3gico registra 100 \u00f3bitos por Covid-19 e mais de 19 mil casos ativos da doen\u00e7a"},"content":{"rendered":"\n<div class=\"wp-block-image\"><figure class=\"aligncenter size-full\"><img data-recalc-dims=\"1\" fetchpriority=\"high\" decoding=\"async\" width=\"555\" height=\"369\" src=\"https:\/\/i0.wp.com\/blogdoeloiltoncajuhy.com.br\/site\/wp-content\/uploads\/2021\/02\/Coronavirus-Boletim-Estado.png?resize=555%2C369\" alt=\"\" class=\"wp-image-54267\" srcset=\"https:\/\/i0.wp.com\/blogdoeloiltoncajuhy.com.br\/site\/wp-content\/uploads\/2021\/02\/Coronavirus-Boletim-Estado.png?w=555&amp;ssl=1 555w, https:\/\/i0.wp.com\/blogdoeloiltoncajuhy.com.br\/site\/wp-content\/uploads\/2021\/02\/Coronavirus-Boletim-Estado.png?resize=300%2C199&amp;ssl=1 300w\" sizes=\"(max-width: 555px) 100vw, 555px\" \/><\/figure><\/div>\n\n\n\n<p>Nesta quinta-feira (25) foram registrados 100 \u00f3bitos, o maior n\u00famero desde o in\u00edcio da pandemia em um boletim epidemiol\u00f3gico sobre a Covid-19. Apesar dos \u00f3bitos terem ocorrido em diversas datas, a confirma\u00e7\u00e3o e registro foram contabilizados hoje. Esse n\u00famero supera o ocorrido em 24 de agosto, quando foram contabilizados 77 \u00f3bitos. O n\u00famero de hoje demonstra o crescimento de casos graves, o que tem ampliado a taxa de ocupa\u00e7\u00e3o nas UTIs.<\/p>\n\n\n\n<p>A exist\u00eancia de registros tardios e\/ou ac\u00famulo de casos deve-se a sobrecarga das equipes de investiga\u00e7\u00e3o, pois h\u00e1 doen\u00e7as de notifica\u00e7\u00e3o compuls\u00f3ria para al\u00e9m da Covid-19. Outro motivo \u00e9 o aprofundamento das investiga\u00e7\u00f5es epidemiol\u00f3gicas por parte das vigil\u00e2ncias municipais e estadual a fim de evitar distor\u00e7\u00f5es ou equ\u00edvocos, como desconsiderar a causa do \u00f3bito um traumatismo craniano ou um c\u00e2ncer em est\u00e1gio terminal, ainda que a pessoa esteja infectada pelo coronav\u00edrus.<\/p>\n\n\n\n<div class=\"wp-block-image\"><figure class=\"aligncenter size-full is-resized\"><img data-recalc-dims=\"1\" decoding=\"async\" src=\"https:\/\/i0.wp.com\/blogdoeloiltoncajuhy.com.br\/site\/wp-content\/uploads\/2021\/02\/Coronavirus_Tabela-de-obitos-25-02-21.jpeg?resize=800%2C332\" alt=\"\" class=\"wp-image-54268\" width=\"800\" height=\"332\" srcset=\"https:\/\/i0.wp.com\/blogdoeloiltoncajuhy.com.br\/site\/wp-content\/uploads\/2021\/02\/Coronavirus_Tabela-de-obitos-25-02-21.jpeg?w=875&amp;ssl=1 875w, https:\/\/i0.wp.com\/blogdoeloiltoncajuhy.com.br\/site\/wp-content\/uploads\/2021\/02\/Coronavirus_Tabela-de-obitos-25-02-21.jpeg?resize=300%2C124&amp;ssl=1 300w, https:\/\/i0.wp.com\/blogdoeloiltoncajuhy.com.br\/site\/wp-content\/uploads\/2021\/02\/Coronavirus_Tabela-de-obitos-25-02-21.jpeg?resize=768%2C319&amp;ssl=1 768w\" sizes=\"(max-width: 800px) 100vw, 800px\" \/><\/figure><\/div>\n\n\n\n<p>O n\u00famero total de \u00f3bitos por Covid-19 na Bahia desde o in\u00edcio da pandemia \u00e9 de 11.488, representando uma letalidade de 1,72%. Dentre os \u00f3bitos, 56,71% ocorreram no sexo masculino e 43,29% no sexo feminino.<\/p>\n\n\n\n<p>Na Bahia, nas \u00faltimas 24 horas, foram registrados 4.917 casos de Covid-19 (taxa de crescimento de +0,7%) e 4.021 recuperados (+0,6%). Dos 669.821 casos confirmados desde o in\u00edcio da pandemia, 639.286 j\u00e1 s\u00e3o considerados recuperados e 19.047 encontram-se ativos.<\/p>\n\n\n\n<p>O boletim epidemiol\u00f3gico contabiliza ainda 1.028.342 casos descartados e 156.845 em investiga\u00e7\u00e3o. Estes dados representam notifica\u00e7\u00f5es oficiais compiladas pelo Centro de Informa\u00e7\u00f5es Estrat\u00e9gicas em Vigil\u00e2ncia em Sa\u00fade da Bahia (Cievs-BA), em conjunto com as vigil\u00e2ncias municipais e as bases de dados do Minist\u00e9rio da Sa\u00fade at\u00e9 as 17 horas desta quinta-feira (25). Na Bahia, 42.375 profissionais da sa\u00fade foram confirmados para Covid-19. Para acessar o boletim completo, clique aqui ou acesse o Business Intelligence.<\/p>\n\n\n\n<p class=\"has-black-color has-text-color has-medium-font-size\"><strong>Vacina\u00e7\u00e3o<\/strong><\/p>\n\n\n\n<p>Com 422.792 vacinados contra o coronav\u00edrus (Covid-19), dos quais 88.873 receberam tamb\u00e9m a segunda dose, at\u00e9 as 15 horas desta quarta, a Bahia \u00e9 um dos estados do Pa\u00eds com o maior n\u00famero de imunizados. A Secretaria da Sa\u00fade do Estado da Bahia (Sesab) realiza o contato di\u00e1rio com as equipes de cada munic\u00edpio a fim de aferir o quantitativo de doses aplicadas e disponibiliza as informa\u00e7\u00f5es detalhadas no painel <a href=\"https:\/\/bi.saude.ba.gov.br\/vacinacao\/\" target=\"_blank\" rel=\"noreferrer noopener\">https:\/\/bi.saude.ba.gov.br\/vacinacao\/<\/a>.<\/p>\n\n\n\n<figure class=\"wp-block-embed-youtube wp-block-embed is-type-video is-provider-youtube wp-embed-aspect-16-9 wp-has-aspect-ratio\"><div class=\"wp-block-embed__wrapper\">\n<iframe title=\"Boletim epidemiol\u00f3gico registra 100 \u00f3bitos por Covid-19 e mais de 19 mil casos ativos da doen\u00e7a\" width=\"800\" height=\"450\" src=\"https:\/\/www.youtube.com\/embed\/PeR4SQyD_QQ?feature=oembed\" frameborder=\"0\" allow=\"accelerometer; autoplay; clipboard-write; encrypted-media; gyroscope; picture-in-picture\" allowfullscreen><\/iframe>\n<\/div><\/figure>\n","protected":false},"excerpt":{"rendered":"<p>Nesta quinta-feira (25) foram registrados 100 \u00f3bitos, o maior n\u00famero desde o in\u00edcio da pandemia em um boletim epidemiol\u00f3gico sobre a Covid-19. Apesar dos \u00f3bitos terem ocorrido em diversas datas, a confirma\u00e7\u00e3o e registro foram contabilizados hoje. Esse n\u00famero supera o ocorrido em 24 de agosto, quando foram contabilizados 77 \u00f3bitos. O n\u00famero de hoje [&hellip;]<\/p>\n","protected":false},"author":2,"featured_media":54267,"comment_status":"open","ping_status":"open","sticky":false,"template":"","format":"standard","meta":{"_acf_changed":false,"_monsterinsights_skip_tracking":false,"_monsterinsights_sitenote_active":false,"_monsterinsights_sitenote_note":"","_monsterinsights_sitenote_category":0,"_jetpack_memberships_contains_paid_content":false,"footnotes":"","jetpack_publicize_message":"","jetpack_publicize_feature_enabled":true,"jetpack_social_post_already_shared":true,"jetpack_social_options":{"image_generator_settings":{"template":"highway","default_image_id":0,"font":"","enabled":false},"version":2}},"categories":[7],"tags":[],"class_list":["post-54266","post","type-post","status-publish","format-standard","has-post-thumbnail","hentry","category-saude"],"acf":[],"jetpack_publicize_connections":[],"jetpack_featured_media_url":"https:\/\/i0.wp.com\/blogdoeloiltoncajuhy.com.br\/site\/wp-content\/uploads\/2021\/02\/Coronavirus-Boletim-Estado.png?fit=555%2C369&ssl=1","jetpack_sharing_enabled":true,"publishpress_future_workflow_manual_trigger":{"enabledWorkflows":[]},"_links":{"self":[{"href":"https:\/\/blogdoeloiltoncajuhy.com.br\/site\/wp-json\/wp\/v2\/posts\/54266","targetHints":{"allow":["GET"]}}],"collection":[{"href":"https:\/\/blogdoeloiltoncajuhy.com.br\/site\/wp-json\/wp\/v2\/posts"}],"about":[{"href":"https:\/\/blogdoeloiltoncajuhy.com.br\/site\/wp-json\/wp\/v2\/types\/post"}],"author":[{"embeddable":true,"href":"https:\/\/blogdoeloiltoncajuhy.com.br\/site\/wp-json\/wp\/v2\/users\/2"}],"replies":[{"embeddable":true,"href":"https:\/\/blogdoeloiltoncajuhy.com.br\/site\/wp-json\/wp\/v2\/comments?post=54266"}],"version-history":[{"count":2,"href":"https:\/\/blogdoeloiltoncajuhy.com.br\/site\/wp-json\/wp\/v2\/posts\/54266\/revisions"}],"predecessor-version":[{"id":54270,"href":"https:\/\/blogdoeloiltoncajuhy.com.br\/site\/wp-json\/wp\/v2\/posts\/54266\/revisions\/54270"}],"wp:featuredmedia":[{"embeddable":true,"href":"https:\/\/blogdoeloiltoncajuhy.com.br\/site\/wp-json\/wp\/v2\/media\/54267"}],"wp:attachment":[{"href":"https:\/\/blogdoeloiltoncajuhy.com.br\/site\/wp-json\/wp\/v2\/media?parent=54266"}],"wp:term":[{"taxonomy":"category","embeddable":true,"href":"https:\/\/blogdoeloiltoncajuhy.com.br\/site\/wp-json\/wp\/v2\/categories?post=54266"},{"taxonomy":"post_tag","embeddable":true,"href":"https:\/\/blogdoeloiltoncajuhy.com.br\/site\/wp-json\/wp\/v2\/tags?post=54266"}],"curies":[{"name":"wp","href":"https:\/\/api.w.org\/{rel}","templated":true}]}}