{"id":54261,"date":"2021-02-25T12:02:23","date_gmt":"2021-02-25T15:02:23","guid":{"rendered":"http:\/\/blogdoeloiltoncajuhy.com.br\/site\/?p=54261"},"modified":"2021-02-25T12:02:24","modified_gmt":"2021-02-25T15:02:24","slug":"perigo-na-estrada-prf-flagra-carro-transitando-na-rodovia-com-mudanca-no-teto-e-lotacao-excedente","status":"publish","type":"post","link":"https:\/\/blogdoeloiltoncajuhy.com.br\/site\/perigo-na-estrada-prf-flagra-carro-transitando-na-rodovia-com-mudanca-no-teto-e-lotacao-excedente\/","title":{"rendered":"Perigo na estrada: PRF flagra carro transitando na rodovia com mudan\u00e7a no teto e lota\u00e7\u00e3o excedente"},"content":{"rendered":"\n<h5 class=\"has-text-align-center wp-block-heading\"><em>O motorista relatou que saiu de S\u00e3o Paulo e seguia para o estado de Pernambuco<\/em><\/h5>\n\n\n\n<div class=\"wp-block-image\"><figure class=\"aligncenter size-full is-resized\"><img data-recalc-dims=\"1\" fetchpriority=\"high\" decoding=\"async\" src=\"https:\/\/i0.wp.com\/blogdoeloiltoncajuhy.com.br\/site\/wp-content\/uploads\/2021\/02\/PRF_VeiculoExcedente_01.jpeg?resize=576%2C432\" alt=\"\" class=\"wp-image-54262\" width=\"576\" height=\"432\" srcset=\"https:\/\/i0.wp.com\/blogdoeloiltoncajuhy.com.br\/site\/wp-content\/uploads\/2021\/02\/PRF_VeiculoExcedente_01.jpeg?w=768&amp;ssl=1 768w, https:\/\/i0.wp.com\/blogdoeloiltoncajuhy.com.br\/site\/wp-content\/uploads\/2021\/02\/PRF_VeiculoExcedente_01.jpeg?resize=300%2C225&amp;ssl=1 300w\" sizes=\"(max-width: 576px) 100vw, 576px\" \/><\/figure><\/div>\n\n\n\n<p>Policiais rodovi\u00e1rios federais flagraram uma situa\u00e7\u00e3o perigosa na tarde desta quarta-feira (24), durante fiscaliza\u00e7\u00e3o em frente a unidade policial da PRF, em Paulo Afonso (BA).<\/p>\n\n\n\n<p>Os PRFs fiscalizavam a rodovia quando visualizaram um VW\/Quantum transportando uma carga, no teto do carro, excedendo as dimens\u00f5es.<\/p>\n\n\n\n<p>Durante os procedimentos de abordagem, a equipe tamb\u00e9m flagrou que o ve\u00edculo estava com lota\u00e7\u00e3o excedente, pois transportava seis pessoas em um carro com capacidade para cinco. Dentro do ve\u00edculo, os passageiros se amontoavam entre as caixas e roupas da mudan\u00e7a. Al\u00e9m disso, o condutor estava com a CNH vencida.<\/p>\n\n\n\n<p>Diante das infra\u00e7\u00f5es de tr\u00e2nsito apresentadas, os PRFs emitiram as notifica\u00e7\u00f5es prevista no C\u00f3digo de Tr\u00e2nsito Brasileiro (CTB), quais sejam:<\/p>\n\n\n\n<p>\u2022 Dirigir o ve\u00edculo com validade da Carteira Nacional de Habilita\u00e7\u00e3o vencida h\u00e1 mais de trinta dias (inciso V, art. 162);<br>\u2022 Conduzir o ve\u00edculo com lota\u00e7\u00e3o excedente (inciso VII, art. 231);<br>\u2022 Transportar em ve\u00edculo destinado ao transporte de passageiros carga excedente em desacordo com o estabelecido no art. 109 e Resolu\u00e7\u00e3o 349\/2010 do Contran (art. 248)<\/p>\n\n\n\n<p>Diante do cen\u00e1rio apresentado no ve\u00edculo foram aplicadas as multas que juntas somaram R$ 618,86 e geraram 16 pontos na CNH do motorista.<\/p>\n\n\n\n<p>Ap\u00f3s regulariza\u00e7\u00e3o a fam\u00edlia pode prosseguir viagem. Todos foram alertados que a situa\u00e7\u00e3o imprudente estava pondo em risco a vida dos pr\u00f3prios ocupantes do carro e dos demais usu\u00e1rios da rodovia.<\/p>\n\n\n\n<p>A PRF alerta que segue com o policiamento ostensivo e patrulhamento preventivo para coibir condutores agindo com imprud\u00eancia, falta de cuidado e desrespeito \u00e0s Leis de Tr\u00e2nsito, com foco principal de garantir a seguran\u00e7a vi\u00e1ria dos usu\u00e1rios que utilizam as estradas federais da Bahia.<\/p>\n\n\n\n<p>Para informa\u00e7\u00f5es, den\u00fancias, comunica\u00e7\u00e3o de crimes e acidentes a PRF disp\u00f5e do n\u00famero de emerg\u00eancia 191. A liga\u00e7\u00e3o \u00e9 gratuita e atende 24 horas em qualquer parte do Pa\u00eds.<\/p>\n\n\n\n<div class=\"wp-block-image\"><figure class=\"aligncenter size-large is-resized\"><img data-recalc-dims=\"1\" decoding=\"async\" src=\"https:\/\/i0.wp.com\/blogdoeloiltoncajuhy.com.br\/site\/wp-content\/uploads\/2021\/02\/PRF_VeiculoExcedente_02.jpeg?resize=768%2C431\" alt=\"\" class=\"wp-image-54263\" width=\"768\" height=\"431\" srcset=\"https:\/\/i0.wp.com\/blogdoeloiltoncajuhy.com.br\/site\/wp-content\/uploads\/2021\/02\/PRF_VeiculoExcedente_02.jpeg?resize=1024%2C575&amp;ssl=1 1024w, https:\/\/i0.wp.com\/blogdoeloiltoncajuhy.com.br\/site\/wp-content\/uploads\/2021\/02\/PRF_VeiculoExcedente_02.jpeg?resize=300%2C169&amp;ssl=1 300w, https:\/\/i0.wp.com\/blogdoeloiltoncajuhy.com.br\/site\/wp-content\/uploads\/2021\/02\/PRF_VeiculoExcedente_02.jpeg?resize=768%2C431&amp;ssl=1 768w, https:\/\/i0.wp.com\/blogdoeloiltoncajuhy.com.br\/site\/wp-content\/uploads\/2021\/02\/PRF_VeiculoExcedente_02.jpeg?w=1280&amp;ssl=1 1280w\" sizes=\"(max-width: 768px) 100vw, 768px\" \/><\/figure><\/div>\n","protected":false},"excerpt":{"rendered":"<p>O motorista relatou que saiu de S\u00e3o Paulo e seguia para o estado de Pernambuco Policiais rodovi\u00e1rios federais flagraram uma situa\u00e7\u00e3o perigosa na tarde desta quarta-feira (24), durante fiscaliza\u00e7\u00e3o em frente a unidade policial da PRF, em Paulo Afonso (BA). Os PRFs fiscalizavam a rodovia quando visualizaram um VW\/Quantum transportando uma carga, no teto do [&hellip;]<\/p>\n","protected":false},"author":2,"featured_media":54262,"comment_status":"open","ping_status":"open","sticky":false,"template":"","format":"standard","meta":{"_acf_changed":false,"_monsterinsights_skip_tracking":false,"_monsterinsights_sitenote_active":false,"_monsterinsights_sitenote_note":"","_monsterinsights_sitenote_category":0,"_jetpack_memberships_contains_paid_content":false,"footnotes":"","jetpack_publicize_message":"","jetpack_publicize_feature_enabled":true,"jetpack_social_post_already_shared":true,"jetpack_social_options":{"image_generator_settings":{"template":"highway","default_image_id":0,"font":"","enabled":false},"version":2}},"categories":[15],"tags":[],"class_list":["post-54261","post","type-post","status-publish","format-standard","has-post-thumbnail","hentry","category-policia"],"acf":[],"jetpack_publicize_connections":[],"jetpack_featured_media_url":"https:\/\/i0.wp.com\/blogdoeloiltoncajuhy.com.br\/site\/wp-content\/uploads\/2021\/02\/PRF_VeiculoExcedente_01.jpeg?fit=768%2C576&ssl=1","jetpack_sharing_enabled":true,"publishpress_future_workflow_manual_trigger":{"enabledWorkflows":[]},"_links":{"self":[{"href":"https:\/\/blogdoeloiltoncajuhy.com.br\/site\/wp-json\/wp\/v2\/posts\/54261","targetHints":{"allow":["GET"]}}],"collection":[{"href":"https:\/\/blogdoeloiltoncajuhy.com.br\/site\/wp-json\/wp\/v2\/posts"}],"about":[{"href":"https:\/\/blogdoeloiltoncajuhy.com.br\/site\/wp-json\/wp\/v2\/types\/post"}],"author":[{"embeddable":true,"href":"https:\/\/blogdoeloiltoncajuhy.com.br\/site\/wp-json\/wp\/v2\/users\/2"}],"replies":[{"embeddable":true,"href":"https:\/\/blogdoeloiltoncajuhy.com.br\/site\/wp-json\/wp\/v2\/comments?post=54261"}],"version-history":[{"count":2,"href":"https:\/\/blogdoeloiltoncajuhy.com.br\/site\/wp-json\/wp\/v2\/posts\/54261\/revisions"}],"predecessor-version":[{"id":54265,"href":"https:\/\/blogdoeloiltoncajuhy.com.br\/site\/wp-json\/wp\/v2\/posts\/54261\/revisions\/54265"}],"wp:featuredmedia":[{"embeddable":true,"href":"https:\/\/blogdoeloiltoncajuhy.com.br\/site\/wp-json\/wp\/v2\/media\/54262"}],"wp:attachment":[{"href":"https:\/\/blogdoeloiltoncajuhy.com.br\/site\/wp-json\/wp\/v2\/media?parent=54261"}],"wp:term":[{"taxonomy":"category","embeddable":true,"href":"https:\/\/blogdoeloiltoncajuhy.com.br\/site\/wp-json\/wp\/v2\/categories?post=54261"},{"taxonomy":"post_tag","embeddable":true,"href":"https:\/\/blogdoeloiltoncajuhy.com.br\/site\/wp-json\/wp\/v2\/tags?post=54261"}],"curies":[{"name":"wp","href":"https:\/\/api.w.org\/{rel}","templated":true}]}}