{"id":54257,"date":"2021-02-25T11:52:22","date_gmt":"2021-02-25T14:52:22","guid":{"rendered":"http:\/\/blogdoeloiltoncajuhy.com.br\/site\/?p=54257"},"modified":"2021-02-25T11:52:23","modified_gmt":"2021-02-25T14:52:23","slug":"com-covid-19-secretario-de-saude-da-bahia-volta-para-uti","status":"publish","type":"post","link":"https:\/\/blogdoeloiltoncajuhy.com.br\/site\/com-covid-19-secretario-de-saude-da-bahia-volta-para-uti\/","title":{"rendered":"Com Covid-19, secret\u00e1rio de Sa\u00fade da Bahia volta para UTI"},"content":{"rendered":"\n<h5 class=\"has-text-align-center wp-block-heading\"><em>Segundo nota divulgada pela Sesab, F\u00e1bio Vilas-Boas segue est\u00e1vel, sem febre e com oxig\u00eanio em baixo fluxo. Transfer\u00eancia para UTI ocorreu a fim de proporcionar fisioterapia respirat\u00f3ria mais intensa<\/em><\/h5>\n\n\n\n<div class=\"wp-block-image\"><figure class=\"aligncenter size-full is-resized\"><img data-recalc-dims=\"1\" fetchpriority=\"high\" decoding=\"async\" src=\"https:\/\/i0.wp.com\/blogdoeloiltoncajuhy.com.br\/site\/wp-content\/uploads\/2021\/02\/fabio-vilas-boas-UTI.jpg?resize=738%2C446\" alt=\"\" class=\"wp-image-54258\" width=\"738\" height=\"446\" srcset=\"https:\/\/i0.wp.com\/blogdoeloiltoncajuhy.com.br\/site\/wp-content\/uploads\/2021\/02\/fabio-vilas-boas-UTI.jpg?w=984&amp;ssl=1 984w, https:\/\/i0.wp.com\/blogdoeloiltoncajuhy.com.br\/site\/wp-content\/uploads\/2021\/02\/fabio-vilas-boas-UTI.jpg?resize=300%2C181&amp;ssl=1 300w, https:\/\/i0.wp.com\/blogdoeloiltoncajuhy.com.br\/site\/wp-content\/uploads\/2021\/02\/fabio-vilas-boas-UTI.jpg?resize=768%2C464&amp;ssl=1 768w\" sizes=\"(max-width: 738px) 100vw, 738px\" \/><figcaption><em>F\u00e1bio Vilas-Boas voltou para a UTI do Hospital Alian\u00e7a \u2014 Foto: Reprodu\u00e7\u00e3o\/TV Bahia<\/em><\/figcaption><\/figure><\/div>\n\n\n\n<p>O secret\u00e1rio da Sa\u00fade da Bahia, F\u00e1bio Vilas-Boas, que desde a \u00faltima sexta-feira (19) est\u00e1 internado com Covid-19, voltou para a Unidade de Terapia Intensiva (UTI) do Hospital Alian\u00e7a, nesta quinta-feira (25). Na noite de segunda (22), ele j\u00e1 havia sido levado para a UTI, mas voltou para o quarto na ter\u00e7a (23).<\/p>\n\n\n\n<p>Atrav\u00e9s de nota, a Secretaria de Sa\u00fade do Estado da Bahia (Sesab) informou que Vilas-Boas segue est\u00e1vel, sem febre, com oxig\u00eanio em baixo fluxo.<\/p>\n\n\n\n<p>A Sesab destacou que a transfer\u00eancia do secret\u00e1rio para a UTI foi feita com a finalidade proporcionar fisioterapia respirat\u00f3ria mais intensa. Ele permanece em uso de medicamentos e ainda n\u00e3o h\u00e1 previs\u00e3o de alta.<\/p>\n\n\n\n<p>Ele est\u00e1 sendo assistido pelo pneumologista S\u00e9rgio Jezler e pelo infectologista Roberto Badar\u00f3.<\/p>\n\n\n\n<p>Vilas-Boas testou positivo para o coronav\u00edrus no dia 16 e foi internado no dia 19. No dia 18, ele informou que fez uma tomografia de t\u00f3rax e que 25% dos pulm\u00f5es est\u00e3o sendo acometidos por m\u00faltiplas \u00e1reas de pneumonia.<\/p>\n","protected":false},"excerpt":{"rendered":"<p>Segundo nota divulgada pela Sesab, F\u00e1bio Vilas-Boas segue est\u00e1vel, sem febre e com oxig\u00eanio em baixo fluxo. Transfer\u00eancia para UTI ocorreu a fim de proporcionar fisioterapia respirat\u00f3ria mais intensa O secret\u00e1rio da Sa\u00fade da Bahia, F\u00e1bio Vilas-Boas, que desde a \u00faltima sexta-feira (19) est\u00e1 internado com Covid-19, voltou para a Unidade de Terapia Intensiva (UTI) [&hellip;]<\/p>\n","protected":false},"author":2,"featured_media":54258,"comment_status":"open","ping_status":"open","sticky":false,"template":"","format":"standard","meta":{"_acf_changed":false,"_monsterinsights_skip_tracking":false,"_monsterinsights_sitenote_active":false,"_monsterinsights_sitenote_note":"","_monsterinsights_sitenote_category":0,"_jetpack_memberships_contains_paid_content":false,"footnotes":"","jetpack_publicize_message":"","jetpack_publicize_feature_enabled":true,"jetpack_social_post_already_shared":true,"jetpack_social_options":{"image_generator_settings":{"template":"highway","default_image_id":0,"font":"","enabled":false},"version":2}},"categories":[7],"tags":[],"class_list":["post-54257","post","type-post","status-publish","format-standard","has-post-thumbnail","hentry","category-saude"],"acf":[],"jetpack_publicize_connections":[],"jetpack_featured_media_url":"https:\/\/i0.wp.com\/blogdoeloiltoncajuhy.com.br\/site\/wp-content\/uploads\/2021\/02\/fabio-vilas-boas-UTI.jpg?fit=984%2C594&ssl=1","jetpack_sharing_enabled":true,"publishpress_future_workflow_manual_trigger":{"enabledWorkflows":[]},"_links":{"self":[{"href":"https:\/\/blogdoeloiltoncajuhy.com.br\/site\/wp-json\/wp\/v2\/posts\/54257","targetHints":{"allow":["GET"]}}],"collection":[{"href":"https:\/\/blogdoeloiltoncajuhy.com.br\/site\/wp-json\/wp\/v2\/posts"}],"about":[{"href":"https:\/\/blogdoeloiltoncajuhy.com.br\/site\/wp-json\/wp\/v2\/types\/post"}],"author":[{"embeddable":true,"href":"https:\/\/blogdoeloiltoncajuhy.com.br\/site\/wp-json\/wp\/v2\/users\/2"}],"replies":[{"embeddable":true,"href":"https:\/\/blogdoeloiltoncajuhy.com.br\/site\/wp-json\/wp\/v2\/comments?post=54257"}],"version-history":[{"count":2,"href":"https:\/\/blogdoeloiltoncajuhy.com.br\/site\/wp-json\/wp\/v2\/posts\/54257\/revisions"}],"predecessor-version":[{"id":54260,"href":"https:\/\/blogdoeloiltoncajuhy.com.br\/site\/wp-json\/wp\/v2\/posts\/54257\/revisions\/54260"}],"wp:featuredmedia":[{"embeddable":true,"href":"https:\/\/blogdoeloiltoncajuhy.com.br\/site\/wp-json\/wp\/v2\/media\/54258"}],"wp:attachment":[{"href":"https:\/\/blogdoeloiltoncajuhy.com.br\/site\/wp-json\/wp\/v2\/media?parent=54257"}],"wp:term":[{"taxonomy":"category","embeddable":true,"href":"https:\/\/blogdoeloiltoncajuhy.com.br\/site\/wp-json\/wp\/v2\/categories?post=54257"},{"taxonomy":"post_tag","embeddable":true,"href":"https:\/\/blogdoeloiltoncajuhy.com.br\/site\/wp-json\/wp\/v2\/tags?post=54257"}],"curies":[{"name":"wp","href":"https:\/\/api.w.org\/{rel}","templated":true}]}}