{"id":54248,"date":"2021-02-24T21:54:58","date_gmt":"2021-02-25T00:54:58","guid":{"rendered":"http:\/\/blogdoeloiltoncajuhy.com.br\/site\/?p=54248"},"modified":"2021-02-24T21:58:01","modified_gmt":"2021-02-25T00:58:01","slug":"diocese-de-bonfim-suspende-celebracoes-e-atividades-religiosas-comunitarias-por-causa-da-pandemia-da-covid-19","status":"publish","type":"post","link":"https:\/\/blogdoeloiltoncajuhy.com.br\/site\/diocese-de-bonfim-suspende-celebracoes-e-atividades-religiosas-comunitarias-por-causa-da-pandemia-da-covid-19\/","title":{"rendered":"Diocese de Bonfim suspende celebra\u00e7\u00f5es e atividades religiosas comunit\u00e1rias por causa da pandemia da Covid-19"},"content":{"rendered":"\n<div class=\"wp-block-image\"><figure class=\"aligncenter size-large is-resized\"><img data-recalc-dims=\"1\" fetchpriority=\"high\" decoding=\"async\" src=\"https:\/\/i0.wp.com\/blogdoeloiltoncajuhy.com.br\/site\/wp-content\/uploads\/2021\/02\/Diocese-de-Bonfim_Decreto-diocesano.png?resize=512%2C512\" alt=\"\" class=\"wp-image-54251\" width=\"512\" height=\"512\" srcset=\"https:\/\/i0.wp.com\/blogdoeloiltoncajuhy.com.br\/site\/wp-content\/uploads\/2021\/02\/Diocese-de-Bonfim_Decreto-diocesano.png?resize=1024%2C1024&amp;ssl=1 1024w, https:\/\/i0.wp.com\/blogdoeloiltoncajuhy.com.br\/site\/wp-content\/uploads\/2021\/02\/Diocese-de-Bonfim_Decreto-diocesano.png?resize=300%2C300&amp;ssl=1 300w, https:\/\/i0.wp.com\/blogdoeloiltoncajuhy.com.br\/site\/wp-content\/uploads\/2021\/02\/Diocese-de-Bonfim_Decreto-diocesano.png?resize=150%2C150&amp;ssl=1 150w, https:\/\/i0.wp.com\/blogdoeloiltoncajuhy.com.br\/site\/wp-content\/uploads\/2021\/02\/Diocese-de-Bonfim_Decreto-diocesano.png?resize=768%2C768&amp;ssl=1 768w, https:\/\/i0.wp.com\/blogdoeloiltoncajuhy.com.br\/site\/wp-content\/uploads\/2021\/02\/Diocese-de-Bonfim_Decreto-diocesano.png?w=1080&amp;ssl=1 1080w\" sizes=\"(max-width: 512px) 100vw, 512px\" \/><\/figure><\/div>\n\n\n\n<p>Nesta quarta-feira (24) a chancelaria da Diocese de Bonfim publicou o decreto N\u00ba 04\/2021, no qual, considerando as determina\u00e7\u00f5es do Governo do Estado da Bahia, suspende as celebra\u00e7\u00f5es dos sacramentos e atividades religiosas com participa\u00e7\u00e3o comunit\u00e1ria de fi\u00e9is at\u00e9 o dia 28 de fevereiro ou enquanto estiver em vigor o decreto estadual.<\/p>\n\n\n\n<p class=\"has-black-color has-text-color has-medium-font-size\"><strong>Decreto Estadual<\/strong><\/p>\n\n\n\n<p>O Decreto N\u00ba 20.240 do Governo do Estado da Bahia, publicado no \u00faltimo s\u00e1bado (20), suspende todos os eventos e atividades religiosas, independentemente do n\u00famero de participantes, entre os dias 22 e 28 de fevereiro. Essa, entre outras medidas, visam intensificar o enfrentamento ao novo Coronav\u00edrus.<\/p>\n\n\n\n<p class=\"has-black-color has-text-color has-medium-font-size\"><strong>Diocese de Bonfim<\/strong><\/p>\n\n\n\n<p>Desde o in\u00edcio da pandemia da Covid-19, a Diocese de Bonfim tem adotado medidas respons\u00e1veis para conter a dissemina\u00e7\u00e3o do coronav\u00edrus. Neste sentido, a Diocese adere mais uma vez \u00e0s indica\u00e7\u00f5es das autoridades civis e suspende a realiza\u00e7\u00e3o das celebra\u00e7\u00f5es de sacramentos e demais atividades religiosas em todo o territ\u00f3rio diocesano, at\u00e9 o dia 28 de fevereiro ou enquanto perdurar o decreto estadual.<\/p>\n\n\n\n<p>Com o decreto, mesmo as celebra\u00e7\u00f5es dominicais n\u00e3o poder\u00e3o contar com a participa\u00e7\u00e3o presencial dos fi\u00e9is, devendo ser celebradas de modo privado pelos presb\u00edteros e transmitidas pelos meios de comunica\u00e7\u00e3o.<\/p>\n\n\n\n<p>Os fi\u00e9is, no entanto, podem realizar suas ora\u00e7\u00f5es pessoais nas igrejas, que permanecer\u00e3o abertas para visita\u00e7\u00e3o individual.<\/p>\n\n\n\n<p>Realizando mais este sacrif\u00edcio, sinal de responsabilidade e cuidado com a vida humana, o Bispo Diocesano e os membros do Conselho Presbiteral orientam os fi\u00e9is a participarem das celebra\u00e7\u00f5es pelos canais de comunica\u00e7\u00e3o das respectivas par\u00f3quias, bem como a ora\u00e7\u00e3o em fam\u00edlia, suplicando a Deus pelo fim da pandemia.<\/p>\n","protected":false},"excerpt":{"rendered":"<p>Nesta quarta-feira (24) a chancelaria da Diocese de Bonfim publicou o decreto N\u00ba 04\/2021, no qual, considerando as determina\u00e7\u00f5es do Governo do Estado da Bahia, suspende as celebra\u00e7\u00f5es dos sacramentos e atividades religiosas com participa\u00e7\u00e3o comunit\u00e1ria de fi\u00e9is at\u00e9 o dia 28 de fevereiro ou enquanto estiver em vigor o decreto estadual. Decreto Estadual O [&hellip;]<\/p>\n","protected":false},"author":2,"featured_media":54251,"comment_status":"open","ping_status":"open","sticky":false,"template":"","format":"standard","meta":{"_acf_changed":false,"_monsterinsights_skip_tracking":false,"_monsterinsights_sitenote_active":false,"_monsterinsights_sitenote_note":"","_monsterinsights_sitenote_category":0,"_jetpack_memberships_contains_paid_content":false,"footnotes":"","jetpack_publicize_message":"","jetpack_publicize_feature_enabled":true,"jetpack_social_post_already_shared":true,"jetpack_social_options":{"image_generator_settings":{"template":"highway","default_image_id":0,"font":"","enabled":false},"version":2}},"categories":[4],"tags":[],"class_list":["post-54248","post","type-post","status-publish","format-standard","has-post-thumbnail","hentry","category-local"],"acf":[],"jetpack_publicize_connections":[],"jetpack_featured_media_url":"https:\/\/i0.wp.com\/blogdoeloiltoncajuhy.com.br\/site\/wp-content\/uploads\/2021\/02\/Diocese-de-Bonfim_Decreto-diocesano.png?fit=1080%2C1080&ssl=1","jetpack_sharing_enabled":true,"publishpress_future_workflow_manual_trigger":{"enabledWorkflows":[]},"_links":{"self":[{"href":"https:\/\/blogdoeloiltoncajuhy.com.br\/site\/wp-json\/wp\/v2\/posts\/54248","targetHints":{"allow":["GET"]}}],"collection":[{"href":"https:\/\/blogdoeloiltoncajuhy.com.br\/site\/wp-json\/wp\/v2\/posts"}],"about":[{"href":"https:\/\/blogdoeloiltoncajuhy.com.br\/site\/wp-json\/wp\/v2\/types\/post"}],"author":[{"embeddable":true,"href":"https:\/\/blogdoeloiltoncajuhy.com.br\/site\/wp-json\/wp\/v2\/users\/2"}],"replies":[{"embeddable":true,"href":"https:\/\/blogdoeloiltoncajuhy.com.br\/site\/wp-json\/wp\/v2\/comments?post=54248"}],"version-history":[{"count":4,"href":"https:\/\/blogdoeloiltoncajuhy.com.br\/site\/wp-json\/wp\/v2\/posts\/54248\/revisions"}],"predecessor-version":[{"id":54253,"href":"https:\/\/blogdoeloiltoncajuhy.com.br\/site\/wp-json\/wp\/v2\/posts\/54248\/revisions\/54253"}],"wp:featuredmedia":[{"embeddable":true,"href":"https:\/\/blogdoeloiltoncajuhy.com.br\/site\/wp-json\/wp\/v2\/media\/54251"}],"wp:attachment":[{"href":"https:\/\/blogdoeloiltoncajuhy.com.br\/site\/wp-json\/wp\/v2\/media?parent=54248"}],"wp:term":[{"taxonomy":"category","embeddable":true,"href":"https:\/\/blogdoeloiltoncajuhy.com.br\/site\/wp-json\/wp\/v2\/categories?post=54248"},{"taxonomy":"post_tag","embeddable":true,"href":"https:\/\/blogdoeloiltoncajuhy.com.br\/site\/wp-json\/wp\/v2\/tags?post=54248"}],"curies":[{"name":"wp","href":"https:\/\/api.w.org\/{rel}","templated":true}]}}