{"id":54237,"date":"2021-02-24T21:08:15","date_gmt":"2021-02-25T00:08:15","guid":{"rendered":"http:\/\/blogdoeloiltoncajuhy.com.br\/site\/?p=54237"},"modified":"2021-02-24T21:08:17","modified_gmt":"2021-02-25T00:08:17","slug":"prefeitura-de-andorinha-recebe-trator-agricola-para-o-municipio","status":"publish","type":"post","link":"https:\/\/blogdoeloiltoncajuhy.com.br\/site\/prefeitura-de-andorinha-recebe-trator-agricola-para-o-municipio\/","title":{"rendered":"Prefeitura de Andorinha recebe trator agr\u00edcola para o munic\u00edpio"},"content":{"rendered":"\n<div class=\"wp-block-image\"><figure class=\"aligncenter size-large\"><img data-recalc-dims=\"1\" fetchpriority=\"high\" decoding=\"async\" width=\"800\" height=\"598\" src=\"https:\/\/i0.wp.com\/blogdoeloiltoncajuhy.com.br\/site\/wp-content\/uploads\/2021\/02\/PMA_TratorSaoJoao.jpeg?resize=800%2C598\" alt=\"\" class=\"wp-image-54238\" srcset=\"https:\/\/i0.wp.com\/blogdoeloiltoncajuhy.com.br\/site\/wp-content\/uploads\/2021\/02\/PMA_TratorSaoJoao.jpeg?resize=1024%2C766&amp;ssl=1 1024w, https:\/\/i0.wp.com\/blogdoeloiltoncajuhy.com.br\/site\/wp-content\/uploads\/2021\/02\/PMA_TratorSaoJoao.jpeg?resize=300%2C225&amp;ssl=1 300w, https:\/\/i0.wp.com\/blogdoeloiltoncajuhy.com.br\/site\/wp-content\/uploads\/2021\/02\/PMA_TratorSaoJoao.jpeg?resize=768%2C575&amp;ssl=1 768w, https:\/\/i0.wp.com\/blogdoeloiltoncajuhy.com.br\/site\/wp-content\/uploads\/2021\/02\/PMA_TratorSaoJoao.jpeg?w=1280&amp;ssl=1 1280w\" sizes=\"(max-width: 800px) 100vw, 800px\" \/><\/figure><\/div>\n\n\n\n<p>O prefeito Renato Brand\u00e3o participou nesta quarta-feira, 24, da cerim\u00f4nia de entrega de um trator agr\u00edcola, atrav\u00e9s da Secretaria de Agricultura da Bahia (Seagri), que ser\u00e1 destinado a Associa\u00e7\u00e3o de Moradores da Fazenda S\u00e3o Jo\u00e3o, munic\u00edpio de Andorinha.<\/p>\n\n\n\n<p>Setenta e dois munic\u00edpios do estado foram contemplados com m\u00e1quinas agr\u00edcolas, entre eles, o munic\u00edpio de Andorinha, que recebeu um trator atrav\u00e9s de emenda parlamentar do deputado estadual, Euclides Fernandes, por meio do programa Bahia Produtiva.<\/p>\n\n\n\n<p><em>\u201c\u00c9 um motivo de muita alegria receber este trator que com certeza fortalecer\u00e1 a produ\u00e7\u00e3o agr\u00edcola do munic\u00edpio de Andorinha, estimulando ainda mais o crescimento da economia. Aproveito para agradecer ao deputado estadual Euclides Fernandes e ao Governador Rui Costa por todo o apoio\u201d<\/em>, afirmou Renato Brand\u00e3o.<\/p>\n\n\n\n<p>Al\u00e9m do prefeito, estiveram presentes no evento o presidente da Associa\u00e7\u00e3o da Fazenda S\u00e3o Jo\u00e3o, Davi Fernandes; o deputado estadual, Euclides Fernandes; o diretor geral da Seagri, Euman Fernandes, e a equipe da secretaria.<\/p>\n","protected":false},"excerpt":{"rendered":"<p>O prefeito Renato Brand\u00e3o participou nesta quarta-feira, 24, da cerim\u00f4nia de entrega de um trator agr\u00edcola, atrav\u00e9s da Secretaria de Agricultura da Bahia (Seagri), que ser\u00e1 destinado a Associa\u00e7\u00e3o de Moradores da Fazenda S\u00e3o Jo\u00e3o, munic\u00edpio de Andorinha. Setenta e dois munic\u00edpios do estado foram contemplados com m\u00e1quinas agr\u00edcolas, entre eles, o munic\u00edpio de Andorinha, [&hellip;]<\/p>\n","protected":false},"author":2,"featured_media":54238,"comment_status":"open","ping_status":"open","sticky":false,"template":"","format":"standard","meta":{"_acf_changed":false,"_monsterinsights_skip_tracking":false,"_monsterinsights_sitenote_active":false,"_monsterinsights_sitenote_note":"","_monsterinsights_sitenote_category":0,"_jetpack_memberships_contains_paid_content":false,"footnotes":"","jetpack_publicize_message":"","jetpack_publicize_feature_enabled":true,"jetpack_social_post_already_shared":true,"jetpack_social_options":{"image_generator_settings":{"template":"highway","default_image_id":0,"font":"","enabled":false},"version":2}},"categories":[11],"tags":[],"class_list":["post-54237","post","type-post","status-publish","format-standard","has-post-thumbnail","hentry","category-regional"],"acf":[],"jetpack_publicize_connections":[],"jetpack_featured_media_url":"https:\/\/i0.wp.com\/blogdoeloiltoncajuhy.com.br\/site\/wp-content\/uploads\/2021\/02\/PMA_TratorSaoJoao.jpeg?fit=1280%2C958&ssl=1","jetpack_sharing_enabled":true,"publishpress_future_workflow_manual_trigger":{"enabledWorkflows":[]},"_links":{"self":[{"href":"https:\/\/blogdoeloiltoncajuhy.com.br\/site\/wp-json\/wp\/v2\/posts\/54237","targetHints":{"allow":["GET"]}}],"collection":[{"href":"https:\/\/blogdoeloiltoncajuhy.com.br\/site\/wp-json\/wp\/v2\/posts"}],"about":[{"href":"https:\/\/blogdoeloiltoncajuhy.com.br\/site\/wp-json\/wp\/v2\/types\/post"}],"author":[{"embeddable":true,"href":"https:\/\/blogdoeloiltoncajuhy.com.br\/site\/wp-json\/wp\/v2\/users\/2"}],"replies":[{"embeddable":true,"href":"https:\/\/blogdoeloiltoncajuhy.com.br\/site\/wp-json\/wp\/v2\/comments?post=54237"}],"version-history":[{"count":2,"href":"https:\/\/blogdoeloiltoncajuhy.com.br\/site\/wp-json\/wp\/v2\/posts\/54237\/revisions"}],"predecessor-version":[{"id":54240,"href":"https:\/\/blogdoeloiltoncajuhy.com.br\/site\/wp-json\/wp\/v2\/posts\/54237\/revisions\/54240"}],"wp:featuredmedia":[{"embeddable":true,"href":"https:\/\/blogdoeloiltoncajuhy.com.br\/site\/wp-json\/wp\/v2\/media\/54238"}],"wp:attachment":[{"href":"https:\/\/blogdoeloiltoncajuhy.com.br\/site\/wp-json\/wp\/v2\/media?parent=54237"}],"wp:term":[{"taxonomy":"category","embeddable":true,"href":"https:\/\/blogdoeloiltoncajuhy.com.br\/site\/wp-json\/wp\/v2\/categories?post=54237"},{"taxonomy":"post_tag","embeddable":true,"href":"https:\/\/blogdoeloiltoncajuhy.com.br\/site\/wp-json\/wp\/v2\/tags?post=54237"}],"curies":[{"name":"wp","href":"https:\/\/api.w.org\/{rel}","templated":true}]}}