{"id":54225,"date":"2021-02-24T07:38:59","date_gmt":"2021-02-24T10:38:59","guid":{"rendered":"http:\/\/blogdoeloiltoncajuhy.com.br\/site\/?p=54225"},"modified":"2021-02-24T07:39:00","modified_gmt":"2021-02-24T10:39:00","slug":"secretaria-de-educacao-de-andorinha-inicia-matriculas-para-a-educacao-de-jovens-e-adultos-eja","status":"publish","type":"post","link":"https:\/\/blogdoeloiltoncajuhy.com.br\/site\/secretaria-de-educacao-de-andorinha-inicia-matriculas-para-a-educacao-de-jovens-e-adultos-eja\/","title":{"rendered":"Secretaria de Educa\u00e7\u00e3o de Andorinha inicia matr\u00edculas para a Educa\u00e7\u00e3o de Jovens e Adultos (EJA)"},"content":{"rendered":"\n<div class=\"wp-block-image\"><figure class=\"aligncenter size-large is-resized\"><img data-recalc-dims=\"1\" fetchpriority=\"high\" decoding=\"async\" src=\"https:\/\/i0.wp.com\/blogdoeloiltoncajuhy.com.br\/site\/wp-content\/uploads\/2021\/02\/PMA_Matriculas-EJA-2021.jpeg?resize=490%2C589\" alt=\"\" class=\"wp-image-54226\" width=\"490\" height=\"589\" srcset=\"https:\/\/i0.wp.com\/blogdoeloiltoncajuhy.com.br\/site\/wp-content\/uploads\/2021\/02\/PMA_Matriculas-EJA-2021.jpeg?w=800&amp;ssl=1 800w, https:\/\/i0.wp.com\/blogdoeloiltoncajuhy.com.br\/site\/wp-content\/uploads\/2021\/02\/PMA_Matriculas-EJA-2021.jpeg?resize=250%2C300&amp;ssl=1 250w, https:\/\/i0.wp.com\/blogdoeloiltoncajuhy.com.br\/site\/wp-content\/uploads\/2021\/02\/PMA_Matriculas-EJA-2021.jpeg?resize=768%2C922&amp;ssl=1 768w\" sizes=\"(max-width: 490px) 100vw, 490px\" \/><\/figure><\/div>\n\n\n\n<p>A Prefeitura de Andorinha, atrav\u00e9s da Secretaria Municipal de Educa\u00e7\u00e3o, informa que j\u00e1 est\u00e3o abertas as matr\u00edculas para a Educa\u00e7\u00e3o de Jovens e Adultos (EJA). Jovens, Adultos e Idosos que n\u00e3o conclu\u00edram seus estudos e t\u00eam interesse em retomar a sua forma\u00e7\u00e3o, dever\u00e3o procurar a secretaria at\u00e9 o dia 26 de fevereiro, com a seguinte documenta\u00e7\u00e3o:<\/p>\n\n\n\n<ul class=\"wp-block-list\"><li>Original de hist\u00f3rico escolar ou atestado de escolaridade;<br><\/li><\/ul>\n\n\n\n<ul class=\"wp-block-list\"><li>Original e c\u00f3pia da certid\u00e3o de registro civil ou c\u00e9dula de identidade para fins de confer\u00eancia;<br><\/li><\/ul>\n\n\n\n<ul class=\"wp-block-list\"><li>Original e c\u00f3pia do comprovante de resid\u00eancia;<br><\/li><\/ul>\n\n\n\n<ul class=\"wp-block-list\"><li>Duas fotos 3&#215;4 recentes.<br><\/li><\/ul>\n\n\n\n<p>A secret\u00e1ria de Educa\u00e7\u00e3o, Lurdineia Almeida Guimar\u00e3es, deixou seu incentivo ao p\u00fablico interessado. <em>\u201cA Educa\u00e7\u00e3o de Jovens e Adultos \u00e9 uma modalidade de ensino direcionado para Jovens, Adultos e Idosos com a finalidade de oferecer uma nova oportunidade para aqueles que interromperam seus estudos na escola convencional. \u00c9 importante lembrar que estamos aprendendo constantemente, e o conhecimento \u00e9 algo que n\u00e3o requer idade, apenas exige determina\u00e7\u00e3o e vontade de aprender. Ainda estamos passando por uma pandemia, o que nos impossibilita de aulas presenciais, no entanto, as atividades continuar\u00e3o de forma remota e o munic\u00edpio distribuir\u00e1 Kits de Merenda Escolar, uma forma de minimizar os impactos da pandemia\u201d<\/em>.<\/p>\n","protected":false},"excerpt":{"rendered":"<p>A Prefeitura de Andorinha, atrav\u00e9s da Secretaria Municipal de Educa\u00e7\u00e3o, informa que j\u00e1 est\u00e3o abertas as matr\u00edculas para a Educa\u00e7\u00e3o de Jovens e Adultos (EJA). Jovens, Adultos e Idosos que n\u00e3o conclu\u00edram seus estudos e t\u00eam interesse em retomar a sua forma\u00e7\u00e3o, dever\u00e3o procurar a secretaria at\u00e9 o dia 26 de fevereiro, com a seguinte [&hellip;]<\/p>\n","protected":false},"author":2,"featured_media":54226,"comment_status":"open","ping_status":"open","sticky":false,"template":"","format":"standard","meta":{"_acf_changed":false,"_monsterinsights_skip_tracking":false,"_monsterinsights_sitenote_active":false,"_monsterinsights_sitenote_note":"","_monsterinsights_sitenote_category":0,"_jetpack_memberships_contains_paid_content":false,"footnotes":"","jetpack_publicize_message":"","jetpack_publicize_feature_enabled":true,"jetpack_social_post_already_shared":true,"jetpack_social_options":{"image_generator_settings":{"template":"highway","default_image_id":0,"font":"","enabled":false},"version":2}},"categories":[11],"tags":[],"class_list":["post-54225","post","type-post","status-publish","format-standard","has-post-thumbnail","hentry","category-regional"],"acf":[],"jetpack_publicize_connections":[],"jetpack_featured_media_url":"https:\/\/i0.wp.com\/blogdoeloiltoncajuhy.com.br\/site\/wp-content\/uploads\/2021\/02\/PMA_Matriculas-EJA-2021.jpeg?fit=800%2C960&ssl=1","jetpack_sharing_enabled":true,"publishpress_future_workflow_manual_trigger":{"enabledWorkflows":[]},"_links":{"self":[{"href":"https:\/\/blogdoeloiltoncajuhy.com.br\/site\/wp-json\/wp\/v2\/posts\/54225","targetHints":{"allow":["GET"]}}],"collection":[{"href":"https:\/\/blogdoeloiltoncajuhy.com.br\/site\/wp-json\/wp\/v2\/posts"}],"about":[{"href":"https:\/\/blogdoeloiltoncajuhy.com.br\/site\/wp-json\/wp\/v2\/types\/post"}],"author":[{"embeddable":true,"href":"https:\/\/blogdoeloiltoncajuhy.com.br\/site\/wp-json\/wp\/v2\/users\/2"}],"replies":[{"embeddable":true,"href":"https:\/\/blogdoeloiltoncajuhy.com.br\/site\/wp-json\/wp\/v2\/comments?post=54225"}],"version-history":[{"count":2,"href":"https:\/\/blogdoeloiltoncajuhy.com.br\/site\/wp-json\/wp\/v2\/posts\/54225\/revisions"}],"predecessor-version":[{"id":54228,"href":"https:\/\/blogdoeloiltoncajuhy.com.br\/site\/wp-json\/wp\/v2\/posts\/54225\/revisions\/54228"}],"wp:featuredmedia":[{"embeddable":true,"href":"https:\/\/blogdoeloiltoncajuhy.com.br\/site\/wp-json\/wp\/v2\/media\/54226"}],"wp:attachment":[{"href":"https:\/\/blogdoeloiltoncajuhy.com.br\/site\/wp-json\/wp\/v2\/media?parent=54225"}],"wp:term":[{"taxonomy":"category","embeddable":true,"href":"https:\/\/blogdoeloiltoncajuhy.com.br\/site\/wp-json\/wp\/v2\/categories?post=54225"},{"taxonomy":"post_tag","embeddable":true,"href":"https:\/\/blogdoeloiltoncajuhy.com.br\/site\/wp-json\/wp\/v2\/tags?post=54225"}],"curies":[{"name":"wp","href":"https:\/\/api.w.org\/{rel}","templated":true}]}}