{"id":54024,"date":"2021-02-18T11:41:25","date_gmt":"2021-02-18T14:41:25","guid":{"rendered":"http:\/\/blogdoeloiltoncajuhy.com.br\/site\/?p=54024"},"modified":"2021-02-18T11:41:26","modified_gmt":"2021-02-18T14:41:26","slug":"secretarias-de-educacao-e-cultura-de-andorinha-debatem-acoes-conjuntas","status":"publish","type":"post","link":"https:\/\/blogdoeloiltoncajuhy.com.br\/site\/secretarias-de-educacao-e-cultura-de-andorinha-debatem-acoes-conjuntas\/","title":{"rendered":"Secretarias de Educa\u00e7\u00e3o e Cultura de Andorinha debatem a\u00e7\u00f5es conjuntas"},"content":{"rendered":"\n<div class=\"wp-block-image\"><figure class=\"aligncenter size-large\"><img data-recalc-dims=\"1\" fetchpriority=\"high\" decoding=\"async\" width=\"800\" height=\"600\" src=\"https:\/\/i0.wp.com\/blogdoeloiltoncajuhy.com.br\/site\/wp-content\/uploads\/2021\/02\/PMA_AcoesSecretarias_01.jpg?resize=800%2C600\" alt=\"\" class=\"wp-image-54025\" srcset=\"https:\/\/i0.wp.com\/blogdoeloiltoncajuhy.com.br\/site\/wp-content\/uploads\/2021\/02\/PMA_AcoesSecretarias_01.jpg?w=960&amp;ssl=1 960w, https:\/\/i0.wp.com\/blogdoeloiltoncajuhy.com.br\/site\/wp-content\/uploads\/2021\/02\/PMA_AcoesSecretarias_01.jpg?resize=300%2C225&amp;ssl=1 300w, https:\/\/i0.wp.com\/blogdoeloiltoncajuhy.com.br\/site\/wp-content\/uploads\/2021\/02\/PMA_AcoesSecretarias_01.jpg?resize=768%2C576&amp;ssl=1 768w\" sizes=\"(max-width: 800px) 100vw, 800px\" \/><\/figure><\/div>\n\n\n\n<p>Na \u00faltima ter\u00e7a-feira (16), o secret\u00e1rio de Cultura, Adilberto Evangelista, e assessores reuniram-se com a secret\u00e1ria de Educa\u00e7\u00e3o, Lurdineia Almeida Guimar\u00e3es, com a finalidade de discutir e firmar parceria entre as secretarias.<\/p>\n\n\n\n<p>Uma das a\u00e7\u00f5es realizadas ser\u00e1 a implanta\u00e7\u00e3o do Centro Cultural de Andorinha. Com objetivo de preservar e enaltecer a cultura andorinhense, os secret\u00e1rios debateram ideias para seguir com essa conquista para o munic\u00edpio, al\u00e9m de auxiliar diretamente nesse fortalecimento.<\/p>\n\n\n\n<p>Foi destacado ainda que o espa\u00e7o tamb\u00e9m seria utilizado para levar lazer a toda popula\u00e7\u00e3o.<\/p>\n","protected":false},"excerpt":{"rendered":"<p>Na \u00faltima ter\u00e7a-feira (16), o secret\u00e1rio de Cultura, Adilberto Evangelista, e assessores reuniram-se com a secret\u00e1ria de Educa\u00e7\u00e3o, Lurdineia Almeida Guimar\u00e3es, com a finalidade de discutir e firmar parceria entre as secretarias. Uma das a\u00e7\u00f5es realizadas ser\u00e1 a implanta\u00e7\u00e3o do Centro Cultural de Andorinha. Com objetivo de preservar e enaltecer a cultura andorinhense, os secret\u00e1rios [&hellip;]<\/p>\n","protected":false},"author":2,"featured_media":54025,"comment_status":"open","ping_status":"open","sticky":false,"template":"","format":"standard","meta":{"_acf_changed":false,"_monsterinsights_skip_tracking":false,"_monsterinsights_sitenote_active":false,"_monsterinsights_sitenote_note":"","_monsterinsights_sitenote_category":0,"_jetpack_memberships_contains_paid_content":false,"footnotes":"","jetpack_publicize_message":"","jetpack_publicize_feature_enabled":true,"jetpack_social_post_already_shared":true,"jetpack_social_options":{"image_generator_settings":{"template":"highway","default_image_id":0,"font":"","enabled":false},"version":2}},"categories":[11],"tags":[],"class_list":["post-54024","post","type-post","status-publish","format-standard","has-post-thumbnail","hentry","category-regional"],"acf":[],"jetpack_publicize_connections":[],"jetpack_featured_media_url":"https:\/\/i0.wp.com\/blogdoeloiltoncajuhy.com.br\/site\/wp-content\/uploads\/2021\/02\/PMA_AcoesSecretarias_01.jpg?fit=960%2C720&ssl=1","jetpack_sharing_enabled":true,"publishpress_future_workflow_manual_trigger":{"enabledWorkflows":[]},"_links":{"self":[{"href":"https:\/\/blogdoeloiltoncajuhy.com.br\/site\/wp-json\/wp\/v2\/posts\/54024","targetHints":{"allow":["GET"]}}],"collection":[{"href":"https:\/\/blogdoeloiltoncajuhy.com.br\/site\/wp-json\/wp\/v2\/posts"}],"about":[{"href":"https:\/\/blogdoeloiltoncajuhy.com.br\/site\/wp-json\/wp\/v2\/types\/post"}],"author":[{"embeddable":true,"href":"https:\/\/blogdoeloiltoncajuhy.com.br\/site\/wp-json\/wp\/v2\/users\/2"}],"replies":[{"embeddable":true,"href":"https:\/\/blogdoeloiltoncajuhy.com.br\/site\/wp-json\/wp\/v2\/comments?post=54024"}],"version-history":[{"count":2,"href":"https:\/\/blogdoeloiltoncajuhy.com.br\/site\/wp-json\/wp\/v2\/posts\/54024\/revisions"}],"predecessor-version":[{"id":54027,"href":"https:\/\/blogdoeloiltoncajuhy.com.br\/site\/wp-json\/wp\/v2\/posts\/54024\/revisions\/54027"}],"wp:featuredmedia":[{"embeddable":true,"href":"https:\/\/blogdoeloiltoncajuhy.com.br\/site\/wp-json\/wp\/v2\/media\/54025"}],"wp:attachment":[{"href":"https:\/\/blogdoeloiltoncajuhy.com.br\/site\/wp-json\/wp\/v2\/media?parent=54024"}],"wp:term":[{"taxonomy":"category","embeddable":true,"href":"https:\/\/blogdoeloiltoncajuhy.com.br\/site\/wp-json\/wp\/v2\/categories?post=54024"},{"taxonomy":"post_tag","embeddable":true,"href":"https:\/\/blogdoeloiltoncajuhy.com.br\/site\/wp-json\/wp\/v2\/tags?post=54024"}],"curies":[{"name":"wp","href":"https:\/\/api.w.org\/{rel}","templated":true}]}}